{"id":29738,"date":"2019-07-01T00:00:00","date_gmt":"2019-06-30T23:00:00","guid":{"rendered":"https:\/\/imagazine.it\/?p=29738"},"modified":"2019-07-01T00:00:00","modified_gmt":"2019-06-30T23:00:00","slug":"i-bambini-tramandano-i-luoghi-di-grado","status":"publish","type":"post","link":"https:\/\/imagazine.it\/home_desk\/i-bambini-tramandano-i-luoghi-di-grado\/","title":{"rendered":"I bambini tramandano i luoghi di Grado"},"content":{"rendered":"<p>Da diversi anni l&#39;<u><a href=\"http:\/\/www.imagazine.it\/notizie-trieste-gorizia-udine-friuli\/6259\" target=\"_blank\" rel=\"noopener\">artista gradese <strong>Dino Facchinetti<\/strong><\/a><\/u> segue i bambini della scuola dell&#39;infanzia parrocchiale \u201cL. Rizzo\u201d di Grado. Con i piccoli iscritti all\u2019ultimo anno, \u00e8 tradizione andare alla scoperta della citt\u00e0 che abitano: Facchinetti li conduce a osservare i luoghi della citt\u00e0 vecchia per poi trasferirli in bellissimi disegni.<\/p>\n<p>Questo \u00e8 reso possibile dalla fattiva collaborazione dell&#39;artista che segue passo a passo i bambini dispensando degli utili consigli e dalla disponibilit\u00e0 delle insegnanti. Il tema su cui lavorare cambia di\u00a0 anno in anno e i lavori alla fine del percorso vengono plastificati ed esposti in Campo dei Patriarchi, affinch\u00e9 i turisti e i residenti li possano ammirare.<\/p>\n<p>Per il 2019 Dino Facchinetti e i bambini si sono spostati sull&#39;Isola di Barbana.<\/p>\n<p>Emozionante \u00e8 stato il momento in cui l&#39;arista Facchinetti ha scoperto le opere tra l&#39;entusiasmo dei piccoli autori e gli sguardi di ammirazione dei genitori e dei passanti. I lavori rimarranno esposti per tutto l&#39;anno per essere poi sostituiti da quelli nuovi non appena saranno pronti.<\/p>\n<p>Un qualcosa di diverso: quando si passa da quelle parti, merita davvero fermarsi a osservare. Bravi.<\/p>\n","protected":false},"excerpt":{"rendered":"<p>Iniziativa della Scuola parrocchiale dell&#8217;infanzia<\/p>\n","protected":false},"author":12,"featured_media":29739,"comment_status":"closed","ping_status":"closed","sticky":false,"template":"","format":"standard","meta":{"dwc-title":[],"dwc-content":[],"footnotes":""},"categories":[5],"tags":[],"class_list":["post-29738","post","type-post","status-publish","format-standard","has-post-thumbnail","hentry","category-attualita"],"rttpg_featured_image_url":{"full":["https:\/\/imagazine.it\/wp-content\/uploads\/2024\/01\/30216-1.webp",750,500,false],"landscape":["https:\/\/imagazine.it\/wp-content\/uploads\/2024\/01\/30216-1.webp",750,500,false],"portraits":["https:\/\/imagazine.it\/wp-content\/uploads\/2024\/01\/30216-1.webp",750,500,false],"thumbnail":["https:\/\/imagazine.it\/wp-content\/uploads\/2024\/01\/30216-1-150x150.webp",150,150,true],"medium":["https:\/\/imagazine.it\/wp-content\/uploads\/2024\/01\/30216-1-300x200.webp",300,200,true],"large":["https:\/\/imagazine.it\/wp-content\/uploads\/2024\/01\/30216-1.webp",640,427,false],"thumblist":["https:\/\/imagazine.it\/wp-content\/uploads\/2024\/01\/30216-1.webp",300,200,false],"thumbrelated":["https:\/\/imagazine.it\/wp-content\/uploads\/2024\/01\/30216-1.webp",500,333,false],"meccarouselthumb":["https:\/\/imagazine.it\/wp-content\/uploads\/2024\/01\/30216-1.webp",474,316,false],"gridsquare":["https:\/\/imagazine.it\/wp-content\/uploads\/2024\/01\/30216-1.webp",391,260,false],"tileview":["https:\/\/imagazine.it\/wp-content\/uploads\/2024\/01\/30216-1.webp",300,200,false],"1536x1536":["https:\/\/imagazine.it\/wp-content\/uploads\/2024\/01\/30216-1.webp",750,500,false],"2048x2048":["https:\/\/imagazine.it\/wp-content\/uploads\/2024\/01\/30216-1.webp",750,500,false],"newsup-slider-full":["https:\/\/imagazine.it\/wp-content\/uploads\/2024\/01\/30216-1.webp",750,500,false],"newsup-featured":["https:\/\/imagazine.it\/wp-content\/uploads\/2024\/01\/30216-1.webp",750,500,false],"newsup-medium":["https:\/\/imagazine.it\/wp-content\/uploads\/2024\/01\/30216-1-720x380.webp",720,380,true],"tptn_thumbnail":["https:\/\/imagazine.it\/wp-content\/uploads\/2024\/01\/30216-1.webp",250,167,false],"sow-carousel-default":["https:\/\/imagazine.it\/wp-content\/uploads\/2024\/01\/30216-1-272x182.webp",272,182,true]},"rttpg_author":{"display_name":"Claudio Pizzin","author_link":"https:\/\/imagazine.it\/home_desk\/author\/pizzin\/"},"rttpg_comment":0,"rttpg_category":"<a href=\"https:\/\/imagazine.it\/home_desk\/category\/attualita\/\" rel=\"category tag\">ATTUALIT\u00c0<\/a>","rttpg_excerpt":"Iniziativa della Scuola parrocchiale dell'infanzia","_links":{"self":[{"href":"https:\/\/imagazine.it\/home_desk\/wp-json\/wp\/v2\/posts\/29738","targetHints":{"allow":["GET"]}}],"collection":[{"href":"https:\/\/imagazine.it\/home_desk\/wp-json\/wp\/v2\/posts"}],"about":[{"href":"https:\/\/imagazine.it\/home_desk\/wp-json\/wp\/v2\/types\/post"}],"author":[{"embeddable":true,"href":"https:\/\/imagazine.it\/home_desk\/wp-json\/wp\/v2\/users\/12"}],"replies":[{"embeddable":true,"href":"https:\/\/imagazine.it\/home_desk\/wp-json\/wp\/v2\/comments?post=29738"}],"version-history":[{"count":0,"href":"https:\/\/imagazine.it\/home_desk\/wp-json\/wp\/v2\/posts\/29738\/revisions"}],"wp:featuredmedia":[{"embeddable":true,"href":"https:\/\/imagazine.it\/home_desk\/wp-json\/wp\/v2\/media\/29739"}],"wp:attachment":[{"href":"https:\/\/imagazine.it\/home_desk\/wp-json\/wp\/v2\/media?parent=29738"}],"wp:term":[{"taxonomy":"category","embeddable":true,"href":"https:\/\/imagazine.it\/home_desk\/wp-json\/wp\/v2\/categories?post=29738"},{"taxonomy":"post_tag","embeddable":true,"href":"https:\/\/imagazine.it\/home_desk\/wp-json\/wp\/v2\/tags?post=29738"}],"curies":[{"name":"wp","href":"https:\/\/api.w.org\/{rel}","templated":true}]}}