{"id":29720,"date":"2019-06-26T00:00:00","date_gmt":"2019-06-25T23:00:00","guid":{"rendered":"https:\/\/imagazine.it\/?p=29720"},"modified":"2019-06-26T00:00:00","modified_gmt":"2019-06-25T23:00:00","slug":"i-quarantanni-di-uneccellenza-friulana","status":"publish","type":"post","link":"https:\/\/imagazine.it\/home_desk\/i-quarantanni-di-uneccellenza-friulana\/","title":{"rendered":"I quarant&#8217;anni di un&#8217;eccellenza friulana"},"content":{"rendered":"<p>Taglia un traguardo importante il coro V\u00f4s de Mont di Tricesimo, raro esempio di coro d&#39;autore: nel 2019 ricorre infatti il quarantesimo di fondazione di un&#39;eccellenza paradossalmente pi\u00f9 nota su scala nazionale che locale, come attestano gli sforzi economici che varie realt\u00e0 corali italiane sostengono per poterla avere ospite.<\/p>\n<p>Per celebrare il compleanno della formazione, nata nel 1979 su impulso del maestro <strong>Marco Maiero<\/strong>, sono stati organizzati due eventi: il primo \u00e8 in calendario per <strong>sabato 29 giugno<\/strong>, nel Duomo di Tricesimo, dove alle 20.30 verr\u00e0 proposto un concerto con brani che ripercorrono la storia musicale del coro; il giorno successivo, <strong>domenica 30 giugno<\/strong>, le celebrazioni toccheranno poi il culmine nella cornice naturale dei Piani del Montasio, scenario di un\u2019esibizione en plein air, battezzata \u201cSui prati sotto Sieris\u201d. Parteciperanno al concerto alcuni cori amici, che insieme al protagonista della giornata intoneranno i brani\u00a0di Maiero \u201cCercheremo\u201d, \u201cDove\u201d, \u201cSotto Sieris\u201d, appunto,\u00a0e \u201cSul volo chiaro\u201d.<\/p>\n<p>Il programma della manifestazione si aprir\u00e0 alle 11, con il ritrovo ai Piani del Montasio; la performance corale inizier\u00e0 un&#39;ora pi\u00f9 tardi.<\/p>\n<p>Dall\u2019amore per il canto del compositore Marco Maiero nasce, nel 1979, il Coro Vos de Mont, che sotto la direzione del maestro inizia l\u2019attivit\u00e0 eseguendo note villotte friulane e celebri canti di montagna. Il repertorio, tuttavia, si allarga in fretta, perch\u00e9 fin da subito Maiero inizia a comporre nuovi canti per coro, scrivendo sia i testi che la musica: le sue composizioni confluiscono gi\u00e0 nel primo disco, \u201cAnin insieme\u201d (1987). Nel 1996 esce una seconda raccolta, \u201cAlbadis\u201d, il primo album che annovera esclusivamente canti di Marco Maiero, il quale negli anni successivi inizier\u00e0 a raccogliere riconoscimenti a livello nazionale. La qualit\u00e0 vocale del gruppo aumenta grazie al contributo di alcuni specialisti del settore e ci\u00f2 permette a Maiero di sperimentare felicemente nuovi linguaggi sonori: prendono cos\u00ec forma brani quali <em>Mate\u00e7s<\/em>, <em>Fontanis<\/em>, <em>Segno di san Marc<\/em> e, in seguito, <em>KZ<\/em>, <em>Sbilfs<\/em>, <em>Respiro e canzone<\/em>, <em>Bosco<\/em>, <em>Ma chi sei?<\/em>, <em>Radici di vento<\/em>. Altri sei album escono negli anni successivi: l&#39;ultimo lavoro, \u201cBivacchi e fuochi\u201d, \u00e8 del 2018 e comprende, oltre a canti ispirati alla Grande Guerra, un omaggio al grande alpinista Walter Bonatti, protagonista di memorabili imprese. A lui \u00e8 dedicato il brano \u201cSolo\u201d.<\/p>\n<p>\u00a0<\/p>\n<p><strong>Marco Maiero<\/strong> &#8211; Fra Marco Maiero e la sua creatura, il coro V\u00f4s de Mont, il connubio \u00e8 insolubile: il maestro scrive le partiture e la formazione d\u00e0 voce, espressione ed emozione a note e parole. Ci si trova davanti, insomma, a un rarissimo esempio di coro d\u2019autore. Difficile definire in maniera esaustiva la musica di Maiero, che oscilla fra le sonorit\u00e0 di montagna, i canti popolari, la polifonia: quel che \u00e8 certo, per\u00f2, \u00e8 che le sue note arrivano al cuore di chi le ascolta. Grazie al V\u00f4s de Mont il Friuli e la sua lingua, la marilenghe, sono arrivate all&#39;orecchio di migliaia di coristi, sia in Italia che all\u2019estero. Vi sono realt\u00e0 corali che organizzano lunghe trasferte in pullman pur di ascoltare dal vivo i concerti del gruppo. Basta visitare YouTube per constatare quanti siano i cori che cantano le canzoni di Maiero. Nato a Tricesimo nel 1956, nel 1981 Marco Maiero &#8211; che insegna educazione musicale alla scuola media &#8211; si \u00e8 diplomato in trombone al Conservatorio Tomadini di Udine. L\u2019inizio del suo percorso nell\u2019ambito della musica corale \u00e8 strettamente collegato agli insegnamenti del maestro\u00a0Bepi De Marzi.\u00a0I testi delle composizioni che firma hanno sempre trovato luce e ispirazione nei colori della terra e della storia friulana, senza peraltro rimanere necessariamente vincolati all&#39;uso della lingua locale.\u00a0<\/p>\n","protected":false},"excerpt":{"rendered":"<p>Il coro V\u00f4s de Mont<\/p>\n","protected":false},"author":28,"featured_media":29721,"comment_status":"closed","ping_status":"closed","sticky":false,"template":"","format":"standard","meta":{"dwc-title":[],"dwc-content":[],"footnotes":""},"categories":[37],"tags":[],"class_list":["post-29720","post","type-post","status-publish","format-standard","has-post-thumbnail","hentry","category-cultura-e-spettacolo"],"rttpg_featured_image_url":{"full":["https:\/\/imagazine.it\/wp-content\/uploads\/2024\/01\/30161-1.webp",750,500,false],"landscape":["https:\/\/imagazine.it\/wp-content\/uploads\/2024\/01\/30161-1.webp",750,500,false],"portraits":["https:\/\/imagazine.it\/wp-content\/uploads\/2024\/01\/30161-1.webp",750,500,false],"thumbnail":["https:\/\/imagazine.it\/wp-content\/uploads\/2024\/01\/30161-1-150x150.webp",150,150,true],"medium":["https:\/\/imagazine.it\/wp-content\/uploads\/2024\/01\/30161-1-300x200.webp",300,200,true],"large":["https:\/\/imagazine.it\/wp-content\/uploads\/2024\/01\/30161-1.webp",640,427,false],"thumblist":["https:\/\/imagazine.it\/wp-content\/uploads\/2024\/01\/30161-1.webp",300,200,false],"thumbrelated":["https:\/\/imagazine.it\/wp-content\/uploads\/2024\/01\/30161-1.webp",500,333,false],"meccarouselthumb":["https:\/\/imagazine.it\/wp-content\/uploads\/2024\/01\/30161-1.webp",474,316,false],"gridsquare":["https:\/\/imagazine.it\/wp-content\/uploads\/2024\/01\/30161-1.webp",391,260,false],"tileview":["https:\/\/imagazine.it\/wp-content\/uploads\/2024\/01\/30161-1.webp",300,200,false],"1536x1536":["https:\/\/imagazine.it\/wp-content\/uploads\/2024\/01\/30161-1.webp",750,500,false],"2048x2048":["https:\/\/imagazine.it\/wp-content\/uploads\/2024\/01\/30161-1.webp",750,500,false],"newsup-slider-full":["https:\/\/imagazine.it\/wp-content\/uploads\/2024\/01\/30161-1.webp",750,500,false],"newsup-featured":["https:\/\/imagazine.it\/wp-content\/uploads\/2024\/01\/30161-1.webp",750,500,false],"newsup-medium":["https:\/\/imagazine.it\/wp-content\/uploads\/2024\/01\/30161-1-720x380.webp",720,380,true],"tptn_thumbnail":["https:\/\/imagazine.it\/wp-content\/uploads\/2024\/01\/30161-1.webp",250,167,false],"sow-carousel-default":["https:\/\/imagazine.it\/wp-content\/uploads\/2024\/01\/30161-1-272x182.webp",272,182,true]},"rttpg_author":{"display_name":"redazione","author_link":"https:\/\/imagazine.it\/home_desk\/author\/redazione\/"},"rttpg_comment":0,"rttpg_category":"<a href=\"https:\/\/imagazine.it\/home_desk\/category\/cultura-e-spettacolo\/\" rel=\"category tag\">CULTURA&amp;SPETTACOLO<\/a>","rttpg_excerpt":"Il coro V\u00f4s de Mont","_links":{"self":[{"href":"https:\/\/imagazine.it\/home_desk\/wp-json\/wp\/v2\/posts\/29720","targetHints":{"allow":["GET"]}}],"collection":[{"href":"https:\/\/imagazine.it\/home_desk\/wp-json\/wp\/v2\/posts"}],"about":[{"href":"https:\/\/imagazine.it\/home_desk\/wp-json\/wp\/v2\/types\/post"}],"author":[{"embeddable":true,"href":"https:\/\/imagazine.it\/home_desk\/wp-json\/wp\/v2\/users\/28"}],"replies":[{"embeddable":true,"href":"https:\/\/imagazine.it\/home_desk\/wp-json\/wp\/v2\/comments?post=29720"}],"version-history":[{"count":0,"href":"https:\/\/imagazine.it\/home_desk\/wp-json\/wp\/v2\/posts\/29720\/revisions"}],"wp:featuredmedia":[{"embeddable":true,"href":"https:\/\/imagazine.it\/home_desk\/wp-json\/wp\/v2\/media\/29721"}],"wp:attachment":[{"href":"https:\/\/imagazine.it\/home_desk\/wp-json\/wp\/v2\/media?parent=29720"}],"wp:term":[{"taxonomy":"category","embeddable":true,"href":"https:\/\/imagazine.it\/home_desk\/wp-json\/wp\/v2\/categories?post=29720"},{"taxonomy":"post_tag","embeddable":true,"href":"https:\/\/imagazine.it\/home_desk\/wp-json\/wp\/v2\/tags?post=29720"}],"curies":[{"name":"wp","href":"https:\/\/api.w.org\/{rel}","templated":true}]}}