{"id":29692,"date":"2019-06-21T00:00:00","date_gmt":"2019-06-20T23:00:00","guid":{"rendered":"https:\/\/imagazine.it\/?p=29692"},"modified":"2019-06-21T00:00:00","modified_gmt":"2019-06-20T23:00:00","slug":"trieste-un-sardon-barcolano-con-la-plastica-riciclata","status":"publish","type":"post","link":"https:\/\/imagazine.it\/home_desk\/trieste-un-sardon-barcolano-con-la-plastica-riciclata\/","title":{"rendered":"Trieste, un &#8220;Sardon Barcolano&#8221; con la plastica riciclata"},"content":{"rendered":"<p>Insieme, \u201cdalla pARTE del MARE\u201d. Insieme per lanciare un messaggio di supporto all\u2019ambiente, per sostenere la raccolta differenziata delle plastiche, e per trasformare gli scarti in bellezza e arte. \u00c8 questo il progetto di Barcolana assieme ad AcegasApsAmga, Herambiente (entrambe societ\u00e0 del Gruppo Hera) e a Despar, Comune di Trieste e Regione FVG, che hanno presentato oggi l\u2019iniziativa in vista di Barcolana51.<\/p>\n<p>\u201cDalla pARTE del MARE\u201d \u00e8 un progetto artistico che coinvolge tutti coloro che questa estate avranno in mano un flacone usato o una bottiglia d\u2019acqua vuota: questo scarto, prima che si trasformi in rifiuto, potr\u00e0 avere una nuova vita. Portandolo &#8211; pulito &#8211; in uno dei punti vendita Despar che aderiscono all\u2019iniziativa, potr\u00e0 essere recuperato e trasformato grazie al lavoro di SCART, il progetto di Herambiente, in collaborazione con l\u2019Accademia di Belle Arti di Firenze, che trasforma in opere d\u2019arte oggetti che non utilizziamo pi\u00f9.<\/p>\n<p>Con i flaconi di plastica usati e con le bottiglie d\u2019acqua vuote, infatti, SCART realizzer\u00e0 in tempo per Barcolana una installazione artistica che sar\u00e0 il simbolo di questa edizione dell\u2019evento, per ricordare a tutti che la\u00a0 plastica va utilizzata fino in fondo, in pi\u00f9 modi possibili e per pi\u00f9 tempo possibile, e solo alla fine conferita nella raccolta differenziata.<\/p>\n<p>\u201c<em>Dalla pARTE del MARE\u201d<\/em>\u00a0&#8211; spiega il presidente della Societ\u00e0 Velica di Barcola e Grignano, circolo velico che organizza la Barcolana,\u00a0<strong>Mitja Gialuz<\/strong>\u00a0&#8211;\u00a0<em>\u00e8 un progetto che abbiamo ideato e del quale ci siamo innamorati al punto di coinvolgere davvero tutti: vuole essere un grande simbolo di lavoro comune, capacit\u00e0 di costruire un messaggio condiviso in attesa di Barcolana. Insieme costruiremo un grande pesce, una installazione che chiederemo al Comune di posizionare in piazza Unit\u00e0 durante Barcolana, perch\u00e9 sia chiaro a tutti che la plastica va utilizzata, riutilizzata, utilizzata ancora, e solo dopo conferita, e sicuramente non dove finire nell\u2019ambiente e in mare\u201d.\u00a0<\/em><\/p>\n<p><strong>Gialuz<\/strong>\u00a0ha ringraziato AcegasApsAmga, il Gruppo Hera e Despar per aver immediatamente aderito all\u2019iniziativa e aver \u201c<em>fatto proprio il progetto, permettendo di trasformare un\u2019idea di una azione condivisa in cui tutti investono risorse a vantaggio di un messaggio condiviso<\/em>\u201d, il Comune di Trieste e la Regione FVG \u201c<em>per aver manifestato entusiasmo e aver aderito subito e con grande spirito di iniziativa a questo progetto e in generale a tutte le iniziative ambientali di Barcolana51 che saranno identificate dall\u2019hashtag #UnplasticTrieste, quasi un grido di battaglia per condividere un impegno comune a favore dell\u2019ambiente<\/em>\u201d.<\/p>\n<p>E il pesce che gli artisti di SCART realizzeranno con le bottiglie e i flaconi dei triestini non poteva che essere un sardon barcolano, gi\u00e0 con il proprio nome di battesimo: Alice (pronunciato all\u2019inglese, \u201cAlis\u201d\u00a0 (\u02c8\u00e6l\u026as), in onore di tutti gli ospiti internazionali della Barcolana). Il Sardon Alice avr\u00e0 oltre dieci metri di lunghezza, e sar\u00e0 completamente fatto di plastica conferita dai triestini e recuperata: una installazione-manifesto in totale spirito barcolano, che i triestini contribuiranno a realizzare a partire dal 7 luglio, quando inizier\u00e0 la raccolta nei Punti vendita Despar, dove saranno posizionati degli speciali contenitori che stanno tutti \u201cdalla pARTE del MARE\u201d.<\/p>\n<p>Il progetto \u201cDalla pARTE del MARE\u201d sar\u00e0 completato dall\u2019arrivo a Trieste, durante i giorni di Barcolana, della mostra SCART, una collezione di opere d\u2019arte interamente realizzate con materiale di scarto (dal legno, alla plastica, passando per tessuti, cartone e metalli) che vedr\u00e0 il chiostro del palazzo della Regione in piazza Unit\u00e0 popolato di installazioni di uomini e animali, affiancati da giganteschi quadri di personaggi celebri, tutti rigorosamente prodotti riciclando materiali.<\/p>\n<p><a href=\"http:\/\/imagazinevideotruck.it\/outlet\/relink.html\" target=\"_top\" rel=\"noopener\"><img loading=\"lazy\" decoding=\"async\" align=\"LEFT\" height=\"250\" src=\"http:\/\/imagazinevideotruck.it\/outlet\/outlet30.gif\" width=\"300\" alt=\"\" title=\"\"><\/a><\/p>\n<p>\u00a0<\/p>\n<p>\u00a0<\/p>\n<p>\u00a0<\/p>\n<p>\u00a0<\/p>\n<p>\u00a0<\/p>\n<p>\u00a0<\/p>\n<p>\u00a0<\/p>\n<p>\u00a0<\/p>\n<p>\u00a0<\/p>\n<p>\u201c<em>Il progetto ha una valenza straordinaria non solo per Barcolana, ma per l\u2019intera citt\u00e0<\/em>\u00a0\u2013 spiega\u00a0<strong>Roberto Gasparetto<\/strong>, amministratore delegato di AcegasApsAmga. \u201c<em>Grazie alla potenza dell\u2019arte e allo straordinario traino mediatico che \u00e8 in grado di suscitare Barcolana, promuove infatti la consapevolezza dell\u2019importanza dell\u2019economia circolare, su cui il Gruppo Hera \u00e8 quotidianamente impegnato, strumento indispensabile per la tutela del mare e delle biodiversit\u00e0. Credo inoltre sia del tutto positiva la sinergia che si \u00e8 creata fra soggetti pubblici e privati del territorio, attorno a questa grande iniziativa<\/em>\u201d.<\/p>\n<p>La raccolta inizia il 7 luglio, e va avanti fino al 9 agosto: un mese per conferire in maniera semplice i flaconi blu, trasparenti, grigi e bianchi negli speciali contenitori posti nei negozi Despar. AcegasApsAmga li raccoglier\u00e0, li porter\u00e0 agli artisti nel quartier generale di SCART che realizzeranno il Sardon Alice in tempo per l\u2019inaugurazione di Barcolana, venerd\u00ec 4 ottobre.\u00a0<\/p>\n<p>\u201cDalla pARTE del MARE\u201d fa parte di un progetto pi\u00f9 grande che, via via, nel corso dell\u2019estate, Barcolana racconter\u00e0 ai triestini, sempre legato al supporto delle attivit\u00e0 contro l\u2019abbandono delle plastiche in mare: \u201c<em>Il nostro progetto<\/em>\u00a0&#8211; ha spiegato ancora\u00a0<strong>Gialuz<\/strong>\u00a0&#8211;\u00a0<em>si chiama #UnPlasticTrieste e rientra in un preciso filone di attivit\u00e0 educative, artistiche, culturali e scientifiche che Barcolana porta avanti da adesso a ottobre, per sensibilizzare sul tema del recupero delle plastiche dal mare. Cominciamo con il progetto per la costruzione di Alice, che diventa il nostro simbolo, ma lavoriamo su tanti fronti, insieme a tante realt\u00e0, dagli assessorati all\u2019ambiente di Regione e Comune all\u2019Arpa FVG con il suo laboratorio LaRea, Fondazione One Ocean, WWF, altre aziende che investono in Barcolana e che stanno sviluppando progetti ambientali in sinergia con noi<\/em>\u201d.<\/p>\n","protected":false},"excerpt":{"rendered":"<p>Presentato il progetto \u201cdalla pARTE del MARE\u201d<\/p>\n","protected":false},"author":28,"featured_media":29693,"comment_status":"closed","ping_status":"closed","sticky":false,"template":"","format":"standard","meta":{"dwc-title":[],"dwc-content":[],"footnotes":""},"categories":[5],"tags":[],"class_list":["post-29692","post","type-post","status-publish","format-standard","has-post-thumbnail","hentry","category-attualita"],"rttpg_featured_image_url":{"full":["https:\/\/imagazine.it\/wp-content\/uploads\/2024\/01\/30131-1.webp",750,500,false],"landscape":["https:\/\/imagazine.it\/wp-content\/uploads\/2024\/01\/30131-1.webp",750,500,false],"portraits":["https:\/\/imagazine.it\/wp-content\/uploads\/2024\/01\/30131-1.webp",750,500,false],"thumbnail":["https:\/\/imagazine.it\/wp-content\/uploads\/2024\/01\/30131-1-150x150.webp",150,150,true],"medium":["https:\/\/imagazine.it\/wp-content\/uploads\/2024\/01\/30131-1-300x200.webp",300,200,true],"large":["https:\/\/imagazine.it\/wp-content\/uploads\/2024\/01\/30131-1.webp",640,427,false],"thumblist":["https:\/\/imagazine.it\/wp-content\/uploads\/2024\/01\/30131-1.webp",300,200,false],"thumbrelated":["https:\/\/imagazine.it\/wp-content\/uploads\/2024\/01\/30131-1.webp",500,333,false],"meccarouselthumb":["https:\/\/imagazine.it\/wp-content\/uploads\/2024\/01\/30131-1.webp",474,316,false],"gridsquare":["https:\/\/imagazine.it\/wp-content\/uploads\/2024\/01\/30131-1.webp",391,260,false],"tileview":["https:\/\/imagazine.it\/wp-content\/uploads\/2024\/01\/30131-1.webp",300,200,false],"1536x1536":["https:\/\/imagazine.it\/wp-content\/uploads\/2024\/01\/30131-1.webp",750,500,false],"2048x2048":["https:\/\/imagazine.it\/wp-content\/uploads\/2024\/01\/30131-1.webp",750,500,false],"newsup-slider-full":["https:\/\/imagazine.it\/wp-content\/uploads\/2024\/01\/30131-1.webp",750,500,false],"newsup-featured":["https:\/\/imagazine.it\/wp-content\/uploads\/2024\/01\/30131-1.webp",750,500,false],"newsup-medium":["https:\/\/imagazine.it\/wp-content\/uploads\/2024\/01\/30131-1-720x380.webp",720,380,true],"tptn_thumbnail":["https:\/\/imagazine.it\/wp-content\/uploads\/2024\/01\/30131-1.webp",250,167,false],"sow-carousel-default":["https:\/\/imagazine.it\/wp-content\/uploads\/2024\/01\/30131-1-272x182.webp",272,182,true]},"rttpg_author":{"display_name":"redazione","author_link":"https:\/\/imagazine.it\/home_desk\/author\/redazione\/"},"rttpg_comment":0,"rttpg_category":"<a href=\"https:\/\/imagazine.it\/home_desk\/category\/attualita\/\" rel=\"category tag\">ATTUALIT\u00c0<\/a>","rttpg_excerpt":"Presentato il progetto \u201cdalla pARTE del MARE\u201d","_links":{"self":[{"href":"https:\/\/imagazine.it\/home_desk\/wp-json\/wp\/v2\/posts\/29692","targetHints":{"allow":["GET"]}}],"collection":[{"href":"https:\/\/imagazine.it\/home_desk\/wp-json\/wp\/v2\/posts"}],"about":[{"href":"https:\/\/imagazine.it\/home_desk\/wp-json\/wp\/v2\/types\/post"}],"author":[{"embeddable":true,"href":"https:\/\/imagazine.it\/home_desk\/wp-json\/wp\/v2\/users\/28"}],"replies":[{"embeddable":true,"href":"https:\/\/imagazine.it\/home_desk\/wp-json\/wp\/v2\/comments?post=29692"}],"version-history":[{"count":0,"href":"https:\/\/imagazine.it\/home_desk\/wp-json\/wp\/v2\/posts\/29692\/revisions"}],"wp:featuredmedia":[{"embeddable":true,"href":"https:\/\/imagazine.it\/home_desk\/wp-json\/wp\/v2\/media\/29693"}],"wp:attachment":[{"href":"https:\/\/imagazine.it\/home_desk\/wp-json\/wp\/v2\/media?parent=29692"}],"wp:term":[{"taxonomy":"category","embeddable":true,"href":"https:\/\/imagazine.it\/home_desk\/wp-json\/wp\/v2\/categories?post=29692"},{"taxonomy":"post_tag","embeddable":true,"href":"https:\/\/imagazine.it\/home_desk\/wp-json\/wp\/v2\/tags?post=29692"}],"curies":[{"name":"wp","href":"https:\/\/api.w.org\/{rel}","templated":true}]}}