{"id":29678,"date":"2019-06-19T00:00:00","date_gmt":"2019-06-18T23:00:00","guid":{"rendered":"https:\/\/imagazine.it\/?p=29678"},"modified":"2019-06-19T00:00:00","modified_gmt":"2019-06-18T23:00:00","slug":"un-weekend-con-le-eccellenze-musicali-di-monfalcone","status":"publish","type":"post","link":"https:\/\/imagazine.it\/home_desk\/un-weekend-con-le-eccellenze-musicali-di-monfalcone\/","title":{"rendered":"Un weekend con le eccellenze musicali di Monfalcone"},"content":{"rendered":"<p>Un fine settimana dedicato alla musica di ogni genere e per tutte le et\u00e0 \u00e8 in programma a Monfalcone da venerd\u00ec 21 a domenica 23 giugno. Il calendario di appuntamenti \u00e8 stato presentato oggi nella Sala del Consiglio Comunale, dal sindaco <strong>Anna Maria Cisint<\/strong> insieme a <strong>Luca Fasan<\/strong>, assessore al rilancio del commercio, marketing territoriale e sviluppo turistico, eventi, presenti <strong>Gilda Aloisio<\/strong>, Presidente della Consulta Cultura, e <strong>Gabriele Medeot<\/strong> per Cam Arte &#038; Musica.<\/p>\n<p>La <strong>IV edizione della Festa delle Musica<\/strong>, promossa dal <strong>Comune di Monfalcone<\/strong> quale citt\u00e0 partner nell\u2019ambito di un circuito nazionale e internazionale, propone anche quest\u2019anno un calendario di appuntamenti organizzati, nel cuore della citt\u00e0 e a Marina Julia, <strong>con la collaborazione della Consulta Cultura.<\/strong><\/p>\n<p>Obiettivo della manifestazione \u2013 che si terr\u00e0 nella giornata del solstizio d\u2019estate, <strong>venerd\u00ec 21 giugno, dall\u2019alba in poi<\/strong> \u2013 \u00e8 valorizzare le attivit\u00e0 di tutti coloro che fanno musica sul territorio, sia dal punto di vista professionale che amatoriale.<\/p>\n<p>La <strong>Festa della Musica<\/strong> si aprir\u00e0 alle 4 del mattino, a <strong>Marina Julia<\/strong>, con la musica di <em>Rainbow of Magic Harpe<\/em>, per proseguire poi in altri luoghi del territorio di Monfalcone fino a tarda sera (chiusura alle 22 con la Banda Civica Citt\u00e0 di Monfalcone in piazza della Repubblica) con la proposta di <strong>concerti ed esibizioni gratuite all\u2019aperto<\/strong>.<\/p>\n<p><a href=\"http:\/\/imagazinevideotruck.it\/outlet\/relink.html\" target=\"_top\" rel=\"noopener\"><img loading=\"lazy\" decoding=\"async\" align=\"LEFT\" height=\"250\" src=\"http:\/\/imagazinevideotruck.it\/outlet\/outlet30.gif\" width=\"300\" alt=\"\" title=\"\"><\/a><\/p>\n<p>\u00a0<\/p>\n<p>\u00a0<\/p>\n<p>\u00a0<\/p>\n<p>\u00a0<\/p>\n<p>\u00a0<\/p>\n<p>\u00a0<\/p>\n<p>\u00a0<\/p>\n<p>\u00a0<\/p>\n<p>\u00a0<\/p>\n<p>Alle 10.30, nel Centro Anziani si esibir\u00e0 l\u2019Associazione Doremifarte; alle 17 al Centro Giovani l\u2019Associazione World music; alle 18 l\u2019appuntamento sar\u00e0 in Area Verde con Cam Arte &#038; Musica e, alla stessa ora, in Piazza Cavour si esibiranno Star\u0161i Ensemble, il Coro Universit\u00e0 della Terza Et\u00e0, il Coro Cai, Voci di Donna e il Coro Ermes Grion citt\u00e0 di Monfalcone.<\/p>\n<p>Alle 20.30, in Piazza Falcone Borsellino, i concerti del Piccolo Coro di Monfalcone, dell\u2019Istituto di musica A. Vivaldi, del Gruppo Corale Overtwelve del Piccolo Coro di Monfalcone; alle 21, in piazza dell\u2019Unit\u00e0 d\u2019Italia, andr\u00e0 in scena l\u2019esibizione degli Shipyard Town Jazz. Gran finale, dalle 22, con la parata della Banda civica citt\u00e0 di Monfalcone, da piazza Falcone Borsellino lungo via Sant\u2019Ambrogio fino a piazza della Repubblica, davanti al Municipio.<\/p>\n<p>Nel 2019 ricorre il 50\u00b0 anniversario di uno dei pi\u00f9 celebri eventi socio-musicali della storia, il Festival di Woodstock: il Comune di Monfalcone, in collaborazione con Cam Arte&#038;Musica, coglie l\u2019occasione di avviare la\u00a0<strong>I edizione del Music Celebration Festival<\/strong>, promuovendo un evento celebrativo che si svilupper\u00e0 nel corso di due giornate di musica dal vivo, dal titolo \u201c<strong>Woodstock 50th<\/strong>\u201d: band provenienti da tutta la regione si susseguiranno sul palco in piazza della Repubblica e, proprio come a Woodstock, proporranno musiche originali secondo stili musicali diversi. Top artists delle serate saranno sabato 22 giugno <strong>Frank Get<\/strong> e domenica 23 i <strong>Sick Tamburo<\/strong>.<\/p>\n<p>Sabato 22 giugno, dalle 16, suoneranno Junk Snakes, Dissociative TV, Lewisland, Grace Off, PNG, Sicksided, Joyce Band, Frank Get.<\/p>\n<p>Durante la giornata di sabato, <strong>RaiRadio1,<\/strong> tra le 18 e le 19, registrer\u00e0 i contenuti per le sue trasmissioni <strong>RockRevolution<\/strong> e <strong>Giovani e Comunicazione<\/strong>, con i conduttori <strong>Gabriele Medeot<\/strong> e <strong>Mario Mirasola<\/strong> che dai due palchi allestiti interverranno con ospiti e artisti producendo una puntata speciale che andr\u00e0 in onda mercoled\u00ec 26 giugno dalle 13.30 alle 15.<\/p>\n<p>Domenica 23 giugno, sempre dalle 16, suoneranno Blood Mirror, 24 Hours, Dag Diamond, Fist of Rage, Paz Manera, Blue Cheese, F.R. &#038; Helpers, Velliscig, Sick Tamburo.\u00a0<\/p>\n<p>Per tutti gli appassionati di musica ci sar\u00e0 il Mercatino di Vinili nelle vie laterali a piazza della Repubblica. Nelle sale del Palazzetto Veneto, ci sar\u00e0 la Mostra Fotografica Itinerante dedicata all\u2019evento di Woodstock a cura di <strong>Henry Ruggeri<\/strong>, fotografo ufficiale Virgin Radio. Camper Rock con cibo e bevande per tutti i gusti completer\u00e0 l\u2019offerta in piazza.<\/p>\n","protected":false},"excerpt":{"rendered":"<p>Dal 21 al 23 giugno<\/p>\n","protected":false},"author":28,"featured_media":29679,"comment_status":"closed","ping_status":"closed","sticky":false,"template":"","format":"standard","meta":{"dwc-title":[],"dwc-content":[],"footnotes":""},"categories":[37],"tags":[],"class_list":["post-29678","post","type-post","status-publish","format-standard","has-post-thumbnail","hentry","category-cultura-e-spettacolo"],"rttpg_featured_image_url":{"full":["https:\/\/imagazine.it\/wp-content\/uploads\/2024\/01\/30106-1.webp",750,466,false],"landscape":["https:\/\/imagazine.it\/wp-content\/uploads\/2024\/01\/30106-1.webp",750,466,false],"portraits":["https:\/\/imagazine.it\/wp-content\/uploads\/2024\/01\/30106-1.webp",750,466,false],"thumbnail":["https:\/\/imagazine.it\/wp-content\/uploads\/2024\/01\/30106-1-150x150.webp",150,150,true],"medium":["https:\/\/imagazine.it\/wp-content\/uploads\/2024\/01\/30106-1-300x186.webp",300,186,true],"large":["https:\/\/imagazine.it\/wp-content\/uploads\/2024\/01\/30106-1.webp",640,398,false],"thumblist":["https:\/\/imagazine.it\/wp-content\/uploads\/2024\/01\/30106-1.webp",300,186,false],"thumbrelated":["https:\/\/imagazine.it\/wp-content\/uploads\/2024\/01\/30106-1.webp",500,311,false],"meccarouselthumb":["https:\/\/imagazine.it\/wp-content\/uploads\/2024\/01\/30106-1.webp",474,295,false],"gridsquare":["https:\/\/imagazine.it\/wp-content\/uploads\/2024\/01\/30106-1.webp",391,243,false],"tileview":["https:\/\/imagazine.it\/wp-content\/uploads\/2024\/01\/30106-1.webp",300,186,false],"1536x1536":["https:\/\/imagazine.it\/wp-content\/uploads\/2024\/01\/30106-1.webp",750,466,false],"2048x2048":["https:\/\/imagazine.it\/wp-content\/uploads\/2024\/01\/30106-1.webp",750,466,false],"newsup-slider-full":["https:\/\/imagazine.it\/wp-content\/uploads\/2024\/01\/30106-1.webp",750,466,false],"newsup-featured":["https:\/\/imagazine.it\/wp-content\/uploads\/2024\/01\/30106-1.webp",750,466,false],"newsup-medium":["https:\/\/imagazine.it\/wp-content\/uploads\/2024\/01\/30106-1-720x380.webp",720,380,true],"tptn_thumbnail":["https:\/\/imagazine.it\/wp-content\/uploads\/2024\/01\/30106-1.webp",250,155,false],"sow-carousel-default":["https:\/\/imagazine.it\/wp-content\/uploads\/2024\/01\/30106-1-272x182.webp",272,182,true]},"rttpg_author":{"display_name":"redazione","author_link":"https:\/\/imagazine.it\/home_desk\/author\/redazione\/"},"rttpg_comment":0,"rttpg_category":"<a href=\"https:\/\/imagazine.it\/home_desk\/category\/cultura-e-spettacolo\/\" rel=\"category tag\">CULTURA&amp;SPETTACOLO<\/a>","rttpg_excerpt":"Dal 21 al 23 giugno","_links":{"self":[{"href":"https:\/\/imagazine.it\/home_desk\/wp-json\/wp\/v2\/posts\/29678","targetHints":{"allow":["GET"]}}],"collection":[{"href":"https:\/\/imagazine.it\/home_desk\/wp-json\/wp\/v2\/posts"}],"about":[{"href":"https:\/\/imagazine.it\/home_desk\/wp-json\/wp\/v2\/types\/post"}],"author":[{"embeddable":true,"href":"https:\/\/imagazine.it\/home_desk\/wp-json\/wp\/v2\/users\/28"}],"replies":[{"embeddable":true,"href":"https:\/\/imagazine.it\/home_desk\/wp-json\/wp\/v2\/comments?post=29678"}],"version-history":[{"count":0,"href":"https:\/\/imagazine.it\/home_desk\/wp-json\/wp\/v2\/posts\/29678\/revisions"}],"wp:featuredmedia":[{"embeddable":true,"href":"https:\/\/imagazine.it\/home_desk\/wp-json\/wp\/v2\/media\/29679"}],"wp:attachment":[{"href":"https:\/\/imagazine.it\/home_desk\/wp-json\/wp\/v2\/media?parent=29678"}],"wp:term":[{"taxonomy":"category","embeddable":true,"href":"https:\/\/imagazine.it\/home_desk\/wp-json\/wp\/v2\/categories?post=29678"},{"taxonomy":"post_tag","embeddable":true,"href":"https:\/\/imagazine.it\/home_desk\/wp-json\/wp\/v2\/tags?post=29678"}],"curies":[{"name":"wp","href":"https:\/\/api.w.org\/{rel}","templated":true}]}}