{"id":29674,"date":"2019-06-18T00:00:00","date_gmt":"2019-06-17T23:00:00","guid":{"rendered":"https:\/\/imagazine.it\/?p=29674"},"modified":"2019-06-18T00:00:00","modified_gmt":"2019-06-17T23:00:00","slug":"il-calcio-goriziano-fa-squadra-per-un-nuovo-futuro","status":"publish","type":"post","link":"https:\/\/imagazine.it\/home_desk\/il-calcio-goriziano-fa-squadra-per-un-nuovo-futuro\/","title":{"rendered":"Il calcio goriziano fa squadra per un nuovo futuro"},"content":{"rendered":"<p><strong>Azzurra, Pro Gorizia e Unione Friuli Isontina<\/strong> hanno presentato stamattina in municipio a Gorizia il Progetto Calcio:\u00a0la sinergia tra le tre societ\u00e0, con l&#39;obiettivo di creare una struttura idonea per raggiungere un livello di qualit\u00e0 nel lavoro svolto, finalizzato in primis alla crescita degli atleti e di riflesso del movimento calcistico.<\/p>\n<p>\u201cAbbiamo dato i via \u2013 hanno dichiarato i presidenti delle tre societ\u00e0: <strong>Luca Peresson<\/strong> dell&#39;Azzurra, <strong>Enrico Graziano<\/strong> dell&#39;Unione Friuli Isontina e <strong>Giulio Mosetti<\/strong> della Pro Gorizia \u2013 a una sinergia per mettere reciprocamente a disposizione le proprie specificit\u00e0. Il nostro obiettivo \u00e8 quello di creare una struttura idonea al fine di raggiungere un livello di qualit\u00e0 nel lavoro svolto, finalizzato in primis alla crescita del ragazzo e della ragazza e di riflesso alla crescita del nostro movimento calcistico\u201d.<\/p>\n<p>Tre saranno i punti cardine della nuova squadra: eccoli nel dettaglio.<\/p>\n<p><strong>Scuola calcio<\/strong>: ognuno lavora nelle proprie societ\u00e0. Lo scopo \u00e8 quello di iniziare a condividere le metodologie di allenamento e comportamentali, in modo da uniformarsi nel modo di approcciare il ragazzo al modo del calcio. L\u2019idea base, una volta a pieno regime, \u00e8 quella di avere un responsabile unico del settore giovanile che dia le linee guida a tutte le scuole calcio, una condivisione di valori e di metodologia di lavoro.<\/p>\n<p><strong>U15 e U17<\/strong>: \u00e8 il momento in cui si esce dalla scuola calcio e si inizia a giocare anche per una classifica. L\u2019obiettivo \u00e8 quello di arrivare a queste categorie gi\u00e0 con un bagaglio di informazioni tecniche e psicomotorie ben formato. Per questo si cercher\u00e0 di formare squadre diverse con metodologie di allenamenti diversi e con obiettivi diversi. Non con la volont\u00e0 di una selezione, ma cercando di dare la possibilit\u00e0 a chiunque di crescere e sviluppare al meglio le proprie capacit\u00e0. Gli UFI che si sono specializzati nel settore giovanile, con la collaborazione di Azzurra e Pro Gorizia, avranno il compito di formare atleti per partecipare alle categorie pi\u00f9 impegnative, con lo scopo di formare giocatori di qualit\u00e0 che sfoceranno negli Juniores, che saranno gestiti dalla Pro Gorizia, in funzione della prima squadra o di altre realt\u00e0 intermedie di qualit\u00e0, compito che spetta all\u2019Azzurra.<\/p>\n<p><a href=\"http:\/\/imagazinevideotruck.it\/outlet\/relink.html\" target=\"_top\" rel=\"noopener\"><img loading=\"lazy\" decoding=\"async\" align=\"LEFT\" height=\"250\" src=\"http:\/\/imagazinevideotruck.it\/outlet\/outlet30.gif\" width=\"300\" alt=\"\" title=\"\"><\/a><\/p>\n<p>\u00a0<\/p>\n<p>\u00a0<\/p>\n<p>\u00a0<\/p>\n<p>\u00a0<\/p>\n<p>\u00a0<\/p>\n<p>\u00a0<\/p>\n<p>\u00a0<\/p>\n<p>\u00a0<\/p>\n<p>\u00a0<\/p>\n<p><strong>Creare un\u2019identit\u00e0 unica<\/strong>, un brand riferito al calcio Isontino, seguendo l\u2019esempio dei pi\u00f9 grandi, imparando dal calcio professionistico regionale o da quello di alta qualit\u00e0.<\/p>\n","protected":false},"excerpt":{"rendered":"<p>Presentato in municipio il nuovo progetto<\/p>\n","protected":false},"author":28,"featured_media":29675,"comment_status":"closed","ping_status":"closed","sticky":false,"template":"","format":"standard","meta":{"dwc-title":[],"dwc-content":[],"footnotes":""},"categories":[38],"tags":[],"class_list":["post-29674","post","type-post","status-publish","format-standard","has-post-thumbnail","hentry","category-sport"],"rttpg_featured_image_url":{"full":["https:\/\/imagazine.it\/wp-content\/uploads\/2024\/01\/30103-1.webp",750,531,false],"landscape":["https:\/\/imagazine.it\/wp-content\/uploads\/2024\/01\/30103-1.webp",750,531,false],"portraits":["https:\/\/imagazine.it\/wp-content\/uploads\/2024\/01\/30103-1.webp",750,531,false],"thumbnail":["https:\/\/imagazine.it\/wp-content\/uploads\/2024\/01\/30103-1-150x150.webp",150,150,true],"medium":["https:\/\/imagazine.it\/wp-content\/uploads\/2024\/01\/30103-1-300x212.webp",300,212,true],"large":["https:\/\/imagazine.it\/wp-content\/uploads\/2024\/01\/30103-1.webp",640,453,false],"thumblist":["https:\/\/imagazine.it\/wp-content\/uploads\/2024\/01\/30103-1.webp",300,212,false],"thumbrelated":["https:\/\/imagazine.it\/wp-content\/uploads\/2024\/01\/30103-1.webp",500,354,false],"meccarouselthumb":["https:\/\/imagazine.it\/wp-content\/uploads\/2024\/01\/30103-1.webp",458,324,false],"gridsquare":["https:\/\/imagazine.it\/wp-content\/uploads\/2024\/01\/30103-1.webp",367,260,false],"tileview":["https:\/\/imagazine.it\/wp-content\/uploads\/2024\/01\/30103-1.webp",300,212,false],"1536x1536":["https:\/\/imagazine.it\/wp-content\/uploads\/2024\/01\/30103-1.webp",750,531,false],"2048x2048":["https:\/\/imagazine.it\/wp-content\/uploads\/2024\/01\/30103-1.webp",750,531,false],"newsup-slider-full":["https:\/\/imagazine.it\/wp-content\/uploads\/2024\/01\/30103-1.webp",750,531,false],"newsup-featured":["https:\/\/imagazine.it\/wp-content\/uploads\/2024\/01\/30103-1.webp",750,531,false],"newsup-medium":["https:\/\/imagazine.it\/wp-content\/uploads\/2024\/01\/30103-1-720x380.webp",720,380,true],"tptn_thumbnail":["https:\/\/imagazine.it\/wp-content\/uploads\/2024\/01\/30103-1.webp",250,177,false],"sow-carousel-default":["https:\/\/imagazine.it\/wp-content\/uploads\/2024\/01\/30103-1-272x182.webp",272,182,true]},"rttpg_author":{"display_name":"redazione","author_link":"https:\/\/imagazine.it\/home_desk\/author\/redazione\/"},"rttpg_comment":0,"rttpg_category":"<a href=\"https:\/\/imagazine.it\/home_desk\/category\/sport\/\" rel=\"category tag\">SPORT<\/a>","rttpg_excerpt":"Presentato in municipio il nuovo progetto","_links":{"self":[{"href":"https:\/\/imagazine.it\/home_desk\/wp-json\/wp\/v2\/posts\/29674","targetHints":{"allow":["GET"]}}],"collection":[{"href":"https:\/\/imagazine.it\/home_desk\/wp-json\/wp\/v2\/posts"}],"about":[{"href":"https:\/\/imagazine.it\/home_desk\/wp-json\/wp\/v2\/types\/post"}],"author":[{"embeddable":true,"href":"https:\/\/imagazine.it\/home_desk\/wp-json\/wp\/v2\/users\/28"}],"replies":[{"embeddable":true,"href":"https:\/\/imagazine.it\/home_desk\/wp-json\/wp\/v2\/comments?post=29674"}],"version-history":[{"count":0,"href":"https:\/\/imagazine.it\/home_desk\/wp-json\/wp\/v2\/posts\/29674\/revisions"}],"wp:featuredmedia":[{"embeddable":true,"href":"https:\/\/imagazine.it\/home_desk\/wp-json\/wp\/v2\/media\/29675"}],"wp:attachment":[{"href":"https:\/\/imagazine.it\/home_desk\/wp-json\/wp\/v2\/media?parent=29674"}],"wp:term":[{"taxonomy":"category","embeddable":true,"href":"https:\/\/imagazine.it\/home_desk\/wp-json\/wp\/v2\/categories?post=29674"},{"taxonomy":"post_tag","embeddable":true,"href":"https:\/\/imagazine.it\/home_desk\/wp-json\/wp\/v2\/tags?post=29674"}],"curies":[{"name":"wp","href":"https:\/\/api.w.org\/{rel}","templated":true}]}}