{"id":29666,"date":"2019-06-17T00:00:00","date_gmt":"2019-06-16T23:00:00","guid":{"rendered":"https:\/\/imagazine.it\/?p=29666"},"modified":"2019-06-17T00:00:00","modified_gmt":"2019-06-16T23:00:00","slug":"trieste-atletica-eccellenza-che-rischia-di-scomparire","status":"publish","type":"post","link":"https:\/\/imagazine.it\/home_desk\/trieste-atletica-eccellenza-che-rischia-di-scomparire\/","title":{"rendered":"Trieste Atletica, eccellenza che rischia di scomparire"},"content":{"rendered":"<p>Ai recenti Campionati Societari Assoluti di Firenze \u00e8 risultata la pi\u00f9 giovane realt\u00e0 in gara, capace di competere a testa alta anche in quelle discipline tecniche dove a farla da padrone \u00e8 l\u2019esperienza. E se il tredicesimo posto su 800 club italiani rappresenta gi\u00e0 un traguardo di valore, degna di nota \u00e8 la crescita costante di <strong>Simone Biasutti<\/strong>, che porta punti preziosi per la squadra e che sigilla l\u2019ennesimo record personale sul salto in alto, varcando l\u2019asticella posta a 2,15 metri.<\/p>\n<p>Si fanno per\u00f2 ora i conti con la realt\u00e0: se \u00e8 vero che il team triestino continua a primeggiare in ogni concorso o gara dell\u2019atletica leggera nazionale, \u00e8 altrettanto vero che la situazione non risulta pi\u00f9 economicamente sostenibile. La Trieste Atletica, oltre a essere il team campione italiano indiscusso di corsa campestre, compete nelle massime serie dell\u2019atletica italiana in tutte le categorie, sia nelle gare indoor che outdoor, e i suoi atleti non sono nuovi a indossare la maglia azzurra nelle competizioni internazionali.<\/p>\n<p>\u201c\u00c8 impensabile \u2013 fanno sapere dalla societ\u00e0 attraverso un comunicato \u2013 continuare a far competere tutti i nostri atleti nelle varie competizioni distribuite su tutto il territorio italiano non essendo pi\u00f9 sostenibili n\u00e9 i costi di trasferta n\u00e9 quelli di preparazione. La qualit\u00e0 indiscussa dei nostri tecnici e dei nostri atleti va difesa a ogni costo, dobbiamo continuare a lavorare per l\u2019eccellenza triestina, dando la possibilit\u00e0 ai nostri atleti di poter continuare a esprimersi al meglio delle loro possibilit\u00e0, nella loro citt\u00e0 e per la loro citt\u00e0\u201d.<\/p>\n<p>Ancora pi\u00f9 diretto l\u2019appello del presidente <strong>Omar Fanciullo<\/strong>: <em>\u201cBravissimi i ragazzi, bravi i tecnici, un ottimo lavoro di squadra. Ora pretendo per\u00f2 l\u2019attenzione degli investitori e delle amministrazioni pubbliche perch\u00e9 le pacche sulle spalle non ci bastano pi\u00f9, non continuate a dirci bravi, fate qualcosa per noi perch\u00e9 l\u2019ennesima eccellenza triestina non debba cessare di esistere. Abbiamo raggiunto questi risultati mossi dalla passione, ma se le cose non cambiano saremo costretti a dire ai nostri atleti di legarsi a club di fuori regione ben pi\u00f9 finanziariamente dotati e capaci di garantirgli un percorso di crescita migliore. Chi vuole che Trieste continui a essere la citt\u00e0 pi\u00f9 sportiva d\u2019Italia, deve guardare a noi: l\u2019atletica e i nostri atleti fanno la differenza nelle statistiche\u201d.<\/em><\/p>\n","protected":false},"excerpt":{"rendered":"<p>L\u2019appello del presidente Fanciullo<\/p>\n","protected":false},"author":28,"featured_media":29667,"comment_status":"closed","ping_status":"closed","sticky":false,"template":"","format":"standard","meta":{"dwc-title":[],"dwc-content":[],"footnotes":""},"categories":[38],"tags":[],"class_list":["post-29666","post","type-post","status-publish","format-standard","has-post-thumbnail","hentry","category-sport"],"rttpg_featured_image_url":{"full":["https:\/\/imagazine.it\/wp-content\/uploads\/2024\/01\/30085-1.webp",750,500,false],"landscape":["https:\/\/imagazine.it\/wp-content\/uploads\/2024\/01\/30085-1.webp",750,500,false],"portraits":["https:\/\/imagazine.it\/wp-content\/uploads\/2024\/01\/30085-1.webp",750,500,false],"thumbnail":["https:\/\/imagazine.it\/wp-content\/uploads\/2024\/01\/30085-1-150x150.webp",150,150,true],"medium":["https:\/\/imagazine.it\/wp-content\/uploads\/2024\/01\/30085-1-300x200.webp",300,200,true],"large":["https:\/\/imagazine.it\/wp-content\/uploads\/2024\/01\/30085-1.webp",640,427,false],"thumblist":["https:\/\/imagazine.it\/wp-content\/uploads\/2024\/01\/30085-1.webp",300,200,false],"thumbrelated":["https:\/\/imagazine.it\/wp-content\/uploads\/2024\/01\/30085-1.webp",500,333,false],"meccarouselthumb":["https:\/\/imagazine.it\/wp-content\/uploads\/2024\/01\/30085-1.webp",474,316,false],"gridsquare":["https:\/\/imagazine.it\/wp-content\/uploads\/2024\/01\/30085-1.webp",391,260,false],"tileview":["https:\/\/imagazine.it\/wp-content\/uploads\/2024\/01\/30085-1.webp",300,200,false],"1536x1536":["https:\/\/imagazine.it\/wp-content\/uploads\/2024\/01\/30085-1.webp",750,500,false],"2048x2048":["https:\/\/imagazine.it\/wp-content\/uploads\/2024\/01\/30085-1.webp",750,500,false],"newsup-slider-full":["https:\/\/imagazine.it\/wp-content\/uploads\/2024\/01\/30085-1.webp",750,500,false],"newsup-featured":["https:\/\/imagazine.it\/wp-content\/uploads\/2024\/01\/30085-1.webp",750,500,false],"newsup-medium":["https:\/\/imagazine.it\/wp-content\/uploads\/2024\/01\/30085-1-720x380.webp",720,380,true],"tptn_thumbnail":["https:\/\/imagazine.it\/wp-content\/uploads\/2024\/01\/30085-1.webp",250,167,false],"sow-carousel-default":["https:\/\/imagazine.it\/wp-content\/uploads\/2024\/01\/30085-1-272x182.webp",272,182,true]},"rttpg_author":{"display_name":"redazione","author_link":"https:\/\/imagazine.it\/home_desk\/author\/redazione\/"},"rttpg_comment":0,"rttpg_category":"<a href=\"https:\/\/imagazine.it\/home_desk\/category\/sport\/\" rel=\"category tag\">SPORT<\/a>","rttpg_excerpt":"L\u2019appello del presidente Fanciullo","_links":{"self":[{"href":"https:\/\/imagazine.it\/home_desk\/wp-json\/wp\/v2\/posts\/29666","targetHints":{"allow":["GET"]}}],"collection":[{"href":"https:\/\/imagazine.it\/home_desk\/wp-json\/wp\/v2\/posts"}],"about":[{"href":"https:\/\/imagazine.it\/home_desk\/wp-json\/wp\/v2\/types\/post"}],"author":[{"embeddable":true,"href":"https:\/\/imagazine.it\/home_desk\/wp-json\/wp\/v2\/users\/28"}],"replies":[{"embeddable":true,"href":"https:\/\/imagazine.it\/home_desk\/wp-json\/wp\/v2\/comments?post=29666"}],"version-history":[{"count":0,"href":"https:\/\/imagazine.it\/home_desk\/wp-json\/wp\/v2\/posts\/29666\/revisions"}],"wp:featuredmedia":[{"embeddable":true,"href":"https:\/\/imagazine.it\/home_desk\/wp-json\/wp\/v2\/media\/29667"}],"wp:attachment":[{"href":"https:\/\/imagazine.it\/home_desk\/wp-json\/wp\/v2\/media?parent=29666"}],"wp:term":[{"taxonomy":"category","embeddable":true,"href":"https:\/\/imagazine.it\/home_desk\/wp-json\/wp\/v2\/categories?post=29666"},{"taxonomy":"post_tag","embeddable":true,"href":"https:\/\/imagazine.it\/home_desk\/wp-json\/wp\/v2\/tags?post=29666"}],"curies":[{"name":"wp","href":"https:\/\/api.w.org\/{rel}","templated":true}]}}