{"id":29656,"date":"2019-06-13T00:00:00","date_gmt":"2019-06-12T23:00:00","guid":{"rendered":"https:\/\/imagazine.it\/?p=29656"},"modified":"2019-06-13T00:00:00","modified_gmt":"2019-06-12T23:00:00","slug":"in-mille-a-udine-per-capire-come-uscire-dalla-solitudine","status":"publish","type":"post","link":"https:\/\/imagazine.it\/home_desk\/in-mille-a-udine-per-capire-come-uscire-dalla-solitudine\/","title":{"rendered":"In mille a Udine per capire come uscire dalla solitudine"},"content":{"rendered":"<p>La <strong>solitudine<\/strong>. \u00c8 questo il tema scelto per il <strong>XXI congresso internazionale di IFOTES che si terr\u00e0, dal 3 al 7 luglio a Udine, dove arriveranno quasi mille persone da 20 Paesi.<\/strong><\/p>\n<p>Si tratta di un disagio che tocca tutti, giovani e anziani, uomini e donne, in qualunque fascia d\u2019et\u00e0 e per i motivi pi\u00f9 vari. Un tema che in alcuni Paesi europei \u00e8 considerato una priorit\u00e0: basta guardare cosa avviene in Gran Bretagna, dove esiste addirittura un ministero dedicato. Da qui l\u2019intenzione di <strong>ARTESS e IFOTES <\/strong>di portare il tema all\u2019attenzione di cittadini e istituzioni e farlo diventare l\u2019argomento del congresso che IFOTES organizza ogni tre anni in una diversa citt\u00e0 europea. \u00c8 cos\u00ec grazie alla collaborazione con il Comune di Udine &#8211; progetto O.M.S. \u2018Citt\u00e0 Sane\u2019 &#8211; <strong>il capoluogo friulano \u00e8 diventato la sede del congresso internazionale IFOTES e citt\u00e0 di riferimento per le buone pratiche di contrasto alla solitudine<\/strong>. Per farlo l\u2019anno scorso \u00e8 stato lanciato un biennio di eventi (2018-2020), riflessioni, approfondimenti dal titolo \u2018Solitudini e no. Insieme per il benessere emozionale e sociale\u2019, che culminer\u00e0 proprio con il convegno internazionale di luglio 2019 \u2018Leaving loneliness \u2013 Building relationships\u2019 (\u2018Uscire dalla solitudine-costruire relazioni\u2019) ospitato nella citt\u00e0 friulana, in collaborazione con Regione Fvg, Universit\u00e0 di Udine e PromoturismoFvg.<\/p>\n<p>\u00ab<em>La vita nelle grandi citt\u00e0, i fenomeni di globalizzazione e di digitalizzazione delle informazioni <\/em>\u2013 spiega il professor <strong>Franco Fabbro<\/strong>, ordinario di psicologia clinica\u00a0dell\u2019Universit\u00e0 di Udine e presidente del comitato scientifico del congresso internazionale \u2013 <em>hanno scompaginato il numero e la qualit\u00e0\u00a0delle relazioni sociali. La solitudine sub\u00ecta, ovvero il dolore causato da una drastica riduzione delle relazioni sociali significative,\u00a0\u00e8\u00a0una delle pi\u00f9\u00a0importanti emergenze del mondo occidentale insieme alla crescita progressiva della disumanizzazione e della diseguaglianza economica.<\/em> <em>La solitudine\u00a0\u00e8\u00a0alla radice di molte condizioni di disagio economico, mentale ed esistenziale. Nel convegno internazionale organizzato dalla IFOTES a Udine il tema della solitudine e i possibili rimedi verranno analizzati secondo differenti prospettive: economiche, sociologiche, psicologiche, mediche, comunicative, pedagogiche e filosofiche. Sar\u00e0\u00a0una importante occasione per comprendere, discutere e progettare itinerari di ascolto e di aiuto<\/em>\u00bb.<\/p>\n<p><a href=\"http:\/\/imagazinevideotruck.it\/outlet\/relink.html\" target=\"_top\" rel=\"noopener\"><img loading=\"lazy\" decoding=\"async\" align=\"LEFT\" height=\"250\" src=\"http:\/\/imagazinevideotruck.it\/outlet\/outlet30.gif\" width=\"300\" alt=\"\" title=\"\"><\/a><\/p>\n<p>\u00a0<\/p>\n<p>\u00a0<\/p>\n<p>\u00a0<\/p>\n<p>\u00a0<\/p>\n<p>\u00a0<\/p>\n<p>\u00a0<\/p>\n<p>\u00a0<\/p>\n<p>\u00a0<\/p>\n<p>\u00a0<\/p>\n<p>In occasione della conferenza stampa di presentazione dell&#39;evento, che si \u00e8 tenuta in sala Ajace, a Udine, <strong>Pietro Fontanini<\/strong>, sindaco del capoluogo friulano, ha ricordato: \u00ab<em>La nostra societ\u00e0 si fonda sulla connessione totale, sulla condivisione di ogni singolo gesto della nostra vita, sulla comunicazione a ogni costo e al contempo produce il vastissimo e preoccupante fenomeno della solitudine; un paradosso che ci impone una riflessione seria e il dovere di intervenire rapidamente, come classe politica e mondo della medicina, affinch\u00e9 questa forma di disagio non degeneri in una condizione esistenziale collettiva senza via d\u2019uscita<\/em>\u00bb.<\/p>\n<p>\u00ab<em>L\u2019attenzione al tema della solitudine <\/em>\u2013 ha precisato <strong>Giovanni Barillari<\/strong>, assessore alla Sanit\u00e0, Assistenza sociale, Rapporti con l&#39;Universit\u00e0 di Udine \u2013<em> \u00e8 oggi una delle propriet\u00e0 in ambito medico e sanitario perch\u00e9 il fenomeno sta assumendo dimensioni preoccupanti non solo per il disagio che questa sensazione comporta, ma per l\u2019impatto negativo che pu\u00f2 avere a livello di organismo, con il rischio di determinare vere e proprie patologie. Questo incontro rappresenta quindi un\u2019importante occasione di riflessione e mi auguro che la citt\u00e0 di Udine possa diventare un punto di riferimento a livello internazionale nella lotta a quella che sta diventando una vera piaga sociale<\/em>\u00bb.<\/p>\n<p>\u00ab<em>Il tema della solitudine <\/em>\u2013 ha sottolineato <strong>Riccardo Riccardi<\/strong>, vicepresidente della Regione Friuli Venezia Giulia \u2013<em> sembra voler scivolare via ma \u00e8 specchio di questo tempo. Una patologia che non coinvolge solo gli anziani ma anche i nostri giovani. Crediamo che la Regione debba ampliare l&#39;attuale norma sull\u2019invecchiamento attivo, e per questo sono certo che le giornate di studio di Udine aiuteranno il Consiglio regionale a migliorare la legge, adeguandola alle necessit\u00e0 di oggi<\/em>\u00bb.<\/p>\n<p>Saranno quasi mille le persone, provenienti da 20 diversi Paesi, che prenderanno parte al XXI congresso internazionale di IFOTES. \u00ab<em>Sono operatori volontari e formatori delle principali associazioni di helpline (linee di aiuto telefonico) europee per il supporto emozionale<\/em>\u00bb, ha spiegato <strong>Diana Rucli<\/strong>, direttrice IFOTES. L\u2019International Federationof Telephone Emergency Services, infatti, organizza ogni tre anni un convegno in una diversa citt\u00e0 europea per approfondire un tema di stretta attualit\u00e0 legato alla salute emozionale e sociale. \u00ab<em>La solitudine e la capacit\u00e0 di relazione saranno i temi portanti di questa edizione <\/em>\u2013 ha sottolineato Rucli \u2013,<em> partendo dal dato che una richiesta di aiuto su quattro ricevute dalle helpline riguarda un vissuto di solitudine e una su tre esprime un disagio relazionale di qualche tipo<\/em>\u00bb. I lavori del congresso si articoleranno in cinque giornate (3-7 luglio 2019) per un totale di <strong>7 sessioni plenarie, 20 sessioni parallele e 92 workshop, con 56 relatori e 75 formatori provenienti da tutta Europa<\/strong>. <strong>Gli incontri si terranno in 4 lingue<\/strong> (inglese, italiano, tedesco e francese) e in parte saranno tradotti.<\/p>\n<p>Non sar\u00e0 un evento a porte chiuse: 9 sessioni &#8211; con relatori italiani o tradotte in italiano &#8211; saranno aperte alla partecipazione dei cittadini di Udine e della regione, previa prenotazione gratuita (<u><a href=\"https:\/\/udine-2019.ifotes.org\/it\/cittadini\" target=\"_blank\" rel=\"noopener\">udine-2019.ifotes.org\/it\/cittadini<\/a><\/u>). Durante la settimana del convegno, inoltre, la citt\u00e0 ospiter\u00e0 anche alcune iniziative culturali e sociali collegate al tema della solitudine, con mostre, presentazioni di libri, installazioni e film aperti a tutti, grazie alla collaborazione di associazioni e organizzazioni locali.<\/p>\n<p>Lo scorso 24 maggio, sempre nell\u2019ambito del progetto \u201cSolitudini e no\u201d e collegata al congresso, ARTESS e IFOTES, hanno anche lanciato una <strong>campagna nazionale: \u00abMi sento ascoltato quando\u2026\u00bb. <\/strong>Chiunque potr\u00e0 concludere questa frase, riportando la sua personale esperienza. Le testimonianze (un testo, una foto, un mini-video \u2026) andranno inviate, fino al 7 luglio, al numero 320.9515134, con un messaggio WhatsApp. Tutti i contributi saranno raccolti e rilanciati attraverso Instagram. In alternativa sar\u00e0 possibile condividere la propria testimonianza su Instagram attraverso un \u2018direct\u2019 (messaggio privato), oppure postando il contenuto utilizzando l\u2019hashtag #misentoascoltatoquando. Grazie a questa iniziativa sar\u00e0 sviluppato uno storytelling collettivo che dar\u00e0 vita a un mosaico dell\u2019ascolto, con esperienze, punti di vista e storie uniche che andranno a comporre un bagaglio di risorse a cui attingere per migliorare la capacit\u00e0 relazionale delle persone e in generale contribuire a mettere in circolo \u2018pillole di benessere sociale\u2019.<\/p>\n","protected":false},"excerpt":{"rendered":"<p>Al congresso internazionale di IFOTES<\/p>\n","protected":false},"author":28,"featured_media":29657,"comment_status":"closed","ping_status":"closed","sticky":false,"template":"","format":"standard","meta":{"dwc-title":[],"dwc-content":[],"footnotes":""},"categories":[6],"tags":[],"class_list":["post-29656","post","type-post","status-publish","format-standard","has-post-thumbnail","hentry","category-societa"],"rttpg_featured_image_url":{"full":["https:\/\/imagazine.it\/wp-content\/uploads\/2024\/01\/30072-1.webp",750,518,false],"landscape":["https:\/\/imagazine.it\/wp-content\/uploads\/2024\/01\/30072-1.webp",750,518,false],"portraits":["https:\/\/imagazine.it\/wp-content\/uploads\/2024\/01\/30072-1.webp",750,518,false],"thumbnail":["https:\/\/imagazine.it\/wp-content\/uploads\/2024\/01\/30072-1-150x150.webp",150,150,true],"medium":["https:\/\/imagazine.it\/wp-content\/uploads\/2024\/01\/30072-1-300x207.webp",300,207,true],"large":["https:\/\/imagazine.it\/wp-content\/uploads\/2024\/01\/30072-1.webp",640,442,false],"thumblist":["https:\/\/imagazine.it\/wp-content\/uploads\/2024\/01\/30072-1.webp",300,207,false],"thumbrelated":["https:\/\/imagazine.it\/wp-content\/uploads\/2024\/01\/30072-1.webp",500,345,false],"meccarouselthumb":["https:\/\/imagazine.it\/wp-content\/uploads\/2024\/01\/30072-1.webp",469,324,false],"gridsquare":["https:\/\/imagazine.it\/wp-content\/uploads\/2024\/01\/30072-1.webp",376,260,false],"tileview":["https:\/\/imagazine.it\/wp-content\/uploads\/2024\/01\/30072-1.webp",300,207,false],"1536x1536":["https:\/\/imagazine.it\/wp-content\/uploads\/2024\/01\/30072-1.webp",750,518,false],"2048x2048":["https:\/\/imagazine.it\/wp-content\/uploads\/2024\/01\/30072-1.webp",750,518,false],"newsup-slider-full":["https:\/\/imagazine.it\/wp-content\/uploads\/2024\/01\/30072-1.webp",750,518,false],"newsup-featured":["https:\/\/imagazine.it\/wp-content\/uploads\/2024\/01\/30072-1.webp",750,518,false],"newsup-medium":["https:\/\/imagazine.it\/wp-content\/uploads\/2024\/01\/30072-1-720x380.webp",720,380,true],"tptn_thumbnail":["https:\/\/imagazine.it\/wp-content\/uploads\/2024\/01\/30072-1.webp",250,173,false],"sow-carousel-default":["https:\/\/imagazine.it\/wp-content\/uploads\/2024\/01\/30072-1-272x182.webp",272,182,true]},"rttpg_author":{"display_name":"redazione","author_link":"https:\/\/imagazine.it\/home_desk\/author\/redazione\/"},"rttpg_comment":0,"rttpg_category":"<a href=\"https:\/\/imagazine.it\/home_desk\/category\/societa\/\" rel=\"category tag\">SOCIET\u00c0<\/a>","rttpg_excerpt":"Al congresso internazionale di IFOTES","_links":{"self":[{"href":"https:\/\/imagazine.it\/home_desk\/wp-json\/wp\/v2\/posts\/29656","targetHints":{"allow":["GET"]}}],"collection":[{"href":"https:\/\/imagazine.it\/home_desk\/wp-json\/wp\/v2\/posts"}],"about":[{"href":"https:\/\/imagazine.it\/home_desk\/wp-json\/wp\/v2\/types\/post"}],"author":[{"embeddable":true,"href":"https:\/\/imagazine.it\/home_desk\/wp-json\/wp\/v2\/users\/28"}],"replies":[{"embeddable":true,"href":"https:\/\/imagazine.it\/home_desk\/wp-json\/wp\/v2\/comments?post=29656"}],"version-history":[{"count":0,"href":"https:\/\/imagazine.it\/home_desk\/wp-json\/wp\/v2\/posts\/29656\/revisions"}],"wp:featuredmedia":[{"embeddable":true,"href":"https:\/\/imagazine.it\/home_desk\/wp-json\/wp\/v2\/media\/29657"}],"wp:attachment":[{"href":"https:\/\/imagazine.it\/home_desk\/wp-json\/wp\/v2\/media?parent=29656"}],"wp:term":[{"taxonomy":"category","embeddable":true,"href":"https:\/\/imagazine.it\/home_desk\/wp-json\/wp\/v2\/categories?post=29656"},{"taxonomy":"post_tag","embeddable":true,"href":"https:\/\/imagazine.it\/home_desk\/wp-json\/wp\/v2\/tags?post=29656"}],"curies":[{"name":"wp","href":"https:\/\/api.w.org\/{rel}","templated":true}]}}