{"id":29614,"date":"2019-06-03T00:00:00","date_gmt":"2019-06-02T23:00:00","guid":{"rendered":"https:\/\/imagazine.it\/?p=29614"},"modified":"2019-06-03T00:00:00","modified_gmt":"2019-06-02T23:00:00","slug":"ruda-premia-tarcisio-burgnich","status":"publish","type":"post","link":"https:\/\/imagazine.it\/home_desk\/ruda-premia-tarcisio-burgnich\/","title":{"rendered":"Ruda premia Tarcisio Burgnich"},"content":{"rendered":"<p>Per la ventesima volta in occasione della festa della Repubblica sono state conferite a Ruda le croci di Malta. Onorificenze assegnate a cittadini o associazioni che si sono distinte per il bene comune. Come di consuetudine dopo aver deposto una ghirlanda d&#39;alloro al monumento che ricorda i caduti, nell&#39;aula consigliare sono stati consegnati i riconoscimenti, che per il 2019 sono andati: Premio Croce di Malta 2019 a <strong>Giuseppe \u201cSilvano\u201d Prez<\/strong>, per la discrezione e l\u2019umanit\u00e0 da sempre dimostrata nel sostegno morale e materiale delle persone in difficolt\u00e0;<br \/> per la disponibilit\u00e0 nel trasporto di persone anziane o malate, dapprima a livello personale e poi nell\u2019ambito del servizio offerto dall\u2019AUSER, nel quale si dimostra uno dei volontari pi\u00f9 attivi; per la collaborazione in veste di sacrestano e portatore di sollievo spirituale ai bisognosi a supporto del sacerdote nella parrocchia di Saciletto-Alture\u00a0 per l\u2019alto senso civico e di rispetto con cui si prende cura delle tombe non pi\u00f9 accudite nel cimitero di Alture; per la sua attivit\u00e0 nell\u2019Associazione Cericot (Centro di ricerche e studi sulle malattie oncologiche) di Udine, finalizzata alla fornitura di ausili medici ai malati e nell\u2019espletamento di pratiche pensionistiche.<\/p>\n<p>Successivamente \u00e8 stato assegnato il Premio Croce di Malta 2019 \u201cMauro Stafuzza\u201d a <strong>Tarcisio Burgnich<\/strong>, ambasciatore del nome di Ruda nel mondo; per le sue straordinarie doti sportive che rispecchiano le caratteristiche del popolo friulano: tenacia, riserbo, senso di sacrificio, rispetto e passione; per i risultati sportivi raggiunti con il Club di appartenenza e con la Nazionale italiana; per aver contribuito a rendere leggendaria la storica cantilena: Sarti; Burgnich, Facchetti, Bedin, Guarneri, Picchi, Jair, Mazzola, Peir\u00f2, Su\u00e1rez, Corso. Allenatore: Helenio Herrera.<\/p>\n<p>Un terzo Premio Croce di Malta 2019 dedicato alle associazioni a \u201c<strong>Chei dal T\u00f4r di Parteulis<\/strong>\u201d, \u00e8 stato assegnato a don Giampietro Facchinetti, Francesco \u201cCarlo\u201d Milocco e Giovanni Perissin, per la sensibilit\u00e0 dimostrata verso un simbolo della comunit\u00e0 di Perteole; per l\u2019esempio di capacit\u00e0 organizzative e tecniche derivate da una pluriennale attivit\u00e0 professionale e di innato ingegno; per la disponibilit\u00e0 e la generosit\u00e0 dimostrata nel mettere in pratica un ambizioso progetto; per aver contribuito in modo determinante alla ristrutturazione del campanile della chiesa di S. Tommaso Apostolo e al recupero dell&#39;orologio a pendolo settecentesco che scandiva il tempo della comunit\u00e0.<\/p>\n","protected":false},"excerpt":{"rendered":"<p>In occasione della Festa della Repubblica<\/p>\n","protected":false},"author":22,"featured_media":29615,"comment_status":"closed","ping_status":"closed","sticky":false,"template":"","format":"standard","meta":{"dwc-title":[],"dwc-content":[],"footnotes":""},"categories":[5],"tags":[],"class_list":["post-29614","post","type-post","status-publish","format-standard","has-post-thumbnail","hentry","category-attualita"],"rttpg_featured_image_url":{"full":["https:\/\/imagazine.it\/wp-content\/uploads\/2024\/01\/29986-1.webp",750,534,false],"landscape":["https:\/\/imagazine.it\/wp-content\/uploads\/2024\/01\/29986-1.webp",750,534,false],"portraits":["https:\/\/imagazine.it\/wp-content\/uploads\/2024\/01\/29986-1.webp",750,534,false],"thumbnail":["https:\/\/imagazine.it\/wp-content\/uploads\/2024\/01\/29986-1-150x150.webp",150,150,true],"medium":["https:\/\/imagazine.it\/wp-content\/uploads\/2024\/01\/29986-1-300x214.webp",300,214,true],"large":["https:\/\/imagazine.it\/wp-content\/uploads\/2024\/01\/29986-1.webp",640,456,false],"thumblist":["https:\/\/imagazine.it\/wp-content\/uploads\/2024\/01\/29986-1.webp",300,214,false],"thumbrelated":["https:\/\/imagazine.it\/wp-content\/uploads\/2024\/01\/29986-1.webp",500,356,false],"meccarouselthumb":["https:\/\/imagazine.it\/wp-content\/uploads\/2024\/01\/29986-1.webp",455,324,false],"gridsquare":["https:\/\/imagazine.it\/wp-content\/uploads\/2024\/01\/29986-1.webp",365,260,false],"tileview":["https:\/\/imagazine.it\/wp-content\/uploads\/2024\/01\/29986-1.webp",300,214,false],"1536x1536":["https:\/\/imagazine.it\/wp-content\/uploads\/2024\/01\/29986-1.webp",750,534,false],"2048x2048":["https:\/\/imagazine.it\/wp-content\/uploads\/2024\/01\/29986-1.webp",750,534,false],"newsup-slider-full":["https:\/\/imagazine.it\/wp-content\/uploads\/2024\/01\/29986-1.webp",750,534,false],"newsup-featured":["https:\/\/imagazine.it\/wp-content\/uploads\/2024\/01\/29986-1.webp",750,534,false],"newsup-medium":["https:\/\/imagazine.it\/wp-content\/uploads\/2024\/01\/29986-1-720x380.webp",720,380,true],"tptn_thumbnail":["https:\/\/imagazine.it\/wp-content\/uploads\/2024\/01\/29986-1.webp",250,178,false],"sow-carousel-default":["https:\/\/imagazine.it\/wp-content\/uploads\/2024\/01\/29986-1-272x182.webp",272,182,true]},"rttpg_author":{"display_name":"Livio Nonis","author_link":"https:\/\/imagazine.it\/home_desk\/author\/nonis\/"},"rttpg_comment":0,"rttpg_category":"<a href=\"https:\/\/imagazine.it\/home_desk\/category\/attualita\/\" rel=\"category tag\">ATTUALIT\u00c0<\/a>","rttpg_excerpt":"In occasione della Festa della Repubblica","_links":{"self":[{"href":"https:\/\/imagazine.it\/home_desk\/wp-json\/wp\/v2\/posts\/29614","targetHints":{"allow":["GET"]}}],"collection":[{"href":"https:\/\/imagazine.it\/home_desk\/wp-json\/wp\/v2\/posts"}],"about":[{"href":"https:\/\/imagazine.it\/home_desk\/wp-json\/wp\/v2\/types\/post"}],"author":[{"embeddable":true,"href":"https:\/\/imagazine.it\/home_desk\/wp-json\/wp\/v2\/users\/22"}],"replies":[{"embeddable":true,"href":"https:\/\/imagazine.it\/home_desk\/wp-json\/wp\/v2\/comments?post=29614"}],"version-history":[{"count":0,"href":"https:\/\/imagazine.it\/home_desk\/wp-json\/wp\/v2\/posts\/29614\/revisions"}],"wp:featuredmedia":[{"embeddable":true,"href":"https:\/\/imagazine.it\/home_desk\/wp-json\/wp\/v2\/media\/29615"}],"wp:attachment":[{"href":"https:\/\/imagazine.it\/home_desk\/wp-json\/wp\/v2\/media?parent=29614"}],"wp:term":[{"taxonomy":"category","embeddable":true,"href":"https:\/\/imagazine.it\/home_desk\/wp-json\/wp\/v2\/categories?post=29614"},{"taxonomy":"post_tag","embeddable":true,"href":"https:\/\/imagazine.it\/home_desk\/wp-json\/wp\/v2\/tags?post=29614"}],"curies":[{"name":"wp","href":"https:\/\/api.w.org\/{rel}","templated":true}]}}