{"id":29608,"date":"2019-06-06T00:00:00","date_gmt":"2019-06-05T23:00:00","guid":{"rendered":"https:\/\/imagazine.it\/?p=29608"},"modified":"2019-06-06T00:00:00","modified_gmt":"2019-06-05T23:00:00","slug":"baia-di-sistiana-tra-tradizione-e-innovazione","status":"publish","type":"post","link":"https:\/\/imagazine.it\/home_desk\/baia-di-sistiana-tra-tradizione-e-innovazione\/","title":{"rendered":"Baia di Sistiana tra tradizione e innovazione"},"content":{"rendered":"<p>Illustrata oggi da <strong>Sergio Fari,<\/strong> presidente di SRS Servizio Ricreativo di Sistiana Srl, l\u2019offerta turistica 2019 della Baia di Sistiana, che unisce spiaggia, natura e svago e si arricchisce di degustazioni, <em>food experience<\/em> e altri eventi enogastronomici.<\/p>\n<p>\u201cUna festa \u2013 ha sottolineato Fari, alla presenza del sindaco di Duino Aurisina <strong>Daniela Pallotta<\/strong>, con gli assessori alle politiche giovanili, <strong>Valentina Banco<\/strong>, e al bilancio <strong>Stefano Battista<\/strong>; e l\u2019assessore ai giovani del Comune di Trieste <strong>Francesca De Santis<\/strong> \u2013 che ci terr\u00e0 compagnia lungo l\u2019estate. Oltre al rinnovo per la gestione del complesso di <strong>Castelreggio<\/strong>, la proposta di <strong>una nuova e suggestiva location<\/strong> al posto del Cohiba, che quest\u2019anno pur essendone in possesso in regime di affitto d&#39;azienda, non potr\u00e0 aprire per motivi indipendenti dalla nostra volont\u00e0 a causa di complesse problematiche di natura autorizzativa di competenza del concessionario demaniale. <strong>Sotto le Falesie di Duino, in riva al mare, nasce <em>Castigo<\/em><\/strong>, un nuovo locale sulla spiaggia aperto tutti i giorni dalla mattina fino a tardi e che, ogni mercoled\u00ec e domenica, si trasformer\u00e0 da <em>Lounge Bar<\/em> in un <em>Dance Floor<\/em> a cielo aperto per celebrare, ballando e brindando, il rito dell\u2019aperitivo al tramonto\u201d.<\/p>\n<p>Ogni mercoled\u00ec va in scena \u201cSistianjito\u201d il format con <strong>Enzo Zippo, Dj sinonimo di festa e divertimento<\/strong>, ad animare la consolle del Castigo con un programma musicale a 360\u00b0 di ballabili di tutti i tempi. Ogni domenica invece arrivano \u201cLe Domeniche in Castigo\u201d, il nuovo aperitivo con <strong>Master Dee <\/strong>coadiuvato da<strong> Morfeus<\/strong> al microfono a selezionare i \u201cpezzi\u201d dal mood pi\u00f9 moderno e attuale.<\/p>\n<p>\u201cUn\u2019altra novit\u00e0 dell\u2019estate 2019 \u2013 continua Fari \u2013 \u00e8 l\u2019apertura del <strong>nuovo <em>terrace bar<\/em> \u201cRotonda\u201d sulla terrazza del Cantera<\/strong>. Interamente rinnovata negli arredi e ripensata per godere del rito dell\u2019aperitivo e di romantici o conviviali dopocena (ogni giorno dalle 19.30 alle 24.00), la \u201cRotonda\u201d propone concerti live e dj set, e un fitto programma di appuntamenti per gli amanti del gusto e della bellezza\u201d.<\/p>\n<p><a href=\"http:\/\/imagazinevideotruck.it\/outlet\/relink.html\" target=\"_top\" rel=\"noopener\"><img loading=\"lazy\" decoding=\"async\" align=\"LEFT\" height=\"250\" src=\"http:\/\/imagazinevideotruck.it\/outlet\/outlet30.gif\" width=\"300\" alt=\"\" title=\"\"><\/a><\/p>\n<p>\u00a0<\/p>\n<p>\u00a0<\/p>\n<p>\u00a0<\/p>\n<p>\u00a0<\/p>\n<p>\u00a0<\/p>\n<p>\u00a0<\/p>\n<p>\u00a0<\/p>\n<p>\u00a0<\/p>\n<p>\u00a0<\/p>\n<p>\u201cPer garantire il regolare svolgimento di serate ed eventi \u2013 spiega Fari \u2013 quest\u2019anno abbiamo dotato il Cantera Social Club e il ristorante Toshare di un <strong>sistema di copertura motorizzato<\/strong> in grado di coprire il giardino esterno del Social Club: una struttura che s\u2019ispira alla tradizione velistica del territorio, dalle dimensioni e dalla forma innovative\u201d.<\/p>\n<p>La<strong> programmazione quest\u2019anno si arricchisce con due nuovi appuntamenti:<\/strong> i mercoled\u00ec BLACK MAGIC SHAKE al Cantera Caf\u00e8 con <strong>il format di Miguel Slekta<\/strong>, e le domeniche \u201copen air\u201d che, una volta al mese, gi\u00e0 dal tardo pomeriggio, avvolgeranno la Baia di Sistiana nelle sonorit\u00e0 elettroniche di alcuni fra i pi\u00f9 importanti dj e producer di fama mondiale.<\/p>\n<p>Dopo il successo delle passate edizioni del Carnevale Estivo, <strong>la \u201cCaravella\u201d quest\u2019anno triplica. <\/strong>A fianco della rassegna carnevalesca di Ferragosto, la Caravella organizzer\u00e0 altri due appuntamenti con la formula della <strong>\u201cfesta di paese\u201d dedicata al mondo country e alla cultura, musica e tradizioni balcaniche. <\/strong><\/p>\n<p>Tra gli ospiti attesi <strong>Franky Rizardo<\/strong>\u00a0(15 giugno), \u00a0<strong>Ludovica Pagani\u00a0<\/strong>(29 giugno),\u00a0<strong>Black coffee<\/strong>\u00a0(30 giugno),\u00a0<strong>Bob Sinclair<\/strong>\u00a0(13 luglio), <strong>Baby K\u00a0<\/strong>(27 luglio),\u00a0<strong>Chris Liebing<\/strong>\u00a0 (28 luglio),\u00a0\u00a0<strong>Blondish<\/strong>\u00a0(10 agosto),\u00a0<strong>Claptone<\/strong>\u00a0(14 agosto),\u00a0<strong>Purple Disco Machine<\/strong>\u00a0(7 settembre).<br \/> E per il tango <strong>Vivi La Falce<\/strong> (2 luglio), <strong>Diego Doigneau<\/strong> (9 luglio) e <strong>Punto Y Branca<\/strong> (23 luglio).<\/p>\n<p>Tra gli <strong>eventi enogastronomici di respiro regionale, nazionale e internazionale<\/strong> si segnalano: le degustazioni organizzate da Gusti Giusti che iniziano con <strong>Edy Kante<\/strong>, venerd\u00ec 7 giugno. Seguiranno la <strong>degustazione degli Champagne della Maison Bollinger<\/strong> e la <strong>degustazione della Cantina Bellavista in Franciacorta<\/strong>.<\/p>\n<p>Venerd\u00ec 19 luglio sar\u00e0 la volta di <strong>Un mare di stelle<\/strong>, s<em>how cooking<\/em> in compagnia di tre Chef insigniti del pi\u00f9 prestigioso riconoscimento per la cucina creativa e gourmet: <strong>Matteo Metullio<\/strong>, <strong>Graziano Prest<\/strong> e <strong>Francesco Baldissarutti<\/strong>. Per concludere la serata, i dolci della pasticceria artigianale <strong>Maritani <\/strong>di Monfalcone.<\/p>\n<p>Venerd\u00ec 26 luglio torna <strong>Degustando sotto le stelle<\/strong>, la manifestazione dedicata ai vini bianchi e spumanti del Friuli Venezia Giulia e del Collio sloveno, giunta alla sua 5\u00b0 edizione, alla quale parteciperanno 35 tra le migliori aziende vinicole abbinate a ristoranti, agriturismi wine-bar e prodotti tipici agroalimentari.<\/p>\n<p>Sempre dedicata ai vini,<strong> Sistiana Wine Festival<\/strong>, prima edizione di una nuova rassegna enogastronomica sulle eccellenze del vino, con un respiro internazionale: un viaggio nel mondo del vino attraverso l\u2019Italia, l\u2019Europa e il mondo.<\/p>\n","protected":false},"excerpt":{"rendered":"<p>Presentata la stagione estiva<\/p>\n","protected":false},"author":28,"featured_media":29609,"comment_status":"closed","ping_status":"closed","sticky":false,"template":"","format":"standard","meta":{"dwc-title":[],"dwc-content":[],"footnotes":""},"categories":[8],"tags":[],"class_list":["post-29608","post","type-post","status-publish","format-standard","has-post-thumbnail","hentry","category-turismo"],"rttpg_featured_image_url":{"full":["https:\/\/imagazine.it\/wp-content\/uploads\/2024\/01\/29971-1.webp",750,518,false],"landscape":["https:\/\/imagazine.it\/wp-content\/uploads\/2024\/01\/29971-1.webp",750,518,false],"portraits":["https:\/\/imagazine.it\/wp-content\/uploads\/2024\/01\/29971-1.webp",750,518,false],"thumbnail":["https:\/\/imagazine.it\/wp-content\/uploads\/2024\/01\/29971-1-150x150.webp",150,150,true],"medium":["https:\/\/imagazine.it\/wp-content\/uploads\/2024\/01\/29971-1-300x207.webp",300,207,true],"large":["https:\/\/imagazine.it\/wp-content\/uploads\/2024\/01\/29971-1.webp",640,442,false],"thumblist":["https:\/\/imagazine.it\/wp-content\/uploads\/2024\/01\/29971-1.webp",300,207,false],"thumbrelated":["https:\/\/imagazine.it\/wp-content\/uploads\/2024\/01\/29971-1.webp",500,345,false],"meccarouselthumb":["https:\/\/imagazine.it\/wp-content\/uploads\/2024\/01\/29971-1.webp",469,324,false],"gridsquare":["https:\/\/imagazine.it\/wp-content\/uploads\/2024\/01\/29971-1.webp",376,260,false],"tileview":["https:\/\/imagazine.it\/wp-content\/uploads\/2024\/01\/29971-1.webp",300,207,false],"1536x1536":["https:\/\/imagazine.it\/wp-content\/uploads\/2024\/01\/29971-1.webp",750,518,false],"2048x2048":["https:\/\/imagazine.it\/wp-content\/uploads\/2024\/01\/29971-1.webp",750,518,false],"newsup-slider-full":["https:\/\/imagazine.it\/wp-content\/uploads\/2024\/01\/29971-1.webp",750,518,false],"newsup-featured":["https:\/\/imagazine.it\/wp-content\/uploads\/2024\/01\/29971-1.webp",750,518,false],"newsup-medium":["https:\/\/imagazine.it\/wp-content\/uploads\/2024\/01\/29971-1-720x380.webp",720,380,true],"tptn_thumbnail":["https:\/\/imagazine.it\/wp-content\/uploads\/2024\/01\/29971-1.webp",250,173,false],"sow-carousel-default":["https:\/\/imagazine.it\/wp-content\/uploads\/2024\/01\/29971-1-272x182.webp",272,182,true]},"rttpg_author":{"display_name":"redazione","author_link":"https:\/\/imagazine.it\/home_desk\/author\/redazione\/"},"rttpg_comment":0,"rttpg_category":"<a href=\"https:\/\/imagazine.it\/home_desk\/category\/turismo\/\" rel=\"category tag\">TURISMO<\/a>","rttpg_excerpt":"Presentata la stagione estiva","_links":{"self":[{"href":"https:\/\/imagazine.it\/home_desk\/wp-json\/wp\/v2\/posts\/29608","targetHints":{"allow":["GET"]}}],"collection":[{"href":"https:\/\/imagazine.it\/home_desk\/wp-json\/wp\/v2\/posts"}],"about":[{"href":"https:\/\/imagazine.it\/home_desk\/wp-json\/wp\/v2\/types\/post"}],"author":[{"embeddable":true,"href":"https:\/\/imagazine.it\/home_desk\/wp-json\/wp\/v2\/users\/28"}],"replies":[{"embeddable":true,"href":"https:\/\/imagazine.it\/home_desk\/wp-json\/wp\/v2\/comments?post=29608"}],"version-history":[{"count":0,"href":"https:\/\/imagazine.it\/home_desk\/wp-json\/wp\/v2\/posts\/29608\/revisions"}],"wp:featuredmedia":[{"embeddable":true,"href":"https:\/\/imagazine.it\/home_desk\/wp-json\/wp\/v2\/media\/29609"}],"wp:attachment":[{"href":"https:\/\/imagazine.it\/home_desk\/wp-json\/wp\/v2\/media?parent=29608"}],"wp:term":[{"taxonomy":"category","embeddable":true,"href":"https:\/\/imagazine.it\/home_desk\/wp-json\/wp\/v2\/categories?post=29608"},{"taxonomy":"post_tag","embeddable":true,"href":"https:\/\/imagazine.it\/home_desk\/wp-json\/wp\/v2\/tags?post=29608"}],"curies":[{"name":"wp","href":"https:\/\/api.w.org\/{rel}","templated":true}]}}