{"id":29602,"date":"2019-06-06T00:00:00","date_gmt":"2019-06-05T23:00:00","guid":{"rendered":"https:\/\/imagazine.it\/?p=29602"},"modified":"2019-06-06T00:00:00","modified_gmt":"2019-06-05T23:00:00","slug":"gorizia-sette-sceneggiature-per-il-premio-amidei","status":"publish","type":"post","link":"https:\/\/imagazine.it\/home_desk\/gorizia-sette-sceneggiature-per-il-premio-amidei\/","title":{"rendered":"Gorizia, sette sceneggiature per il Premio Amidei"},"content":{"rendered":"<p>\u00c8 ufficiale la rosa di sceneggiature in concorso per il <strong>Premio Internazionale alla Migliore Sceneggiatura \u201cSergio Amidei\u201d <\/strong>giunto alla 38a edizione. Il Premio, in programma da gioved\u00ec 18 a mercoled\u00ec 24 luglio a Gorizia, si svolger\u00e0 ancora una volta nella sede del Palazzo del Cinema &#8211; His\u030ca Filma e nella cornice naturale del Parco Coronini Cronberg.<\/p>\n<p>La giuria &#8211; composta dagli sceneggiatori <strong>Massimo Gaudioso<\/strong> e <strong>Doriana Leondeff<\/strong>, i registi e sceneggiatori <strong>Francesco Bruni <\/strong>e <strong>Francesco Munzi<\/strong>, il regista <strong>Marco Risi<\/strong>, la produttrice <strong>Silvia D<\/strong><strong>\u2019<\/strong><strong>Amico<\/strong>, l\u2019attrice <strong>Giovanna Ralli <\/strong>&#8211; ha selezionato i film in concorso tra i titoli europei usciti nelle sale durante la stagione cinematografica 2018-2019.<\/p>\n<p>La sceneggiatura vincitrice &#8211; che sar\u00e0 rivelata ufficialmente nella serata conclusiva di <strong>mercoled\u00ec 24 luglio<\/strong> &#8211; verr\u00e0 premiata per la sua originalit\u00e0 e per la capacit\u00e0 di sperimentare nuove formule narrative, oltre che per l\u2019attenzione alla realt\u00e0 sociale e ai temi emergenti del mondo contemporaneo.<\/p>\n<p>Sette le sceneggiature in lizza per il Premio 2019: <strong>Ricordi?<\/strong> (Italia; <em>sceneggiatura e regia: Valerio Mieli<\/em>), <strong>La favorita<\/strong> (<em>The Favourite<\/em>, Irlanda, Gran Bretagna, Usa; <em>sceneggiatura: Deborah Davis, Tony Mcnamara<\/em>; regia: Yorgos Lanthimos), <strong>Cold War<\/strong> (<em>Zimna wojna<\/em>; Gran Bretagna, Francia, Polonia; <em>sceneggiatura: Pawel Pawlikowski, cosceneggiatore: Janusz Glowacki<\/em>; regia: Pawel Pawlikowski), <strong>Ma cosa ci dice il cervello <\/strong>(Italia; <em>sceneggiatura: Furio Andreotti, Giulia Calenda, Paola Cortellesi, Riccardo Milani<\/em>; regia: Riccardo Milani), <strong>Il traditore <\/strong>(Italia, Francia, Brasile, Germania; <em>sceneggiatura: Marco Bellocchio, Valia Santella, Ludovica Rampoldi, Francesco Piccolo<\/em>; regia: Marco Bellocchio), <strong>La terra dell\u2019abbastanza <\/strong>(Italia; <em>sceneggiatura e regia: Damiano D\u2019Innocenzo e Fabio D\u2019Innocenzo<\/em>), <strong>Sulla mia pelle <\/strong>(Italia; <em>sceneggiatura: Lisa Nur Sultan, Alessio Cremonini<\/em>; regia: Alessio Cremonini).<\/p>\n<p>Come da tradizione sar\u00e0 proiettato fuori concorso il vincitore degli Oscar come miglior film, titolo conquistato nel 2019 da <strong>Green Book<\/strong> (Usa; <em>sceneggiatura: Brian Hayes Currie,\u00a0Peter Farrelly, Nick Vallelonga<\/em>; regia: Peter Farrelly), saranno infine proposti <strong>Fuck You Immortality<\/strong> (Italia, Usa; <em>sceneggiatura e regia: Federico Scargiali<\/em>) e <strong>Segretarie &#8211; Una vita per il cinema<\/strong> (Italia; <em>sceneggiatura e regia: Raffaele Rago, Daniela Masciale<\/em>).<\/p>\n<p>Al Premio principale, quello alla Migliore sceneggiatura, si affiancano come consuetudine altri tre importanti riconoscimenti: <strong>il Premio all&#39;Opera d&#39;autore, il Premio alla cultura cinematografica <\/strong>e il <strong>Premio del Pubblico<\/strong>.<\/p>\n<p><a href=\"http:\/\/imagazinevideotruck.it\/outlet\/relink.html\" target=\"_top\" rel=\"noopener\"><img loading=\"lazy\" decoding=\"async\" align=\"LEFT\" height=\"250\" src=\"http:\/\/imagazinevideotruck.it\/outlet\/outlet30.gif\" width=\"300\" alt=\"\" title=\"\"><\/a><\/p>\n<p>\u00a0<\/p>\n<p>\u00a0<\/p>\n<p>\u00a0<\/p>\n<p>\u00a0<\/p>\n<p>\u00a0<\/p>\n<p>\u00a0<\/p>\n<p>\u00a0<\/p>\n<p>\u00a0<\/p>\n<p>\u00a0<\/p>\n<p>Il palinsesto si snoder\u00e0 inoltre tra le diverse retrospettive in programma: la sezione <strong>Spazio Off <\/strong>che ha lo scopo di illuminare le zone pi\u00f9 indipendenti e periferiche del cinema italiano e internazionale, la sezione <strong>Scrittura seriale<\/strong> dedicata alla scrittura long-running per la tv e il web, la sezione <strong>Racconti privati, memorie pubbliche<\/strong> che si concentra sul lavoro di ricerca e di valorizzazione dei materiali d\u2019archivio, in particolare di quelli conservati presso la Mediateca.GO \u201cUgo Casiraghi\u201d di Gorizia, la sezione <strong>Amidei kids<\/strong> dedicata al pubblico di bambini e ragazzi, la sezione <strong>Pagine di Scrittura <\/strong>che d\u00e0 spazio alla ricerca e alla letteratura dedicata al cinema attraverso la presentazione di opere di recente pubblicazione e poi retrospettive a tema che arricchiscono\u00a0ulteriormente il palinsesto della manifestazione.<\/p>\n","protected":false},"excerpt":{"rendered":"<p>Dal 18 al 24 luglio la 38^ edizione<\/p>\n","protected":false},"author":28,"featured_media":29603,"comment_status":"closed","ping_status":"closed","sticky":false,"template":"","format":"standard","meta":{"dwc-title":[],"dwc-content":[],"footnotes":""},"categories":[37],"tags":[],"class_list":["post-29602","post","type-post","status-publish","format-standard","has-post-thumbnail","hentry","category-cultura-e-spettacolo"],"rttpg_featured_image_url":{"full":["https:\/\/imagazine.it\/wp-content\/uploads\/2024\/01\/29961-1.webp",750,500,false],"landscape":["https:\/\/imagazine.it\/wp-content\/uploads\/2024\/01\/29961-1.webp",750,500,false],"portraits":["https:\/\/imagazine.it\/wp-content\/uploads\/2024\/01\/29961-1.webp",750,500,false],"thumbnail":["https:\/\/imagazine.it\/wp-content\/uploads\/2024\/01\/29961-1-150x150.webp",150,150,true],"medium":["https:\/\/imagazine.it\/wp-content\/uploads\/2024\/01\/29961-1-300x200.webp",300,200,true],"large":["https:\/\/imagazine.it\/wp-content\/uploads\/2024\/01\/29961-1.webp",640,427,false],"thumblist":["https:\/\/imagazine.it\/wp-content\/uploads\/2024\/01\/29961-1.webp",300,200,false],"thumbrelated":["https:\/\/imagazine.it\/wp-content\/uploads\/2024\/01\/29961-1.webp",500,333,false],"meccarouselthumb":["https:\/\/imagazine.it\/wp-content\/uploads\/2024\/01\/29961-1.webp",474,316,false],"gridsquare":["https:\/\/imagazine.it\/wp-content\/uploads\/2024\/01\/29961-1.webp",391,260,false],"tileview":["https:\/\/imagazine.it\/wp-content\/uploads\/2024\/01\/29961-1.webp",300,200,false],"1536x1536":["https:\/\/imagazine.it\/wp-content\/uploads\/2024\/01\/29961-1.webp",750,500,false],"2048x2048":["https:\/\/imagazine.it\/wp-content\/uploads\/2024\/01\/29961-1.webp",750,500,false],"newsup-slider-full":["https:\/\/imagazine.it\/wp-content\/uploads\/2024\/01\/29961-1.webp",750,500,false],"newsup-featured":["https:\/\/imagazine.it\/wp-content\/uploads\/2024\/01\/29961-1.webp",750,500,false],"newsup-medium":["https:\/\/imagazine.it\/wp-content\/uploads\/2024\/01\/29961-1-720x380.webp",720,380,true],"tptn_thumbnail":["https:\/\/imagazine.it\/wp-content\/uploads\/2024\/01\/29961-1.webp",250,167,false],"sow-carousel-default":["https:\/\/imagazine.it\/wp-content\/uploads\/2024\/01\/29961-1-272x182.webp",272,182,true]},"rttpg_author":{"display_name":"redazione","author_link":"https:\/\/imagazine.it\/home_desk\/author\/redazione\/"},"rttpg_comment":0,"rttpg_category":"<a href=\"https:\/\/imagazine.it\/home_desk\/category\/cultura-e-spettacolo\/\" rel=\"category tag\">CULTURA&amp;SPETTACOLO<\/a>","rttpg_excerpt":"Dal 18 al 24 luglio la 38^ edizione","_links":{"self":[{"href":"https:\/\/imagazine.it\/home_desk\/wp-json\/wp\/v2\/posts\/29602","targetHints":{"allow":["GET"]}}],"collection":[{"href":"https:\/\/imagazine.it\/home_desk\/wp-json\/wp\/v2\/posts"}],"about":[{"href":"https:\/\/imagazine.it\/home_desk\/wp-json\/wp\/v2\/types\/post"}],"author":[{"embeddable":true,"href":"https:\/\/imagazine.it\/home_desk\/wp-json\/wp\/v2\/users\/28"}],"replies":[{"embeddable":true,"href":"https:\/\/imagazine.it\/home_desk\/wp-json\/wp\/v2\/comments?post=29602"}],"version-history":[{"count":0,"href":"https:\/\/imagazine.it\/home_desk\/wp-json\/wp\/v2\/posts\/29602\/revisions"}],"wp:featuredmedia":[{"embeddable":true,"href":"https:\/\/imagazine.it\/home_desk\/wp-json\/wp\/v2\/media\/29603"}],"wp:attachment":[{"href":"https:\/\/imagazine.it\/home_desk\/wp-json\/wp\/v2\/media?parent=29602"}],"wp:term":[{"taxonomy":"category","embeddable":true,"href":"https:\/\/imagazine.it\/home_desk\/wp-json\/wp\/v2\/categories?post=29602"},{"taxonomy":"post_tag","embeddable":true,"href":"https:\/\/imagazine.it\/home_desk\/wp-json\/wp\/v2\/tags?post=29602"}],"curies":[{"name":"wp","href":"https:\/\/api.w.org\/{rel}","templated":true}]}}