{"id":29596,"date":"2019-06-05T00:00:00","date_gmt":"2019-06-04T23:00:00","guid":{"rendered":"https:\/\/imagazine.it\/?p=29596"},"modified":"2019-06-05T00:00:00","modified_gmt":"2019-06-04T23:00:00","slug":"cividale-premia-i-cittadini-dal-pollice-verde","status":"publish","type":"post","link":"https:\/\/imagazine.it\/home_desk\/cividale-premia-i-cittadini-dal-pollice-verde\/","title":{"rendered":"Cividale premia i cittadini dal pollice verde"},"content":{"rendered":"<p>Torna a Cividale l\u2019appuntamento con \u201c<strong>Balconi e giardini fioriti \u2013 Vetrine in fiore<\/strong>\u201d, promosso dall\u2019Amministrazione comunale e giunto all\u2019undicesima edizione.<br \/> L\u2019iniziativa \u00e8 stata ideata per favorire il coinvolgimento e la partecipazione dell\u2019intera comunit\u00e0 cividalese alla valorizzazione e promozione del territorio, anche in considerazione dell&#39;iscrizione della citt\u00e0 ducale nella World Heritage List UNESCO e al conferimento della Bandiera Arancione da parte del Touring Club Italiano.<\/p>\n<p>&#8220;La partecipazione cittadina costituisce un elemento imprescindibile per il successo turistico della citt\u00e0 &#8211; afferma l&#39;assessore<strong> Daniela Bernardi<\/strong> &#8211; e per questo riteniamo importante coinvolgere e sostenere le persone e le attivit\u00e0 commerciali nella cura di balconi, vetrine e giardini. Vogliamo infatti dare un riconoscimento tangibile a quanti, con il loro impegno, contribuiscono fattivamente a presentare al meglio Cividale, sia ai turisti che ai propri concittadini&#8221;.<\/p>\n<p><a href=\"http:\/\/imagazinevideotruck.it\/outlet\/relink.html\" target=\"_top\" rel=\"noopener\"><img loading=\"lazy\" decoding=\"async\" align=\"LEFT\" height=\"250\" src=\"http:\/\/imagazinevideotruck.it\/outlet\/outlet30.gif\" width=\"300\" alt=\"\" title=\"\"><\/a><\/p>\n<p>\u00a0<\/p>\n<p>\u00a0<\/p>\n<p>\u00a0<\/p>\n<p>\u00a0<\/p>\n<p>\u00a0<\/p>\n<p>\u00a0<\/p>\n<p>\u00a0<\/p>\n<p>\u00a0<\/p>\n<p>\u00a0<\/p>\n<p>Quest&#39;anno per partecipare \u00e8 necessario inviare la propria adesione entro il 19 giugno, compilando il modulo in distribuzione presso l\u2019Informacitt\u00e0 di Cividale, e scaricabile dal <u><a href=\"http:\/\/www.cividale.net\" target=\"_blank\" rel=\"noopener\">sito istituzionale del Comune<\/a><\/u>. Tutti i partecipanti saranno premiati a seguito della valutazione di una apposita commissione, che verificher\u00e0 il rispetto degli standard minimi di qualit\u00e0 richiesti nel regolamento. Questi ultimi riguardano la variet\u00e0 e combinazione dei colori dei fiori e delle piante, la qualit\u00e0 e la sana e rigogliosa crescita degli stessi, l\u2019originalit\u00e0 dell&#39;allestimento.<\/p>\n<p>Ulteriori informazioni sono reperibili contattando l\u2019Informacitt\u00e0 del Comune di Cividale del Friuli chiamando allo 0432 710460 o scrivendo all\u2019indirizzo mail turismo@cividale.net.<\/p>\n<p>Come lancio al concorso, l\u2019assessorato al Turismo ha infine organizzato un incontro a ingresso gratuito con <strong>Claudia Pavoni<\/strong>, esperta nella gestione e manutenzione di giardini e aree verdi, che avr\u00e0 luogo <strong>luned\u00ec 10 giugno<\/strong> alle <strong>ore 17<\/strong> presso il Refettorio del Monastero di Santa Maria in Valle in via Monastero Maggiore 34. Nell\u2019occasione Pavoni parler\u00e0 della gestione e manutenzione dei terrazzi e giardini.\u00a0<\/p>\n","protected":false},"excerpt":{"rendered":"<p>Adesioni entro il 19 giugno<\/p>\n","protected":false},"author":28,"featured_media":29597,"comment_status":"closed","ping_status":"closed","sticky":false,"template":"","format":"standard","meta":{"dwc-title":[],"dwc-content":[],"footnotes":""},"categories":[5],"tags":[],"class_list":["post-29596","post","type-post","status-publish","format-standard","has-post-thumbnail","hentry","category-attualita"],"rttpg_featured_image_url":{"full":["https:\/\/imagazine.it\/wp-content\/uploads\/2024\/01\/29937-1.webp",750,422,false],"landscape":["https:\/\/imagazine.it\/wp-content\/uploads\/2024\/01\/29937-1.webp",750,422,false],"portraits":["https:\/\/imagazine.it\/wp-content\/uploads\/2024\/01\/29937-1.webp",750,422,false],"thumbnail":["https:\/\/imagazine.it\/wp-content\/uploads\/2024\/01\/29937-1-150x150.webp",150,150,true],"medium":["https:\/\/imagazine.it\/wp-content\/uploads\/2024\/01\/29937-1-300x169.webp",300,169,true],"large":["https:\/\/imagazine.it\/wp-content\/uploads\/2024\/01\/29937-1.webp",640,360,false],"thumblist":["https:\/\/imagazine.it\/wp-content\/uploads\/2024\/01\/29937-1.webp",300,169,false],"thumbrelated":["https:\/\/imagazine.it\/wp-content\/uploads\/2024\/01\/29937-1.webp",500,281,false],"meccarouselthumb":["https:\/\/imagazine.it\/wp-content\/uploads\/2024\/01\/29937-1.webp",474,267,false],"gridsquare":["https:\/\/imagazine.it\/wp-content\/uploads\/2024\/01\/29937-1.webp",391,220,false],"tileview":["https:\/\/imagazine.it\/wp-content\/uploads\/2024\/01\/29937-1.webp",300,169,false],"1536x1536":["https:\/\/imagazine.it\/wp-content\/uploads\/2024\/01\/29937-1.webp",750,422,false],"2048x2048":["https:\/\/imagazine.it\/wp-content\/uploads\/2024\/01\/29937-1.webp",750,422,false],"newsup-slider-full":["https:\/\/imagazine.it\/wp-content\/uploads\/2024\/01\/29937-1.webp",750,422,false],"newsup-featured":["https:\/\/imagazine.it\/wp-content\/uploads\/2024\/01\/29937-1.webp",750,422,false],"newsup-medium":["https:\/\/imagazine.it\/wp-content\/uploads\/2024\/01\/29937-1-720x380.webp",720,380,true],"tptn_thumbnail":["https:\/\/imagazine.it\/wp-content\/uploads\/2024\/01\/29937-1.webp",250,141,false],"sow-carousel-default":["https:\/\/imagazine.it\/wp-content\/uploads\/2024\/01\/29937-1-272x182.webp",272,182,true]},"rttpg_author":{"display_name":"redazione","author_link":"https:\/\/imagazine.it\/home_desk\/author\/redazione\/"},"rttpg_comment":0,"rttpg_category":"<a href=\"https:\/\/imagazine.it\/home_desk\/category\/attualita\/\" rel=\"category tag\">ATTUALIT\u00c0<\/a>","rttpg_excerpt":"Adesioni entro il 19 giugno","_links":{"self":[{"href":"https:\/\/imagazine.it\/home_desk\/wp-json\/wp\/v2\/posts\/29596","targetHints":{"allow":["GET"]}}],"collection":[{"href":"https:\/\/imagazine.it\/home_desk\/wp-json\/wp\/v2\/posts"}],"about":[{"href":"https:\/\/imagazine.it\/home_desk\/wp-json\/wp\/v2\/types\/post"}],"author":[{"embeddable":true,"href":"https:\/\/imagazine.it\/home_desk\/wp-json\/wp\/v2\/users\/28"}],"replies":[{"embeddable":true,"href":"https:\/\/imagazine.it\/home_desk\/wp-json\/wp\/v2\/comments?post=29596"}],"version-history":[{"count":0,"href":"https:\/\/imagazine.it\/home_desk\/wp-json\/wp\/v2\/posts\/29596\/revisions"}],"wp:featuredmedia":[{"embeddable":true,"href":"https:\/\/imagazine.it\/home_desk\/wp-json\/wp\/v2\/media\/29597"}],"wp:attachment":[{"href":"https:\/\/imagazine.it\/home_desk\/wp-json\/wp\/v2\/media?parent=29596"}],"wp:term":[{"taxonomy":"category","embeddable":true,"href":"https:\/\/imagazine.it\/home_desk\/wp-json\/wp\/v2\/categories?post=29596"},{"taxonomy":"post_tag","embeddable":true,"href":"https:\/\/imagazine.it\/home_desk\/wp-json\/wp\/v2\/tags?post=29596"}],"curies":[{"name":"wp","href":"https:\/\/api.w.org\/{rel}","templated":true}]}}