{"id":29584,"date":"2019-06-04T00:00:00","date_gmt":"2019-06-03T23:00:00","guid":{"rendered":"https:\/\/imagazine.it\/?p=29584"},"modified":"2019-06-04T00:00:00","modified_gmt":"2019-06-03T23:00:00","slug":"da-cividale-a-bruxelles-per-le-lingue-minoritarie-a-scuola","status":"publish","type":"post","link":"https:\/\/imagazine.it\/home_desk\/da-cividale-a-bruxelles-per-le-lingue-minoritarie-a-scuola\/","title":{"rendered":"Da Cividale a Bruxelles per le lingue minoritarie a scuola"},"content":{"rendered":"<p>Nuova tappa per l\u2019iniziativa coordinata dal Convitto Paolo Diacono, Comune di Cividale del Friuli e ARLeF, a cui si sono aggiunti l&#39;ente Regione Galizia (Spagna), due scuole della Regione Galizia, la Croazia (Unione delle minoranze) e la scuola di Rovigno (per un totale di otto partner tra Enti istituzionali, Scuole primarie e secondarie di primo grado di Italia, Spagna e Croazia): si tratta di<strong> <\/strong>&#8220;<strong>RUSH &#8211; Re and Up Skilling Horizons<\/strong>&#8220;, <strong>prog<\/strong><strong>etto triennale autorizzato dall\u2019Unione Europea e<\/strong> centrato sul valore culturale del plurilinguismo nella didattica con l&#39;uso delle lingue minoritarie.<\/p>\n<p>I protagonisti del progetto sono stati ospitati dalla <em>Conselleria de Educaci\u00f2n della Galizia<\/em> a Santiago di Compostela (Spagna) nell\u2019ambito di un Meeting Transnazionale, per fare il punto sull\u2019avanzamento dei lavori relativamente agli obiettivi generali dell\u2019iniziativa, che sono due: la realizzazione di una Linea Guida per il docente plurilingue in Europa tradotta in 6 lingue (inglese, italiano, spagnolo, croato, friulano e galiziano) e la creazione di un Centro Risorse europeo che ospiter\u00e0 i materiali per l\u2019insegnamento plurilingue, prodotti dai docenti, che saranno a disposizione di tutte le scuole.<\/p>\n<p>Al termine del Meeting \u00e8 stato annunciato dai referenti del progetto che la Linea Guida, finalizzata a definire i titoli riconosciuti al docente plurilingue in Europa, a creare moduli formativi attraverso l\u2019apprendimento integrato di lingua e contenuto e ad aumentare le opportunit\u00e0 occupazionali dei docenti in Europa,<strong> <\/strong>verr\u00e0 completata <strong>entro il mese di ottobre<\/strong> (manca da implementare la sezione di esemplificazione di attivit\u00e0 didattiche). \u00c8 stata, inoltre, attivata la banca dati relativa alle attivit\u00e0 didattiche effettivamente svolte e messe a disposizione di tutte quelle scuole in cui si vuole dare impulso all&#39;insegnamento plurilingue. A breve, potr\u00e0 essere consultata da tutti gli operatori.<\/p>\n<p><a href=\"http:\/\/imagazinevideotruck.it\/outlet\/relink.html\" target=\"_top\" rel=\"noopener\"><img loading=\"lazy\" decoding=\"async\" align=\"LEFT\" height=\"250\" src=\"http:\/\/imagazinevideotruck.it\/outlet\/outlet30.gif\" width=\"300\" alt=\"\" title=\"\"><\/a><\/p>\n<p>\u00a0<\/p>\n<p>\u00a0<\/p>\n<p>\u00a0<\/p>\n<p>\u00a0<\/p>\n<p>\u00a0<\/p>\n<p>\u00a0<\/p>\n<p>\u00a0<\/p>\n<p>\u00a0<\/p>\n<p>\u00a0<\/p>\n<p>Gli esiti del percorso progettuale, che comprende attivit\u00e0 di ricerca-azione nelle scuole primarie e secondarie, attivit\u00e0 di formazione dei docenti e di scambio per alunni, verranno presentati in sede europea a Bruxelles ai decisori politici interessati alla presenza delle lingue (ufficiali, minoritarie, locali) nel percorso di apprendimento scolastico.<\/p>\n<p>Presente al Meeting di Santiago anche <strong>Clementina Frescura,<\/strong> reggente del Convitto nazionale \u2018Paolo Diacono\u2019 di Cividale: <em>\u00abSiamo entusiasti della fiducia che la Commissione Europea ha riposto in questa iniziativa strategica sullo sviluppo del plurilinguismo nelle scuole con l&#39;utilizzo delle lingue minoritarie. Il Meeting Transnazionale a cui abbiamo preso parte ci ha dato la possibilit\u00e0 di offrire le dovute garanzie al progetto, ribadendo la nostra aderenza al percorso programmatico previsto, con un forte investimento di risorse umane nell&#39;allargamento delle scuole protagoniste. Inoltre, i risultati di questa inedita attivit\u00e0 di ricerca-azione andranno condivisi anche con il Parlamento europeo\u00bb.<\/em><\/p>\n","protected":false},"excerpt":{"rendered":"<p>Nuova tappa per &#8220;Rush&#8221;<\/p>\n","protected":false},"author":28,"featured_media":29585,"comment_status":"closed","ping_status":"closed","sticky":false,"template":"","format":"standard","meta":{"dwc-title":[],"dwc-content":[],"footnotes":""},"categories":[5],"tags":[],"class_list":["post-29584","post","type-post","status-publish","format-standard","has-post-thumbnail","hentry","category-attualita"],"rttpg_featured_image_url":{"full":["https:\/\/imagazine.it\/wp-content\/uploads\/2024\/01\/29919-1.webp",750,484,false],"landscape":["https:\/\/imagazine.it\/wp-content\/uploads\/2024\/01\/29919-1.webp",750,484,false],"portraits":["https:\/\/imagazine.it\/wp-content\/uploads\/2024\/01\/29919-1.webp",750,484,false],"thumbnail":["https:\/\/imagazine.it\/wp-content\/uploads\/2024\/01\/29919-1-150x150.webp",150,150,true],"medium":["https:\/\/imagazine.it\/wp-content\/uploads\/2024\/01\/29919-1-300x194.webp",300,194,true],"large":["https:\/\/imagazine.it\/wp-content\/uploads\/2024\/01\/29919-1.webp",640,413,false],"thumblist":["https:\/\/imagazine.it\/wp-content\/uploads\/2024\/01\/29919-1.webp",300,194,false],"thumbrelated":["https:\/\/imagazine.it\/wp-content\/uploads\/2024\/01\/29919-1.webp",500,323,false],"meccarouselthumb":["https:\/\/imagazine.it\/wp-content\/uploads\/2024\/01\/29919-1.webp",474,306,false],"gridsquare":["https:\/\/imagazine.it\/wp-content\/uploads\/2024\/01\/29919-1.webp",391,252,false],"tileview":["https:\/\/imagazine.it\/wp-content\/uploads\/2024\/01\/29919-1.webp",300,194,false],"1536x1536":["https:\/\/imagazine.it\/wp-content\/uploads\/2024\/01\/29919-1.webp",750,484,false],"2048x2048":["https:\/\/imagazine.it\/wp-content\/uploads\/2024\/01\/29919-1.webp",750,484,false],"newsup-slider-full":["https:\/\/imagazine.it\/wp-content\/uploads\/2024\/01\/29919-1.webp",750,484,false],"newsup-featured":["https:\/\/imagazine.it\/wp-content\/uploads\/2024\/01\/29919-1.webp",750,484,false],"newsup-medium":["https:\/\/imagazine.it\/wp-content\/uploads\/2024\/01\/29919-1-720x380.webp",720,380,true],"tptn_thumbnail":["https:\/\/imagazine.it\/wp-content\/uploads\/2024\/01\/29919-1.webp",250,161,false],"sow-carousel-default":["https:\/\/imagazine.it\/wp-content\/uploads\/2024\/01\/29919-1-272x182.webp",272,182,true]},"rttpg_author":{"display_name":"redazione","author_link":"https:\/\/imagazine.it\/home_desk\/author\/redazione\/"},"rttpg_comment":0,"rttpg_category":"<a href=\"https:\/\/imagazine.it\/home_desk\/category\/attualita\/\" rel=\"category tag\">ATTUALIT\u00c0<\/a>","rttpg_excerpt":"Nuova tappa per \"Rush\"","_links":{"self":[{"href":"https:\/\/imagazine.it\/home_desk\/wp-json\/wp\/v2\/posts\/29584","targetHints":{"allow":["GET"]}}],"collection":[{"href":"https:\/\/imagazine.it\/home_desk\/wp-json\/wp\/v2\/posts"}],"about":[{"href":"https:\/\/imagazine.it\/home_desk\/wp-json\/wp\/v2\/types\/post"}],"author":[{"embeddable":true,"href":"https:\/\/imagazine.it\/home_desk\/wp-json\/wp\/v2\/users\/28"}],"replies":[{"embeddable":true,"href":"https:\/\/imagazine.it\/home_desk\/wp-json\/wp\/v2\/comments?post=29584"}],"version-history":[{"count":0,"href":"https:\/\/imagazine.it\/home_desk\/wp-json\/wp\/v2\/posts\/29584\/revisions"}],"wp:featuredmedia":[{"embeddable":true,"href":"https:\/\/imagazine.it\/home_desk\/wp-json\/wp\/v2\/media\/29585"}],"wp:attachment":[{"href":"https:\/\/imagazine.it\/home_desk\/wp-json\/wp\/v2\/media?parent=29584"}],"wp:term":[{"taxonomy":"category","embeddable":true,"href":"https:\/\/imagazine.it\/home_desk\/wp-json\/wp\/v2\/categories?post=29584"},{"taxonomy":"post_tag","embeddable":true,"href":"https:\/\/imagazine.it\/home_desk\/wp-json\/wp\/v2\/tags?post=29584"}],"curies":[{"name":"wp","href":"https:\/\/api.w.org\/{rel}","templated":true}]}}