{"id":29576,"date":"2019-06-03T00:00:00","date_gmt":"2019-06-02T23:00:00","guid":{"rendered":"https:\/\/imagazine.it\/?p=29576"},"modified":"2019-06-03T00:00:00","modified_gmt":"2019-06-02T23:00:00","slug":"tolmezzo-pronta-ad-abbracciare-gli-alpini","status":"publish","type":"post","link":"https:\/\/imagazine.it\/home_desk\/tolmezzo-pronta-ad-abbracciare-gli-alpini\/","title":{"rendered":"Tolmezzo pronta ad abbracciare gli Alpini"},"content":{"rendered":"<p>Tre giorni intensi attendono e impegneranno gli Alpini, e non solo, che arriveranno a Tolmezzo tra il 14 e il 16 giugno: il raduno Triveneto \u00e8 infatti il secondo per numero di partecipanti dopo l\u2019Adunata nazionale. Tolmezzo sar\u00e0 sede per la prima volta di questo evento, proprio nell\u2019anno in cui l\u2019Associazione Nazionale Alpini festeggia il suo primo centenario.<\/p>\n<p>Il programma coinvolger\u00e0 oltre al capoluogo carnico, riconosciuto \u201cCitt\u00e0 Alpina dell\u2019anno 2017\u201d, anche la localit\u00e0 di Timau, le cui montagne furono teatro di sanguinosi combattimenti durante la Grande Guerra. Ed \u00e8 proprio qui che si aprir\u00e0 la giornata del 14 giugno a casera Malpasso (1.619 m) con la resa degli onori alla memoria della portatrice <strong>Maria Plozner Mentil<\/strong>, Medaglia d\u2019Oro al valor militare, e con un omaggio a tutte le portatrici carniche. Seguiranno due momenti culturali con una visita al Museo della Grande Guerra e la presentazione, a Tolmezzo nel primo pomeriggio, del libro <em>I resti della\u00a0Julia, dalla Vojussa al Don. Diario di Giacomo Bellina<\/em>, pubblicato proprio in occasione del\u00a0Raduno. La serata si concluder\u00e0 con un concerto di cori presso il teatro comunale.<\/p>\n<p>Sabato 15 giugno, dopo l\u2019alzabandiera in piazza XX Settembre, una prima sfilata porter\u00e0\u00a0gli Alpini a rendere gli onori ai Caduti di tutte le guerre presso il Monumento all\u2019Alpino.\u00a0Dopo l\u2019inaugurazione di un\u2019esposizione militare e gli onori ai Caduti presso il Sacrario di\u00a0Timau, nel pomeriggio verr\u00e0 conferita la cittadinanza onoraria all\u2019ANA e monsignor\u00a0<strong>Andrea Bruno Mazzocato<\/strong>, arcivescovo di Udine, celebrer\u00e0 la messa nel Duomo di San\u00a0Martino. La serata sar\u00e0 animata da concerti e cori per le strade del centro e nel\u00a0teatro comunale.\u00a0<\/p>\n<p>Domenica 16 giugno sar\u00e0 il giorno della sfilata per gli Alpini, che arriveranno dal\u00a0Triveneto e dalle sezioni di altre regioni, ma anche di altri Paesi. L\u2019ammassamento \u00e8\u00a0previsto a Tolmezzo nord, con partenza da via Paluzza. Il corteo attraverser\u00e0 via Matteotti\u00a0fino a raggiungere piazza Garibaldi e poi piazza XX Settembre; proseguir\u00e0 poi per via\u00a0Linussio lungo la roggia, fino all\u2019incrocio con via Marchi per ricongiungersi poi con via\u00a0Lequio. L\u2019arrivo sar\u00e0 in piazza Centa, dove inizier\u00e0 lo scioglimento. Sono previste in\u00a0sfilamento 20 mila penne nere. La sfilata si concluder\u00e0 con la tradizionale cerimonia\u00a0del passaggio della stecca ai rappresentanti di Asiago, citt\u00e0 veneta che ospiter\u00e0 il\u00a0prossimo raduno Triveneto, nel 2020.<\/p>\n<p><em>\u00abSono orgoglioso\u00a0di ospitare la presentazione del raduno degli Alpini, una grande occasione di festa alla cui riuscita parteciperanno attivamente anche tante attivit\u00e0 produttive. Sar\u00e0 un momento di gioia e di memoria, che coinvolger\u00e0 Tolmezzo e con essa tutta la montagna e la nostra regione, e un&#39;occasione per ricordare anche l&#39;importanza del presidio degli alpini sul territorio. A Tolmezzo in particolare sar\u00e0 opportunit\u00e0 anche per puntare i riflettori su strutture come le caserme, oggi deserte, e sull&#39;importanza di dare vita a progetti di riqualificazione a vantaggio di tutta la montagna\u00bb\u00a0<\/em>ha dichiarato il presidente della Camera di Commercio di Pordenone-Udine,\u00a0<strong>Giovanni Da Pozzo<\/strong>, che ha anche omaggiato il presidente nazionale dell&#39;Ana,\u00a0<strong>Sebastiano Favero<\/strong>,<strong> con la Moneta d&#39;Oro di Jacopo Linussio<\/strong>, l&#39;onorificenza camerale simbolo d&#39;identit\u00e0 e di innovazione imprenditoriale.<\/p>\n","protected":false},"excerpt":{"rendered":"<p>Dal 14 al 16 giugno<\/p>\n","protected":false},"author":28,"featured_media":29577,"comment_status":"closed","ping_status":"closed","sticky":false,"template":"","format":"standard","meta":{"dwc-title":[],"dwc-content":[],"footnotes":""},"categories":[8],"tags":[],"class_list":["post-29576","post","type-post","status-publish","format-standard","has-post-thumbnail","hentry","category-turismo"],"rttpg_featured_image_url":{"full":["https:\/\/imagazine.it\/wp-content\/uploads\/2024\/01\/29889-1.webp",750,489,false],"landscape":["https:\/\/imagazine.it\/wp-content\/uploads\/2024\/01\/29889-1.webp",750,489,false],"portraits":["https:\/\/imagazine.it\/wp-content\/uploads\/2024\/01\/29889-1.webp",750,489,false],"thumbnail":["https:\/\/imagazine.it\/wp-content\/uploads\/2024\/01\/29889-1-150x150.webp",150,150,true],"medium":["https:\/\/imagazine.it\/wp-content\/uploads\/2024\/01\/29889-1-300x196.webp",300,196,true],"large":["https:\/\/imagazine.it\/wp-content\/uploads\/2024\/01\/29889-1.webp",640,417,false],"thumblist":["https:\/\/imagazine.it\/wp-content\/uploads\/2024\/01\/29889-1.webp",300,196,false],"thumbrelated":["https:\/\/imagazine.it\/wp-content\/uploads\/2024\/01\/29889-1.webp",500,326,false],"meccarouselthumb":["https:\/\/imagazine.it\/wp-content\/uploads\/2024\/01\/29889-1.webp",474,309,false],"gridsquare":["https:\/\/imagazine.it\/wp-content\/uploads\/2024\/01\/29889-1.webp",391,255,false],"tileview":["https:\/\/imagazine.it\/wp-content\/uploads\/2024\/01\/29889-1.webp",300,196,false],"1536x1536":["https:\/\/imagazine.it\/wp-content\/uploads\/2024\/01\/29889-1.webp",750,489,false],"2048x2048":["https:\/\/imagazine.it\/wp-content\/uploads\/2024\/01\/29889-1.webp",750,489,false],"newsup-slider-full":["https:\/\/imagazine.it\/wp-content\/uploads\/2024\/01\/29889-1.webp",750,489,false],"newsup-featured":["https:\/\/imagazine.it\/wp-content\/uploads\/2024\/01\/29889-1.webp",750,489,false],"newsup-medium":["https:\/\/imagazine.it\/wp-content\/uploads\/2024\/01\/29889-1-720x380.webp",720,380,true],"tptn_thumbnail":["https:\/\/imagazine.it\/wp-content\/uploads\/2024\/01\/29889-1.webp",250,163,false],"sow-carousel-default":["https:\/\/imagazine.it\/wp-content\/uploads\/2024\/01\/29889-1-272x182.webp",272,182,true]},"rttpg_author":{"display_name":"redazione","author_link":"https:\/\/imagazine.it\/home_desk\/author\/redazione\/"},"rttpg_comment":0,"rttpg_category":"<a href=\"https:\/\/imagazine.it\/home_desk\/category\/turismo\/\" rel=\"category tag\">TURISMO<\/a>","rttpg_excerpt":"Dal 14 al 16 giugno","_links":{"self":[{"href":"https:\/\/imagazine.it\/home_desk\/wp-json\/wp\/v2\/posts\/29576","targetHints":{"allow":["GET"]}}],"collection":[{"href":"https:\/\/imagazine.it\/home_desk\/wp-json\/wp\/v2\/posts"}],"about":[{"href":"https:\/\/imagazine.it\/home_desk\/wp-json\/wp\/v2\/types\/post"}],"author":[{"embeddable":true,"href":"https:\/\/imagazine.it\/home_desk\/wp-json\/wp\/v2\/users\/28"}],"replies":[{"embeddable":true,"href":"https:\/\/imagazine.it\/home_desk\/wp-json\/wp\/v2\/comments?post=29576"}],"version-history":[{"count":0,"href":"https:\/\/imagazine.it\/home_desk\/wp-json\/wp\/v2\/posts\/29576\/revisions"}],"wp:featuredmedia":[{"embeddable":true,"href":"https:\/\/imagazine.it\/home_desk\/wp-json\/wp\/v2\/media\/29577"}],"wp:attachment":[{"href":"https:\/\/imagazine.it\/home_desk\/wp-json\/wp\/v2\/media?parent=29576"}],"wp:term":[{"taxonomy":"category","embeddable":true,"href":"https:\/\/imagazine.it\/home_desk\/wp-json\/wp\/v2\/categories?post=29576"},{"taxonomy":"post_tag","embeddable":true,"href":"https:\/\/imagazine.it\/home_desk\/wp-json\/wp\/v2\/tags?post=29576"}],"curies":[{"name":"wp","href":"https:\/\/api.w.org\/{rel}","templated":true}]}}