{"id":29552,"date":"2019-05-30T00:00:00","date_gmt":"2019-05-29T23:00:00","guid":{"rendered":"https:\/\/imagazine.it\/?p=29552"},"modified":"2019-05-30T00:00:00","modified_gmt":"2019-05-29T23:00:00","slug":"in-fvg-i-corpi-e-le-anime-di-leonardo","status":"publish","type":"post","link":"https:\/\/imagazine.it\/home_desk\/in-fvg-i-corpi-e-le-anime-di-leonardo\/","title":{"rendered":"In FVG i corpi e le anime di Leonardo"},"content":{"rendered":"<p>Arte e tecnologia si incontrano a<strong> <em>Contaminazioni digitali<\/em><\/strong>, il Festival multimediale itinerante all\u2019insegna della sperimentazione, compenetrazione e interconnessione dei linguaggi artistici contemporanei.<\/p>\n<p>La terza edizione \u00e8 presentata al Teatro Palamostre di Udine da <strong>Alessandro Cattunar<\/strong> e <strong>Chiara Perini<\/strong> (co &#8211; direttore artistico del Festival Contaminazioni digitali), <strong>Martina Borraccia<\/strong> (assessore alla Cultura del Comune di Corm\u00f2ns), <strong>Beatrice Rinaldis<\/strong> (assessore uscente alla Cultura del Comune di Artegna), <a name=\"_Hlk9948474\"><strong>Chiara Gatta<\/strong> (assessore all\u2019Universit\u00e0, Decentramento e Tutela delle identit\u00e0 storico-territoriali del Comune di Gorizia). <\/a><\/p>\n<p>Il monumento dell\u2019<strong>Ara Pacis Mundi di Medea<\/strong> e gli spazi urbani, gli edifici, i giardini di <strong>Corm\u00f2ns<\/strong> e <strong>Artegna<\/strong> diventano, a partire da <strong>gioved\u00ec 6 giugno<\/strong> per due weekend (<strong>6 giugno Medea, dal 7 al 9 giugno Corm\u00f2ns, dal 21 al 23 giugno Artegna<\/strong>), protagonisti di performance, video, concerti, proiezioni e workshop che intercettano territori d\u2019esperienze condivise con il pubblico e spazi collettivi di svago: fra gli artisti, il rapper <strong>Doro Gjat<\/strong>, il cantante icona underground <strong>Chris Imler<\/strong>, la Compagnia di danza contemporanea <strong>Arearea,<\/strong> la Compagnia <strong>Teatro della Sete<\/strong>, l\u2019attore e regista <strong>Luciano Roman<\/strong>, il duo electroprimitivism <strong>The Junkologist <\/strong>e l\u2019attrice <strong>Giuliana Musso<\/strong> insieme a <strong>Giovanna Pezzetta<\/strong> e <strong>Leo Virgili .<\/strong><\/p>\n<p><strong><em>Leonardo. Corpi e anime<\/em><\/strong> \u00e8 il focus dell\u2019edizione 2019 di <strong><em>Contaminazioni digitali<\/em><\/strong>, promosso dal <strong>Comune di Artegna <\/strong>e dal<strong> Comune di Cormons<\/strong> e curato dall\u2019<strong>Associazione Quarantasettezeroquattro <\/strong>in collaborazione con il <strong>CSS Teatro stabile di innovazione del FVG<\/strong> con il contributo di <strong>Regione Autonoma Friuli Venezia Giulia <\/strong>e <strong>Camera di Commercio della Venezia Giulia<\/strong>.<\/p>\n<p>In occasione del cinquecentesimo anniversario della morte di Leonardo<strong>, <em>Contaminazioni digitali<\/em><\/strong> dedica la sua proposta al Maestro di Vinci focalizzando l\u2019attenzione su uno dei temi cardine della sua produzione: il rapporto tra esteriorit\u00e0 e interiorit\u00e0. Un\u2019ampia parte del programma sviluppa questo tema soffermandosi sulla capacit\u00e0 dell\u2019arte unita alle nuove tecnologie di rappresentare i legami tra <strong>corpo e anima<\/strong> dando seguito a molti degli esperimenti leonardeschi.<\/p>\n<p>Apre in anteprima <strong><em>Contaminazioni digitali<\/em><\/strong>, <strong>gioved\u00ec 6 giugno ore 21.30<\/strong> all\u2019Ara Pacis Mundi sul colle di <strong>Medea<\/strong>, lo spettacolo multimediale di teatro e videomapping architetturale <strong><em>1918:<\/em><\/strong><em> <strong>Un mondo nuovo?<\/strong><\/em> scritto e realizzato dall\u2019<strong>Associazione 47\/04 <\/strong>con gli studenti del <strong>Liceo Petrarca di Trieste<\/strong>.<\/p>\n<p>Il festival prosegue a Corm\u00f2ns <strong>venerd\u00ec 7 giugno<\/strong> <strong>ore 19 nel Cortile Palazzo Locatelli <\/strong>con l\u2019inaugurazione e il reading<strong> <em>Fake Leonardo<\/em> <\/strong>di <strong>Alexander Neuwahl<\/strong> fondatore di ArtesMechanicae, gruppo di ricerca che si occupa della ricostruzione filologica del lavoro degli artisti ingegneri del periodo rinascimentale, primo fra tutti Leonardo da Vinci. Dal 1996 lavora con il Museo Leonardiano di Vinci per la creazione di materiale di divulgazione scientifica e storica.<\/p>\n<p>Grazie alla collaborazione con<strong> <em>Live Musiche di Sconfine 2019<\/em> <\/strong>curata da <strong>Dobialab <\/strong>e dal<strong> Circolo Eventualmente,<\/strong> dalle <strong>ore 21 <\/strong>la musica invader\u00e0<strong> piazza XXIV maggio. <\/strong><\/p>\n<p><a href=\"http:\/\/imagazinevideotruck.it\/outlet\/relink.html\" target=\"_top\" rel=\"noopener\"><img loading=\"lazy\" decoding=\"async\" align=\"LEFT\" height=\"250\" src=\"http:\/\/imagazinevideotruck.it\/outlet\/outlet30.gif\" width=\"300\" alt=\"\" title=\"\"><\/a><\/p>\n<p>\u00a0<\/p>\n<p>\u00a0<\/p>\n<p>\u00a0<\/p>\n<p>\u00a0<\/p>\n<p>\u00a0<\/p>\n<p>\u00a0<\/p>\n<p>\u00a0<\/p>\n<p>\u00a0<\/p>\n<p>\u00a0<\/p>\n<p>Apre la serata il concerto di \u201cdetriti di suono techno e brandelli di storie\u201d di <strong>The Junkologist<\/strong>, duo nato dall\u2019incontro tra <strong>Steve Nardini<\/strong> e <strong>Lorenzo Mania<\/strong>. A seguire sale \u201csul palco\u201d il cantante <strong>Chris Imler<\/strong>, iconico simbolo di una sottocultura metropolitana protagonista della scena musicale underground tedesca degli ultimi tre decenni.<\/p>\n<p><strong>Sabato 8 giugno<\/strong> alle <strong>ore 19<\/strong> al <strong>Museo Civico del territorio<\/strong> \u00e8 in programma <strong><em>Abbecedario del teatro quotidiano<\/em><\/strong> performance e restituzione del workshop curato dalla <strong>Compagnia romana Dynamis<\/strong> inserito all\u2019interno del progetto di alta formazione <strong>Maestri della luce <\/strong>promosso dal<strong> Comune di Gorizia. <\/strong>Un itinerario per conoscere, approfondire e sviluppare i linguaggi espressivi e artistici contemporanei, favorire l\u2019incontro con artisti, studiosi ed esperti, con lezioni, percorsi di alta formazione, open call rivolta ai giovani artisti della Regione, seminari e masterclass.<\/p>\n<p><strong>Alle 19.30<\/strong> nella Sala Civica del <strong>Comune di Corm\u00f2ns<\/strong> va in scena<strong> <em>Embody<\/em><\/strong>, spettacolo di danza, videomapping e proiezioni olografiche che rileva i codici dei disegni di Leonardo in una performance interattiva interpretata dall\u2019artista<strong> K\u00e0artik<\/strong> con i video di <strong>Federico Petrei\/Deltaprocess<\/strong> e con il sound design <strong>Alexey Grankowsky, <\/strong>vincitori del bando <strong>Richiedo asilo artistico. <\/strong><\/p>\n<p>Lo spettacolo replica<strong> sabato 22 giugno alle ore 22.30 al Teatro di Artegna. <\/strong><\/p>\n<p>A seguire nel<strong> Cortile di Palazzo Locatelli, Agnese Sabato <\/strong>(presidente dell\u2019Associazione Internazionale Leonardo Da Vinci) e<strong> Alessandro Vezzosi <\/strong>(direttore del Museo Ideale Leonardo Da Vinci) incontrano il pubblico per riflettere sulla complessit\u00e0 di Leonardo artista, scienziato, inventore e designer.<\/p>\n<p><strong>Alle 21.30 <\/strong>in <strong>piazza XXIV maggio <\/strong>si terr\u00e0 la lezione spettacolo multimediale<strong> <em>Imitare il corpo, per cogliere l\u2019anima. La biomimetica da Leonardo da Vinci a oggi<\/em> <\/strong>a<strong> cura di Alexander Neuwalh. <\/strong><\/p>\n<p>Chiude la giornata<strong> <em>s\/confinate<\/em>, <\/strong>nuovo spettacolo multimediale co prodotto dal <strong>Teatro delle Sete<\/strong> e dall\u2019<strong>Associazione 47\/04 <\/strong>ideato e interpretato da<strong> Serena Di Blasio, Caterina di Fant, Valentina Rivelli <\/strong>con i video realizzati di <strong>Ruben Vuaran. <em>s\/confinate<\/em> <\/strong>replica <strong>domenica 23 giugno ore 21.30 <\/strong>al giardino del<strong> Castello di Artegna. <\/strong><\/p>\n<p>Fra i protagonisti di <strong>domenica 9 giugno, <\/strong>giornata realizzata in collaborazione con la <strong>Fieste da Viarte<\/strong>, alle <strong>ore 18 <\/strong>in piazza XXIV maggio a <strong>Corm\u00f2ns <\/strong>la compagnia di danza contemporanea <strong>Arearea <\/strong>riscopre e trasforma spazi dell\u2019agire quotidiano in luoghi performativi con lo spettacolo di danza urbana itinerante <strong><em>Le Mura<\/em><\/strong>.<\/p>\n<p>Ad Artegna <strong>domenica 23 giugno in Castello alle ore 19.30<\/strong> e alle <strong>ore 21<\/strong>, <strong>Arearea<\/strong> presenta la nuova performance <strong><em>Ci\u00f2 che resta del fuoco<\/em><\/strong>, omaggio all\u2019omonimo libro di Jacques Derrida dove i danzatori sono esplicita metafora dell\u2019esistenza umana.<\/p>\n<p>Alle ore <strong>19.30 in Sala Civica del Comune di Corm\u00f2ns<\/strong> va in scena <strong><em>404 Identit\u00e0 not found<\/em><\/strong> spettacolo teatrale multimediale ideato e interpretato dai ragazzi del <strong>Liceo Paschini Linussio di Tolmezzo <\/strong>curato dall\u2019<strong>Associazione 47\/04.<\/strong><\/p>\n<p>Lo spettacolo prevede la partecipazione straordinaria del rapper e cantautore friulano <strong>Doro Gjat<\/strong> che chiuder\u00e0 anche la giornata,<strong> ore 21.30<\/strong> in piazza XXIV maggio a<strong> Corm\u00f2ns<\/strong>, con il suo live show <strong><em>Il ragazzo Doro<\/em>. <\/strong><\/p>\n<p>Il concerto\/spettacolo alterna parti recitate alla musica suonata assieme alla sua band, formata da Elvis Fior alla batteria, Luca Moreale alla chitarra e ai cori, Mirko Caso al basso e Giacomo Santini alla chitarra acustica e alle percussioni.<\/p>\n<p>A giugno <em>Contaminazioni digitali<\/em> si sposta ad <strong>Artegna<\/strong>, inaugura il Festival <strong>venerd\u00ec 21 giugno alle ore 18<\/strong> in <strong>Piazza Marnico<\/strong> lo spettacolo &#8211; concerto <strong><em>Part time<\/em><\/strong> del duo composto dalla pianista <strong>Giovanna Pezzetta<\/strong> e dal compositore e musicista polistrumentista <strong>Leo Virgili<\/strong>, che per l\u2019occasione suoner\u00e0 il theremin. Ed \u00e8 proprio la storia di questo particolare strumento \u2013 a cavallo tra analogico e digitale \u2013 che verter\u00e0 il racconto dell\u2019attrice e autrice teatrale, Premio Hystrio 2017, <strong>Giuliana Musso<\/strong>.<\/p>\n<p>Alle <strong>ore 19.30,<\/strong> nella <strong>Sala consiliare del Comune di Artegna<\/strong>, la Compagnia internazionale <strong>Berlin Nevada <\/strong>presenta<strong> <em>Still Night<\/em>, <\/strong>performance multimediale selezionata attraverso una open call congiunta con il <strong>Festival Pergine, Terni Festival e Zona K. <\/strong><strong><em>Still Night<\/em><\/strong> assume la forma di una lettura fantastica, che re-immagina la citt\u00e0, riflette sull&#39;idea stessa di citt\u00e0 ed \u00e8 ri-progettata per ogni citt\u00e0 che la ospita.<\/p>\n<p>Lo spettacolo replica <strong>sabato 22 giugno alle ore 18<\/strong> sempre nella Sala Consiliare.<\/p>\n<p>La giornalista <strong>Simonetta Lorigliola<\/strong> conduce due incontri che innescano un\u2019inedita relazione fra l\u2019opera leonardesca e l\u2019enologia: <strong>venerd\u00ec 21 giugno<\/strong> in piazza Marnico, al termine della performance <em>Still Night<\/em>, si parla di <strong><em>La vigna di Leonardo. Chiacchiere enosofiche intorno al rapporto di Leonardo Da Vinci \u201ccon il divin licore d\u2019uva\u201d e la cultura materiale <\/em><\/strong>mentre<strong> sabato 22 giugno ore 19.30, <\/strong>sempre in piazza Marnico, \u00e8 la volta di <strong><em>Un vino \u201csecondo Leonardo\u201d potrebbe esistere oggi?<\/em><\/strong><\/p>\n<p>L\u2019attore e regista teatrale<strong> Luciano Roman <\/strong>chiude la serata <strong>venerd\u00ec 21 giugno<\/strong> alle <strong>ore 21.30 <\/strong>in Piazza Marnico con lo spettacolo di teatro, danza e videomapping<strong> <em>Anima<\/em>. Luciano Roman <\/strong>affronta alcune pagine degli scritti poco conosciuti di Leonardo che comprendono le sue osservazioni sulla natura e sulla sua ricerca sul concetto di anima per lui estremamente concreto e dimostrabile.<\/p>\n<p>Le genialit\u00e0 di Leonardo, i temi medievali e rinascimentali realizzati con strumenti antichi sono elaborati e trasformati in <strong><em>Live Leon@rdo<\/em> <\/strong>il concerto dell\u2019<strong>Orchestra San Marco di Pordenone <\/strong>e di<strong> Walter Poles <\/strong>in programma <strong>sabato 22 giugno ore 21 in Piazza Marnico <\/strong>che mescola la musica rinascimentale a live electronics, synths e strumentazione moderna.<\/p>\n<p><strong>Tutti gli appuntamenti sono gratuiti e a libero accesso fino ad esaurimento posti.\u00a0<\/strong>In caso di pioggia gli eventi si svolgeranno al coperto in spazi interni adiacenti alle location segnalate.<\/p>\n","protected":false},"excerpt":{"rendered":"<p>Presentato &#8220;Contaminazioni digitali&#8221;<\/p>\n","protected":false},"author":28,"featured_media":29553,"comment_status":"closed","ping_status":"closed","sticky":false,"template":"","format":"standard","meta":{"dwc-title":[],"dwc-content":[],"footnotes":""},"categories":[37],"tags":[],"class_list":["post-29552","post","type-post","status-publish","format-standard","has-post-thumbnail","hentry","category-cultura-e-spettacolo"],"rttpg_featured_image_url":{"full":["https:\/\/imagazine.it\/wp-content\/uploads\/2024\/01\/29858-1.webp",750,500,false],"landscape":["https:\/\/imagazine.it\/wp-content\/uploads\/2024\/01\/29858-1.webp",750,500,false],"portraits":["https:\/\/imagazine.it\/wp-content\/uploads\/2024\/01\/29858-1.webp",750,500,false],"thumbnail":["https:\/\/imagazine.it\/wp-content\/uploads\/2024\/01\/29858-1-150x150.webp",150,150,true],"medium":["https:\/\/imagazine.it\/wp-content\/uploads\/2024\/01\/29858-1-300x200.webp",300,200,true],"large":["https:\/\/imagazine.it\/wp-content\/uploads\/2024\/01\/29858-1.webp",640,427,false],"thumblist":["https:\/\/imagazine.it\/wp-content\/uploads\/2024\/01\/29858-1.webp",300,200,false],"thumbrelated":["https:\/\/imagazine.it\/wp-content\/uploads\/2024\/01\/29858-1.webp",500,333,false],"meccarouselthumb":["https:\/\/imagazine.it\/wp-content\/uploads\/2024\/01\/29858-1.webp",474,316,false],"gridsquare":["https:\/\/imagazine.it\/wp-content\/uploads\/2024\/01\/29858-1.webp",391,260,false],"tileview":["https:\/\/imagazine.it\/wp-content\/uploads\/2024\/01\/29858-1.webp",300,200,false],"1536x1536":["https:\/\/imagazine.it\/wp-content\/uploads\/2024\/01\/29858-1.webp",750,500,false],"2048x2048":["https:\/\/imagazine.it\/wp-content\/uploads\/2024\/01\/29858-1.webp",750,500,false],"newsup-slider-full":["https:\/\/imagazine.it\/wp-content\/uploads\/2024\/01\/29858-1.webp",750,500,false],"newsup-featured":["https:\/\/imagazine.it\/wp-content\/uploads\/2024\/01\/29858-1.webp",750,500,false],"newsup-medium":["https:\/\/imagazine.it\/wp-content\/uploads\/2024\/01\/29858-1-720x380.webp",720,380,true],"tptn_thumbnail":["https:\/\/imagazine.it\/wp-content\/uploads\/2024\/01\/29858-1.webp",250,167,false],"sow-carousel-default":["https:\/\/imagazine.it\/wp-content\/uploads\/2024\/01\/29858-1-272x182.webp",272,182,true]},"rttpg_author":{"display_name":"redazione","author_link":"https:\/\/imagazine.it\/home_desk\/author\/redazione\/"},"rttpg_comment":0,"rttpg_category":"<a href=\"https:\/\/imagazine.it\/home_desk\/category\/cultura-e-spettacolo\/\" rel=\"category tag\">CULTURA&amp;SPETTACOLO<\/a>","rttpg_excerpt":"Presentato \"Contaminazioni digitali\"","_links":{"self":[{"href":"https:\/\/imagazine.it\/home_desk\/wp-json\/wp\/v2\/posts\/29552","targetHints":{"allow":["GET"]}}],"collection":[{"href":"https:\/\/imagazine.it\/home_desk\/wp-json\/wp\/v2\/posts"}],"about":[{"href":"https:\/\/imagazine.it\/home_desk\/wp-json\/wp\/v2\/types\/post"}],"author":[{"embeddable":true,"href":"https:\/\/imagazine.it\/home_desk\/wp-json\/wp\/v2\/users\/28"}],"replies":[{"embeddable":true,"href":"https:\/\/imagazine.it\/home_desk\/wp-json\/wp\/v2\/comments?post=29552"}],"version-history":[{"count":0,"href":"https:\/\/imagazine.it\/home_desk\/wp-json\/wp\/v2\/posts\/29552\/revisions"}],"wp:featuredmedia":[{"embeddable":true,"href":"https:\/\/imagazine.it\/home_desk\/wp-json\/wp\/v2\/media\/29553"}],"wp:attachment":[{"href":"https:\/\/imagazine.it\/home_desk\/wp-json\/wp\/v2\/media?parent=29552"}],"wp:term":[{"taxonomy":"category","embeddable":true,"href":"https:\/\/imagazine.it\/home_desk\/wp-json\/wp\/v2\/categories?post=29552"},{"taxonomy":"post_tag","embeddable":true,"href":"https:\/\/imagazine.it\/home_desk\/wp-json\/wp\/v2\/tags?post=29552"}],"curies":[{"name":"wp","href":"https:\/\/api.w.org\/{rel}","templated":true}]}}