{"id":29531,"date":"2019-05-27T00:00:00","date_gmt":"2019-05-26T23:00:00","guid":{"rendered":"https:\/\/imagazine.it\/?p=29531"},"modified":"2019-05-27T00:00:00","modified_gmt":"2019-05-26T23:00:00","slug":"rivive-a-ruda-lantica-macchina-a-vapore","status":"publish","type":"post","link":"https:\/\/imagazine.it\/home_desk\/rivive-a-ruda-lantica-macchina-a-vapore\/","title":{"rendered":"Rivive a Ruda l&#8217;antica macchina a vapore"},"content":{"rendered":"<p>Sono stati inaugurati ieri\u00a0i lavori di recupero del locale che ospita la macchina a vapore dell&#39;Amideria Chiozza di Ruda. L\u2019intervento, del valore di\u00a0<strong>135.000 euro<\/strong>, \u00e8 stato finanziato da un accordo di programma tra Regione Friuli Venezia Giulia e Comune di Ruda. Con questi fondi \u00e8 stato possibile mettere in sicurezza la vaporiera, generatore di energia per l\u2019intera fabbrica dal 1902 al 1986, anno della sua chiusura.<\/p>\n<p>Al primo stanziamento si \u00e8 aggiunto anche un ulteriore contributo 26.000 euro grazie al progetto \u201cI Luoghi del Cuore\u201d, promosso dal Comune di Ruda e dal FAI &#8211;\u00a0Fondo Ambiente Italiano: un censimento dei luoghi italiani da non dimenticare, realizzato in collaborazione con Intesa Sanpaolo.<\/p>\n<p><a href=\"http:\/\/imagazinevideotruck.it\/outlet\/relink.html\" target=\"_top\" rel=\"noopener\"><img loading=\"lazy\" decoding=\"async\" align=\"LEFT\" height=\"250\" src=\"http:\/\/imagazinevideotruck.it\/outlet\/outlet30.gif\" width=\"300\" alt=\"\" title=\"\"><\/a><\/p>\n<p>\u00a0<\/p>\n<p>\u00a0<\/p>\n<p>\u00a0<\/p>\n<p>\u00a0<\/p>\n<p>\u00a0<\/p>\n<p>\u00a0<\/p>\n<p>\u00a0<\/p>\n<p>\u00a0<\/p>\n<p>\u00a0<\/p>\n<p>\u201cOra \u2013 afferma il sindaco di Ruda,\u00a0<strong>Franco Lenarduzzi<\/strong> \u2013 si apre una nuova fase per l\u2019intervento. Riaccenderemo la macchina a vapore.\u00a0Sono davvero grato a tutti coloro che ci hanno aiutato, e in particolare alla comunit\u00e0 dell\u2019intera Provincia di Udine che con \u201cI Luoghi del Cuore\u201d sono stati davvero generosi. Il mio ringraziamento deve andare anche a\u00a0tutti coloro che hanno dedicato impegno e passione nella grande opera di divulgazione e conoscenza dell\u2019Amideria. Con soddisfazione posso anche annunciare che, grazie al lavoro svolto dalla nostra Amministrazione sul piano istituzionale, coinvolgendo l\u2019UTI Agro Aquileiense, la Regione, il CIPE e il MIBACT, si sono\u00a0ottenute importanti risorse che presto potranno far partire nuove fasi di\u00a0progettazione per il recupero dell\u2019intero complesso industriale\u00a0di propriet\u00e0 comunale, sentito finalmente come patrimonio di tutti e risorsa per il futuro. Il sogno pu\u00f2 diventare realt\u00e0\u201d.<\/p>\n<p>\u201cL\u2019intervento di restauro della macchina a vapore \u2013 sottolinea \u00a0<strong>Raffaele Antonio Caltabiano<\/strong>, presidente della Associazione a tutela dell\u2019Amideria \u2013 permetter\u00e0 di restituirla alle sue condizioni originarie e permetter\u00e0 di riavviare l\u2019antica fabbrica non pi\u00f9 a fini produttivi ma come testimonianza storica dello sviluppo imprenditoriale e sociale del territorio e della sua comunit\u00e0\u201d.<\/p>\n","protected":false},"excerpt":{"rendered":"<p>Grazie a un intervento da 135 mila euro<\/p>\n","protected":false},"author":28,"featured_media":29532,"comment_status":"closed","ping_status":"closed","sticky":false,"template":"","format":"standard","meta":{"dwc-title":[],"dwc-content":[],"footnotes":""},"categories":[5],"tags":[],"class_list":["post-29531","post","type-post","status-publish","format-standard","has-post-thumbnail","hentry","category-attualita"],"rttpg_featured_image_url":{"full":["https:\/\/imagazine.it\/wp-content\/uploads\/2024\/01\/29792-1.webp",750,463,false],"landscape":["https:\/\/imagazine.it\/wp-content\/uploads\/2024\/01\/29792-1.webp",750,463,false],"portraits":["https:\/\/imagazine.it\/wp-content\/uploads\/2024\/01\/29792-1.webp",750,463,false],"thumbnail":["https:\/\/imagazine.it\/wp-content\/uploads\/2024\/01\/29792-1-150x150.webp",150,150,true],"medium":["https:\/\/imagazine.it\/wp-content\/uploads\/2024\/01\/29792-1-300x185.webp",300,185,true],"large":["https:\/\/imagazine.it\/wp-content\/uploads\/2024\/01\/29792-1.webp",640,395,false],"thumblist":["https:\/\/imagazine.it\/wp-content\/uploads\/2024\/01\/29792-1.webp",300,185,false],"thumbrelated":["https:\/\/imagazine.it\/wp-content\/uploads\/2024\/01\/29792-1.webp",500,309,false],"meccarouselthumb":["https:\/\/imagazine.it\/wp-content\/uploads\/2024\/01\/29792-1.webp",474,293,false],"gridsquare":["https:\/\/imagazine.it\/wp-content\/uploads\/2024\/01\/29792-1.webp",391,241,false],"tileview":["https:\/\/imagazine.it\/wp-content\/uploads\/2024\/01\/29792-1.webp",300,185,false],"1536x1536":["https:\/\/imagazine.it\/wp-content\/uploads\/2024\/01\/29792-1.webp",750,463,false],"2048x2048":["https:\/\/imagazine.it\/wp-content\/uploads\/2024\/01\/29792-1.webp",750,463,false],"newsup-slider-full":["https:\/\/imagazine.it\/wp-content\/uploads\/2024\/01\/29792-1.webp",750,463,false],"newsup-featured":["https:\/\/imagazine.it\/wp-content\/uploads\/2024\/01\/29792-1.webp",750,463,false],"newsup-medium":["https:\/\/imagazine.it\/wp-content\/uploads\/2024\/01\/29792-1-720x380.webp",720,380,true],"tptn_thumbnail":["https:\/\/imagazine.it\/wp-content\/uploads\/2024\/01\/29792-1.webp",250,154,false],"sow-carousel-default":["https:\/\/imagazine.it\/wp-content\/uploads\/2024\/01\/29792-1-272x182.webp",272,182,true]},"rttpg_author":{"display_name":"redazione","author_link":"https:\/\/imagazine.it\/home_desk\/author\/redazione\/"},"rttpg_comment":0,"rttpg_category":"<a href=\"https:\/\/imagazine.it\/home_desk\/category\/attualita\/\" rel=\"category tag\">ATTUALIT\u00c0<\/a>","rttpg_excerpt":"Grazie a un intervento da 135 mila euro","_links":{"self":[{"href":"https:\/\/imagazine.it\/home_desk\/wp-json\/wp\/v2\/posts\/29531","targetHints":{"allow":["GET"]}}],"collection":[{"href":"https:\/\/imagazine.it\/home_desk\/wp-json\/wp\/v2\/posts"}],"about":[{"href":"https:\/\/imagazine.it\/home_desk\/wp-json\/wp\/v2\/types\/post"}],"author":[{"embeddable":true,"href":"https:\/\/imagazine.it\/home_desk\/wp-json\/wp\/v2\/users\/28"}],"replies":[{"embeddable":true,"href":"https:\/\/imagazine.it\/home_desk\/wp-json\/wp\/v2\/comments?post=29531"}],"version-history":[{"count":0,"href":"https:\/\/imagazine.it\/home_desk\/wp-json\/wp\/v2\/posts\/29531\/revisions"}],"wp:featuredmedia":[{"embeddable":true,"href":"https:\/\/imagazine.it\/home_desk\/wp-json\/wp\/v2\/media\/29532"}],"wp:attachment":[{"href":"https:\/\/imagazine.it\/home_desk\/wp-json\/wp\/v2\/media?parent=29531"}],"wp:term":[{"taxonomy":"category","embeddable":true,"href":"https:\/\/imagazine.it\/home_desk\/wp-json\/wp\/v2\/categories?post=29531"},{"taxonomy":"post_tag","embeddable":true,"href":"https:\/\/imagazine.it\/home_desk\/wp-json\/wp\/v2\/tags?post=29531"}],"curies":[{"name":"wp","href":"https:\/\/api.w.org\/{rel}","templated":true}]}}