{"id":29523,"date":"2019-05-24T00:00:00","date_gmt":"2019-05-23T23:00:00","guid":{"rendered":"https:\/\/imagazine.it\/?p=29523"},"modified":"2019-05-24T00:00:00","modified_gmt":"2019-05-23T23:00:00","slug":"ronchi-sandro-ruotolo-vince-il-premio-galizia","status":"publish","type":"post","link":"https:\/\/imagazine.it\/home_desk\/ronchi-sandro-ruotolo-vince-il-premio-galizia\/","title":{"rendered":"Ronchi, Sandro Ruotolo vince il Premio Galizia"},"content":{"rendered":"<p>\u00c8 <strong>Sandro Ruotolo<\/strong>, giornalista d\u2019inchiesta che vive sotto scorta dal 2015 per le minacce di morte ricevute da Michele Zagaria &#8211; l&#39;ultimo boss del clan dei Casalesi &#8211; a causa della sue inchieste sul traffico dei rifiuti tossici in Campania, il vincitore della seconda edizione del \u201cPremio Leali delle Notizie-in memoria di \u00a0Daphne Caruana Galizia\u201d, la giornalista maltese uccisa in un attentato nell\u2019ottobre 2017, premio pomosso dall\u2019associazione culturale Leali delle Notizie di Ronchi dei Legionari e che gode dell\u2019<strong>Alto<\/strong> <strong>Patrocinio del Parlamento Europeo<\/strong>.<\/p>\n<p>Il nome di Ruotolo \u00e8 stato scelto tra una rosa di candidati, da un comitato scientifico nominato per l\u2019occasione e composto<strong> Cristiano Degano <\/strong>(presidente Odg Fvg), <strong>Paolo Borrometi<\/strong> (Agi e presidente Articolo 21), <strong>Beppe Giulietti<\/strong> (presidente Fnsi) e dai giornalisti <strong>Rossano Cattivello<\/strong>, <strong>Enrico Grazioli<\/strong>, <strong>Enzo D\u2019Antona<\/strong>, <strong>Ester Castano<\/strong> e <strong>sar\u00e0 consegnato a Sandro Ruotolo sabato 15 giugno<\/strong>, nel corso di una cerimonia che si terr\u00e0 <strong>alle ore 20<\/strong> nell\u2019ambito della <u><a href=\"http:\/\/www.imagazine.it\/notizie-trieste-gorizia-udine-friuli\/6906\" target=\"_blank\" rel=\"noopener\">quinta edizione del Festival\u00a0 del Giornalismo<\/a><\/u>, organizzato dall\u2019associazione ronchese e che si svolger\u00e0\u00a0 a Ronchi dei Legionari, in piazzetta Francesco Giuseppe I (alle spalle dell\u2019auditorium comunale) dal12 al 15 giugno.<\/p>\n<p>La cerimonia sar\u00e0 presentata dal presidente dell\u2019Ordine dei Giornalisti Friuli Venezia Giulia, <strong>Cristiano Degano<\/strong>, che moderer\u00e0 anche il panel di dibattito e confronto<strong> <em>\u00abParlate della mafia. Parlatene alla radio, in televisione, sui giornali. Per\u00f2 parlatene\u00bb. La lezione di Borsellino e delle vittime di mafia<\/em> <\/strong>a cui interverranno, oltre al giornalista premiato,<strong> Paolo Borrometi, Fabiana Pacella<\/strong>, <strong>Emanuel Delia<\/strong>, <strong>Ester Castano<\/strong>, <strong>Sara Manisera<\/strong> e <strong>Beppe Giulietti<\/strong>.<\/p>\n<p><a href=\"http:\/\/imagazinevideotruck.it\/outlet\/relink.html\" target=\"_top\" rel=\"noopener\"><img loading=\"lazy\" decoding=\"async\" align=\"LEFT\" height=\"250\" src=\"http:\/\/imagazinevideotruck.it\/outlet\/outlet30.gif\" width=\"300\" alt=\"\" title=\"\"><\/a><\/p>\n<p>\u00a0<\/p>\n<p>\u00a0<\/p>\n<p>\u00a0<\/p>\n<p>\u00a0<\/p>\n<p>\u00a0<\/p>\n<p>\u00a0<\/p>\n<p>\u00a0<\/p>\n<p>\u00a0<\/p>\n<p>\u00a0<\/p>\n<p>\u201cL\u2019uccisione di Daphne Caruana Galizia, giornalista e blogger maltese, uccisa il 16 ottobre scorso in un terribile attentato ha scosso duramente la societ\u00e0 civile internazionale e in particolare gli organi di informazione e i giornalisti di tutto il mondo e chi ha spinti subito \u2013 spiega il presidente dell\u2019associazione Leali delle Notizie, <strong>Luca Perrino<\/strong> \u2013 a interpellare la famiglia per indirre il premio, con la volont\u00e0 di onorare la memoria, il coraggio e il lavoro di Daphne riconoscendo il lavoro e il coraggio di un operatore del mondo dell\u2019informazione che si sia distinto, in Italia come all\u2019estero, con le sue inchieste e le sue ricerche, mettendo in pericolo la sua vita e spesso anche quella della sua famiglia \u201csolo\u201d cercando di svolgere con onest\u00e0 il proprio lavoro\u201d. La finalit\u00e0 del premio \u00e8 anche quella di riuscire a parlare ed evidenziare, una volta di pi\u00f9, il pericolo a cui vanno incontro quei giornalisti che, con i loro reportage, i loro articoli e le loro inchieste, cercano di far sentire la voce della verit\u00e0 e della trasparenza.<\/p>\n","protected":false},"excerpt":{"rendered":"<p>Il 15 giugno la consegna<\/p>\n","protected":false},"author":28,"featured_media":29524,"comment_status":"closed","ping_status":"closed","sticky":false,"template":"","format":"standard","meta":{"dwc-title":[],"dwc-content":[],"footnotes":""},"categories":[37],"tags":[],"class_list":["post-29523","post","type-post","status-publish","format-standard","has-post-thumbnail","hentry","category-cultura-e-spettacolo"],"rttpg_featured_image_url":{"full":["https:\/\/imagazine.it\/wp-content\/uploads\/2024\/01\/29730-1.webp",750,490,false],"landscape":["https:\/\/imagazine.it\/wp-content\/uploads\/2024\/01\/29730-1.webp",750,490,false],"portraits":["https:\/\/imagazine.it\/wp-content\/uploads\/2024\/01\/29730-1.webp",750,490,false],"thumbnail":["https:\/\/imagazine.it\/wp-content\/uploads\/2024\/01\/29730-1-150x150.webp",150,150,true],"medium":["https:\/\/imagazine.it\/wp-content\/uploads\/2024\/01\/29730-1-300x196.webp",300,196,true],"large":["https:\/\/imagazine.it\/wp-content\/uploads\/2024\/01\/29730-1.webp",640,418,false],"thumblist":["https:\/\/imagazine.it\/wp-content\/uploads\/2024\/01\/29730-1.webp",300,196,false],"thumbrelated":["https:\/\/imagazine.it\/wp-content\/uploads\/2024\/01\/29730-1.webp",500,327,false],"meccarouselthumb":["https:\/\/imagazine.it\/wp-content\/uploads\/2024\/01\/29730-1.webp",474,310,false],"gridsquare":["https:\/\/imagazine.it\/wp-content\/uploads\/2024\/01\/29730-1.webp",391,255,false],"tileview":["https:\/\/imagazine.it\/wp-content\/uploads\/2024\/01\/29730-1.webp",300,196,false],"1536x1536":["https:\/\/imagazine.it\/wp-content\/uploads\/2024\/01\/29730-1.webp",750,490,false],"2048x2048":["https:\/\/imagazine.it\/wp-content\/uploads\/2024\/01\/29730-1.webp",750,490,false],"newsup-slider-full":["https:\/\/imagazine.it\/wp-content\/uploads\/2024\/01\/29730-1.webp",750,490,false],"newsup-featured":["https:\/\/imagazine.it\/wp-content\/uploads\/2024\/01\/29730-1.webp",750,490,false],"newsup-medium":["https:\/\/imagazine.it\/wp-content\/uploads\/2024\/01\/29730-1-720x380.webp",720,380,true],"tptn_thumbnail":["https:\/\/imagazine.it\/wp-content\/uploads\/2024\/01\/29730-1.webp",250,163,false],"sow-carousel-default":["https:\/\/imagazine.it\/wp-content\/uploads\/2024\/01\/29730-1-272x182.webp",272,182,true]},"rttpg_author":{"display_name":"redazione","author_link":"https:\/\/imagazine.it\/home_desk\/author\/redazione\/"},"rttpg_comment":0,"rttpg_category":"<a href=\"https:\/\/imagazine.it\/home_desk\/category\/cultura-e-spettacolo\/\" rel=\"category tag\">CULTURA&amp;SPETTACOLO<\/a>","rttpg_excerpt":"Il 15 giugno la consegna","_links":{"self":[{"href":"https:\/\/imagazine.it\/home_desk\/wp-json\/wp\/v2\/posts\/29523","targetHints":{"allow":["GET"]}}],"collection":[{"href":"https:\/\/imagazine.it\/home_desk\/wp-json\/wp\/v2\/posts"}],"about":[{"href":"https:\/\/imagazine.it\/home_desk\/wp-json\/wp\/v2\/types\/post"}],"author":[{"embeddable":true,"href":"https:\/\/imagazine.it\/home_desk\/wp-json\/wp\/v2\/users\/28"}],"replies":[{"embeddable":true,"href":"https:\/\/imagazine.it\/home_desk\/wp-json\/wp\/v2\/comments?post=29523"}],"version-history":[{"count":0,"href":"https:\/\/imagazine.it\/home_desk\/wp-json\/wp\/v2\/posts\/29523\/revisions"}],"wp:featuredmedia":[{"embeddable":true,"href":"https:\/\/imagazine.it\/home_desk\/wp-json\/wp\/v2\/media\/29524"}],"wp:attachment":[{"href":"https:\/\/imagazine.it\/home_desk\/wp-json\/wp\/v2\/media?parent=29523"}],"wp:term":[{"taxonomy":"category","embeddable":true,"href":"https:\/\/imagazine.it\/home_desk\/wp-json\/wp\/v2\/categories?post=29523"},{"taxonomy":"post_tag","embeddable":true,"href":"https:\/\/imagazine.it\/home_desk\/wp-json\/wp\/v2\/tags?post=29523"}],"curies":[{"name":"wp","href":"https:\/\/api.w.org\/{rel}","templated":true}]}}