{"id":29521,"date":"2019-05-24T00:00:00","date_gmt":"2019-05-23T23:00:00","guid":{"rendered":"https:\/\/imagazine.it\/?p=29521"},"modified":"2019-05-24T00:00:00","modified_gmt":"2019-05-23T23:00:00","slug":"nuova-banda-di-carlino-40-anni-di-grande-musica","status":"publish","type":"post","link":"https:\/\/imagazine.it\/home_desk\/nuova-banda-di-carlino-40-anni-di-grande-musica\/","title":{"rendered":"Nuova Banda di Carlino, 40 anni di grande musica"},"content":{"rendered":"<p>Taglia il traguardo dei <strong>40 anni di rifondazione<\/strong> la <strong>Nuova Banda di Carlino<\/strong>. Per celebrare il compleanno la formazione ha messo a punto un <strong>intenso programma di eventi<\/strong>, che si aprir\u00e0 <strong>sabato 1 giugno<\/strong> con il <strong>Concerto per la Repubblica<\/strong> e che proseguir\u00e0 poi, <strong>da venerd\u00ec 7 a domenica 9<\/strong>, con il <strong>Festival Internazionale Bandistico Citt\u00e0 di Carlino<\/strong>, organizzato dall&#39;<strong>Associazione<\/strong> <strong>Culturale Musicale Nuova Banda di Carlino<\/strong>; l\u2019edizione di quest\u2019anno registrer\u00e0 la partecipazione di <strong>350 musicisti<\/strong>, provenienti, oltre che dal <strong>Friuli Venezia Giulia<\/strong>, dalle <strong>Marche<\/strong>, dalla <strong>Slovenia<\/strong> e dalla <strong>Croazia<\/strong>.<\/p>\n<p>Primo appuntamento, dunque, l&#39;1 giugno, con la nona edizione del <strong>concerto per la festa della Repubblica<\/strong>. L&#39;esibizione, che si svolger\u00e0 alle 20.45 sul sagrato della chiesa parrocchiale, in piazza San Rocco, impegner\u00e0 <strong>60 musicisti<\/strong> che hanno prestato servizio, nel tempo, nella Nuova Banda di Carlino. \u00ab&#8221;<strong>40 anni in musica<\/strong>&#8221; &#8211; anticipa il <strong>maestro Luca Campagnol<\/strong> &#8211; \u00e8 un concerto dettato dal desiderio di riunire i musicisti che in tutti questi anni si sono avvicendati, accomunati dalla passione, nella banda: il programma raccoglie, per ognuno dei quattro decenni di attivit\u00e0, i brani che per la formazione sono stati pi\u00f9 rappresentativi. Un&#39;occasione, dunque, per capire come la musica per banda sia in continua evoluzione; non a caso ho voluto utilizzare le stesse partiture eseguite nel tempo, senza rifarmi a nuovi adattamenti o arrangiamenti proprio per dare la possibilit\u00e0, sia agli strumentisti che al pubblico, di percepire come la scrittura e l\u2019esecuzione dei brani siano in perpetuo rinnovamento. I pezzi che eseguiremo spazieranno dalla marcia alla musica pop, dalle sinfonie alla musica originale per banda, dall\u2019opera lirica alle colonne sonore dei film\u00bb.<\/p>\n<p><a href=\"http:\/\/imagazinevideotruck.it\/outlet\/relink.html\" target=\"_top\" rel=\"noopener\"><img loading=\"lazy\" decoding=\"async\" align=\"LEFT\" height=\"250\" src=\"http:\/\/imagazinevideotruck.it\/outlet\/outlet30.gif\" width=\"300\" alt=\"\" title=\"\"><\/a><\/p>\n<p>\u00a0<\/p>\n<p>\u00a0<\/p>\n<p>\u00a0<\/p>\n<p>\u00a0<\/p>\n<p>\u00a0<\/p>\n<p>\u00a0<\/p>\n<p>\u00a0<\/p>\n<p>\u00a0<\/p>\n<p>\u00a0<\/p>\n<p>I festeggiamenti entreranno per\u00f2 nel vivo nel fine settimana successivo, a partire dal <strong>7 giugno<\/strong>, data di una \u00a0<strong>cena solidale<\/strong> il cui ricavato sar\u00e0 devoluto all\u2019<strong>Associazione<\/strong> <strong>Italiana per la Lotta alla Fibrosi Cistica<\/strong>. L&#39;evento sar\u00e0 accolto, a partire dalle 20, dal parco festeggiamenti parrocchiale di Carlino. La serata proseguir\u00e0 con l&#39;esibizione del gruppo rock Pet&#038;Sons. <strong>Sabato 8<\/strong>, alle 19, nella stessa sede inizier\u00e0 poi il <strong>Festival Internazionale Bandistico Citt\u00e0 di Carlino<\/strong>, che si aprir\u00e0 con le esibizioni delle bande Drustvo Godbenikov Cerkno (Slovenia), Pihalni Orkester Izola (Slovenia), Corpo Bandistico \u201cMauro Cecchini\u201d di Monte San Pietrangeli (Fermo) e Godbeno Drustvo Prosek (Trieste). Chiuder\u00e0 la frizzante serata il gruppo Rock Cindy &#038; The Rock History. Domenica 9 giugno, invece, protagonisti saranno la Filarmonica Colloredo di Prato, la Societ\u00e0 Filarmonica di Mels, la Filarmonica di Pordenone e la Plodar Plech Musick di Sappada, che animeranno, dalle 16.30, la seconda giornata del Festival. Chiusura sulle note di Mike DJ.<\/p>\n<p>Alle celebrazioni per il quarantennale seguir\u00e0 un ricco programma estivo: per la met\u00e0 di giugno sono in calendario una trasferta in Piemonte, a Cassine, e la replica in varie localit\u00e0 friulane del concerto revival proposto a Carlino. Il &#8220;cartellone&#8221; culminer\u00e0 nell\u2019appuntamento autunnale del Concorso Internazionale per Clarinetto Citt\u00e0 di Carlino, altro fiore all\u2019occhiello della comunit\u00e0 culturale carlinese, giunto alla 17^ edizione.<\/p>\n","protected":false},"excerpt":{"rendered":"<p>Sabato 1 giugno il primo appuntamento<\/p>\n","protected":false},"author":28,"featured_media":29522,"comment_status":"closed","ping_status":"closed","sticky":false,"template":"","format":"standard","meta":{"dwc-title":[],"dwc-content":[],"footnotes":""},"categories":[37],"tags":[],"class_list":["post-29521","post","type-post","status-publish","format-standard","has-post-thumbnail","hentry","category-cultura-e-spettacolo"],"rttpg_featured_image_url":{"full":["https:\/\/imagazine.it\/wp-content\/uploads\/2024\/01\/29729-1.webp",750,420,false],"landscape":["https:\/\/imagazine.it\/wp-content\/uploads\/2024\/01\/29729-1.webp",750,420,false],"portraits":["https:\/\/imagazine.it\/wp-content\/uploads\/2024\/01\/29729-1.webp",750,420,false],"thumbnail":["https:\/\/imagazine.it\/wp-content\/uploads\/2024\/01\/29729-1-150x150.webp",150,150,true],"medium":["https:\/\/imagazine.it\/wp-content\/uploads\/2024\/01\/29729-1-300x168.webp",300,168,true],"large":["https:\/\/imagazine.it\/wp-content\/uploads\/2024\/01\/29729-1.webp",640,358,false],"thumblist":["https:\/\/imagazine.it\/wp-content\/uploads\/2024\/01\/29729-1.webp",300,168,false],"thumbrelated":["https:\/\/imagazine.it\/wp-content\/uploads\/2024\/01\/29729-1.webp",500,280,false],"meccarouselthumb":["https:\/\/imagazine.it\/wp-content\/uploads\/2024\/01\/29729-1.webp",474,265,false],"gridsquare":["https:\/\/imagazine.it\/wp-content\/uploads\/2024\/01\/29729-1.webp",391,219,false],"tileview":["https:\/\/imagazine.it\/wp-content\/uploads\/2024\/01\/29729-1.webp",300,168,false],"1536x1536":["https:\/\/imagazine.it\/wp-content\/uploads\/2024\/01\/29729-1.webp",750,420,false],"2048x2048":["https:\/\/imagazine.it\/wp-content\/uploads\/2024\/01\/29729-1.webp",750,420,false],"newsup-slider-full":["https:\/\/imagazine.it\/wp-content\/uploads\/2024\/01\/29729-1.webp",750,420,false],"newsup-featured":["https:\/\/imagazine.it\/wp-content\/uploads\/2024\/01\/29729-1.webp",750,420,false],"newsup-medium":["https:\/\/imagazine.it\/wp-content\/uploads\/2024\/01\/29729-1-720x380.webp",720,380,true],"tptn_thumbnail":["https:\/\/imagazine.it\/wp-content\/uploads\/2024\/01\/29729-1.webp",250,140,false],"sow-carousel-default":["https:\/\/imagazine.it\/wp-content\/uploads\/2024\/01\/29729-1-272x182.webp",272,182,true]},"rttpg_author":{"display_name":"redazione","author_link":"https:\/\/imagazine.it\/home_desk\/author\/redazione\/"},"rttpg_comment":0,"rttpg_category":"<a href=\"https:\/\/imagazine.it\/home_desk\/category\/cultura-e-spettacolo\/\" rel=\"category tag\">CULTURA&amp;SPETTACOLO<\/a>","rttpg_excerpt":"Sabato 1 giugno il primo appuntamento","_links":{"self":[{"href":"https:\/\/imagazine.it\/home_desk\/wp-json\/wp\/v2\/posts\/29521","targetHints":{"allow":["GET"]}}],"collection":[{"href":"https:\/\/imagazine.it\/home_desk\/wp-json\/wp\/v2\/posts"}],"about":[{"href":"https:\/\/imagazine.it\/home_desk\/wp-json\/wp\/v2\/types\/post"}],"author":[{"embeddable":true,"href":"https:\/\/imagazine.it\/home_desk\/wp-json\/wp\/v2\/users\/28"}],"replies":[{"embeddable":true,"href":"https:\/\/imagazine.it\/home_desk\/wp-json\/wp\/v2\/comments?post=29521"}],"version-history":[{"count":0,"href":"https:\/\/imagazine.it\/home_desk\/wp-json\/wp\/v2\/posts\/29521\/revisions"}],"wp:featuredmedia":[{"embeddable":true,"href":"https:\/\/imagazine.it\/home_desk\/wp-json\/wp\/v2\/media\/29522"}],"wp:attachment":[{"href":"https:\/\/imagazine.it\/home_desk\/wp-json\/wp\/v2\/media?parent=29521"}],"wp:term":[{"taxonomy":"category","embeddable":true,"href":"https:\/\/imagazine.it\/home_desk\/wp-json\/wp\/v2\/categories?post=29521"},{"taxonomy":"post_tag","embeddable":true,"href":"https:\/\/imagazine.it\/home_desk\/wp-json\/wp\/v2\/tags?post=29521"}],"curies":[{"name":"wp","href":"https:\/\/api.w.org\/{rel}","templated":true}]}}