{"id":29511,"date":"2019-05-23T00:00:00","date_gmt":"2019-05-22T23:00:00","guid":{"rendered":"https:\/\/imagazine.it\/?p=29511"},"modified":"2019-05-23T00:00:00","modified_gmt":"2019-05-22T23:00:00","slug":"in-friuli-lincontro-di-nuove-musiche","status":"publish","type":"post","link":"https:\/\/imagazine.it\/home_desk\/in-friuli-lincontro-di-nuove-musiche\/","title":{"rendered":"In Friuli l&#8217;incontro di nuove musiche"},"content":{"rendered":"<p>Al via &#8220;<strong>Risuonanze 2019 &#8211; Incontri di nuove musiche<\/strong>&#8220;, festival internazionale promosso dall\u2019<strong>Associazione<\/strong> <strong>culturale TKE di Tricesimo<\/strong>. Giunta alla settima edizione, la rassegna pu\u00f2 contare sul coinvolgimento di numerosi <strong>compositori, musicologi e intellettuali<\/strong>, accomunati dal desiderio di segnare una svolta rispetto ai processi di massificazione nel settore della musica.<\/p>\n<p><strong>Cinque gli eventi concertistici in programma (fra il 31 maggio, l&#39;1, il 2 e il 10 giugno, in diverse sedi),<\/strong> durante i quali saranno presentate, in prima esecuzione assoluta o in prima italiana, opere di 48 compositori internazionali: la maggior parte di esse sono commissionate direttamente dall\u2019organizzazione mentre 15 sono state selezionate nel corso di una &#8220;Call for Scores&#8221; internazionale, che ha raccolto quasi 400 adesioni da ogni parte del mondo.<\/p>\n<p>La programmazione consentir\u00e0 al pubblico di ascoltare creazioni di compositori molto noti cos\u00ec come di giovani autori emergenti, con un ampio spettro di et\u00e0, nazionalit\u00e0, stili e linguaggi. Da segnalare, nel lungo elenco, le new entry <strong>Roberto Andreoni<\/strong>, <strong>Kalevi Aho<\/strong> (\ufb01nlandese), <strong>Paolo Marchettini<\/strong> e alcuni nomi gi\u00e0 presentati in passato, <strong>Sonia Bo, Gilberto Bosco, Giorcio Colombo Taccani, Fabrizio De Rossi Re, Carla Rebora e Gabrio Taglietti<\/strong>. Il programma di sala includer\u00e0 una <strong>raccolta di saggi inediti<\/strong>, offerti da compositori e musicologi: nell\u2019edizione 2019 i contributi arrivano dai musicologi Paolo Emilio Carapezza ed Enrico Fubini e dai compositori Gilberto Bosco, Jacobo Dur\u00e1n Loriga, Carlo Galante e Andrea Talmelli. Tutti i <strong>concerti<\/strong>, la cui esecuzione \u00e8 affidata a <strong>interpreti specializzati nella musica contemporanea<\/strong>, saranno accompagnati e impreziositi di <strong>momenti di dialogo, anche informale,\u00a0 tra compositori, musicisti e pubblico<\/strong>.<\/p>\n<p>&#8220;Risuonanze 2019 \u2013 incontri di nuove musiche&#8221; gode della collaborazione di Progetto Cultura Nuova (Comuni di Campoformido, Martignacco, Pagnacco e Pasian di Prato), Comuni di Udine e Tricesimo, Casa della Musica\/Scuola di musica 55 di Trieste e Associazione Culturale Progetto Quattro Stagioni. Patrocinano l&#39;evento la S.I.M.C. &#8211; Societ\u00e0 Italiana Musica Contemporanea e il Club Unesco di Udine mentre la Camera dei Deputati ha offerto il proprio patrocinio alla serata conclusiva, in programma per il 10 giugno. L\u2019edizione di quest&#39;anno del festival consolida la media-partnership di Radio Capodistria e TV KoperCapodistria: la prima trasmetter\u00e0 in differita tutti i concerti.<\/p>\n<p>Il festival si aprir\u00e0 <strong>venerd\u00ec 31 maggio, alle 20.45, nell&#39;Auditorium comunale Elio Venier di Pasian di Prato<\/strong>: Rocco Rescigno (trombone) eseguir\u00e0 musiche di Andreina Costantini, Stefano Procaccioli, Kalevi Aho, Rossano Pinelli, Massimo Varchione, Joao Pedro Oliveira, Gianluca Deserti, Antonio Agostini e Daniele Bertoldin.<\/p>\n<p>Seconda e terza tappa della rassegna <strong>sabato 1 giugno, a Udine, nella cornice di Casa Cavazzini<\/strong>: <strong>alle ore 18<\/strong> Ghenadie Rotari (\ufb01sarmonica) interpreter\u00e0 brani di Paolo Marchettini, Idin Samimi Mofakham, Martyna Kosecka, Biagio Putignano, Haris Kittos, Sara Carvalho, Hugo Vasco Reis, Arshia Samsaminia e Ivan Buffa; <strong>alle 21<\/strong>, invece, nella stessa location i violinisti Verena Rojc e Oliver Dizdarevi\u0107 proporranno musiche di Paolo Longo, Anna Bo\ufb01ll Levi, Andrea Talmelli, Fabrizio De Rossi Re, Mohammad Amin Shari\ufb01, Paolo Manfrin, Nicolas V\u00e9rin e Joseph Pereira.<\/p>\n<p><a href=\"http:\/\/imagazinevideotruck.it\/outlet\/relink.html\" target=\"_top\" rel=\"noopener\"><img loading=\"lazy\" decoding=\"async\" align=\"LEFT\" height=\"250\" src=\"http:\/\/imagazinevideotruck.it\/outlet\/outlet30.gif\" width=\"300\" alt=\"\" title=\"\"><\/a><\/p>\n<p>\u00a0<\/p>\n<p>\u00a0<\/p>\n<p>\u00a0<\/p>\n<p>\u00a0<\/p>\n<p>\u00a0<\/p>\n<p>\u00a0<\/p>\n<p>\u00a0<\/p>\n<p>\u00a0<\/p>\n<p>\u00a0<\/p>\n<p>Quarto concerto <strong>domenica 2 giugno<\/strong>, nuovamente a<strong> Casa Cavazzini<\/strong>, alle <strong>20.45<\/strong>: Tiziano Cantoni (\ufb02auti), Enrico Cossio (oboe) e Nicola Bulfone (clarinetti) eseguiranno brani di Giorgio Colombo Taccani, Bruno Zanolini, Umberto Bombardelli, Davide Pitis, Carla Magnan, Carlo Galante, Annachiara Gedda, Egid Joechl, Jane O\u2019Leary e George Stevenson.<\/p>\n<p>Gran finale <strong>luned\u00ec 10 giugno, a Trieste, all&#39;Auditorium della Casa della Musica<\/strong>: sul palco, alle <strong>20.45<\/strong>, Akiko Kozato (mezzosoprano) e Adele D\u2019Aronzo (pianoforte), che interpreteranno musiche di Giuseppe Colardo, Gilberto Bosco, Roberto Andreoni, Carla Rebora, Gabrio Taglietti, Sonia Bo, Keiko Takano, Hunter Coblentz, Mladen Tarbuk, Kirsten Strom e Dimitrios Katharopoulos.<\/p>\n","protected":false},"excerpt":{"rendered":"<p>Presentato il festival Risuonanze<\/p>\n","protected":false},"author":28,"featured_media":29512,"comment_status":"closed","ping_status":"closed","sticky":false,"template":"","format":"standard","meta":{"dwc-title":[],"dwc-content":[],"footnotes":""},"categories":[37],"tags":[],"class_list":["post-29511","post","type-post","status-publish","format-standard","has-post-thumbnail","hentry","category-cultura-e-spettacolo"],"rttpg_featured_image_url":{"full":["https:\/\/imagazine.it\/wp-content\/uploads\/2024\/01\/29693-1.webp",750,500,false],"landscape":["https:\/\/imagazine.it\/wp-content\/uploads\/2024\/01\/29693-1.webp",750,500,false],"portraits":["https:\/\/imagazine.it\/wp-content\/uploads\/2024\/01\/29693-1.webp",750,500,false],"thumbnail":["https:\/\/imagazine.it\/wp-content\/uploads\/2024\/01\/29693-1-150x150.webp",150,150,true],"medium":["https:\/\/imagazine.it\/wp-content\/uploads\/2024\/01\/29693-1-300x200.webp",300,200,true],"large":["https:\/\/imagazine.it\/wp-content\/uploads\/2024\/01\/29693-1.webp",640,427,false],"thumblist":["https:\/\/imagazine.it\/wp-content\/uploads\/2024\/01\/29693-1.webp",300,200,false],"thumbrelated":["https:\/\/imagazine.it\/wp-content\/uploads\/2024\/01\/29693-1.webp",500,333,false],"meccarouselthumb":["https:\/\/imagazine.it\/wp-content\/uploads\/2024\/01\/29693-1.webp",474,316,false],"gridsquare":["https:\/\/imagazine.it\/wp-content\/uploads\/2024\/01\/29693-1.webp",391,260,false],"tileview":["https:\/\/imagazine.it\/wp-content\/uploads\/2024\/01\/29693-1.webp",300,200,false],"1536x1536":["https:\/\/imagazine.it\/wp-content\/uploads\/2024\/01\/29693-1.webp",750,500,false],"2048x2048":["https:\/\/imagazine.it\/wp-content\/uploads\/2024\/01\/29693-1.webp",750,500,false],"newsup-slider-full":["https:\/\/imagazine.it\/wp-content\/uploads\/2024\/01\/29693-1.webp",750,500,false],"newsup-featured":["https:\/\/imagazine.it\/wp-content\/uploads\/2024\/01\/29693-1.webp",750,500,false],"newsup-medium":["https:\/\/imagazine.it\/wp-content\/uploads\/2024\/01\/29693-1-720x380.webp",720,380,true],"tptn_thumbnail":["https:\/\/imagazine.it\/wp-content\/uploads\/2024\/01\/29693-1.webp",250,167,false],"sow-carousel-default":["https:\/\/imagazine.it\/wp-content\/uploads\/2024\/01\/29693-1-272x182.webp",272,182,true]},"rttpg_author":{"display_name":"redazione","author_link":"https:\/\/imagazine.it\/home_desk\/author\/redazione\/"},"rttpg_comment":0,"rttpg_category":"<a href=\"https:\/\/imagazine.it\/home_desk\/category\/cultura-e-spettacolo\/\" rel=\"category tag\">CULTURA&amp;SPETTACOLO<\/a>","rttpg_excerpt":"Presentato il festival Risuonanze","_links":{"self":[{"href":"https:\/\/imagazine.it\/home_desk\/wp-json\/wp\/v2\/posts\/29511","targetHints":{"allow":["GET"]}}],"collection":[{"href":"https:\/\/imagazine.it\/home_desk\/wp-json\/wp\/v2\/posts"}],"about":[{"href":"https:\/\/imagazine.it\/home_desk\/wp-json\/wp\/v2\/types\/post"}],"author":[{"embeddable":true,"href":"https:\/\/imagazine.it\/home_desk\/wp-json\/wp\/v2\/users\/28"}],"replies":[{"embeddable":true,"href":"https:\/\/imagazine.it\/home_desk\/wp-json\/wp\/v2\/comments?post=29511"}],"version-history":[{"count":0,"href":"https:\/\/imagazine.it\/home_desk\/wp-json\/wp\/v2\/posts\/29511\/revisions"}],"wp:featuredmedia":[{"embeddable":true,"href":"https:\/\/imagazine.it\/home_desk\/wp-json\/wp\/v2\/media\/29512"}],"wp:attachment":[{"href":"https:\/\/imagazine.it\/home_desk\/wp-json\/wp\/v2\/media?parent=29511"}],"wp:term":[{"taxonomy":"category","embeddable":true,"href":"https:\/\/imagazine.it\/home_desk\/wp-json\/wp\/v2\/categories?post=29511"},{"taxonomy":"post_tag","embeddable":true,"href":"https:\/\/imagazine.it\/home_desk\/wp-json\/wp\/v2\/tags?post=29511"}],"curies":[{"name":"wp","href":"https:\/\/api.w.org\/{rel}","templated":true}]}}