{"id":29505,"date":"2019-05-22T00:00:00","date_gmt":"2019-05-21T23:00:00","guid":{"rendered":"https:\/\/imagazine.it\/?p=29505"},"modified":"2019-05-22T00:00:00","modified_gmt":"2019-05-21T23:00:00","slug":"lavori-a-cattinara-confermata-la-risoluzione-contrattuale","status":"publish","type":"post","link":"https:\/\/imagazine.it\/home_desk\/lavori-a-cattinara-confermata-la-risoluzione-contrattuale\/","title":{"rendered":"Lavori a Cattinara, confermata la risoluzione contrattuale"},"content":{"rendered":"<p>Si \u00e8 tenuta presso la Direzione di ASUITs a Trieste una conferenza stampa in merito ai lavori di riqualificazione dell\u2019Ospedale di Cattinara in cui \u00e8 stata annunciata la sottoscrizione del provvedimento di risoluzione contrattuale con l\u2019Associazione Temporanea di Imprese da parte dell\u2019ASUITs.<\/p>\n<p>Nel tempo la situazione ha raggiunto quello che il Commissario Straordinario di ASUITs <strong>Antonio Poggiana<\/strong> ha descritto come \u201cpunto di sella\u201d, cio\u00e8 quel punto in cui non si va n\u00e9 su n\u00e9 gi\u00f9, n\u00e9 avanti n\u00e9 indietro.<\/p>\n<p>Considerata l\u2019assoluta incertezza, valutata sia riguardo ai tempi occorrenti per l\u2019avvio delle opere sia relativamente al buon esito del confronto con l\u2019Associazione Temporanea di Imprese, ASUITs ha deciso di concludere il rapporto contrattuale.<\/p>\n<p>L\u2019appalto \u00e8 di 140 milioni complessivi di cui 110 milioni per progettazione, lavori (107 milioni) e oneri per la sicurezza. Per questo intervento sono destinati i seguenti finanziamenti pubblici: 45,5 milioni di fondi statali ex art. 20, 14,1 milioni di fondi del Ministero destinati al Burlo e 80,4 milionn di fondi regionali dell\u2019Assessorato alla Salute. Tutti questi fondi devono essere utilizzati entro tempi massimi definiti. Il rischio \u00e8 che vengano revocati con conseguenti responsabilit\u00e0 di ordine contabile, economico ma soprattutto relative alla buona conduzione della \u201ccosa pubblica\u201d.<\/p>\n<p>La normativa consente ora due strade: lo scorrimento della graduatoria oppure l\u2019attivazione della garanzia globale che comporta il subentro di una nuova impresa gi\u00e0 identificata in fase di gara. L\u2019ASUITs si riserva una riflessione per individuare l\u2019opzione che garantisca le migliori condizioni in termini di velocit\u00e0 e qualit\u00e0 di realizzazione dei lavori.<\/p>\n<p>La decisione verr\u00e0 assunta nelle prossime settimane; nel mentre verranno completate le attivit\u00e0 di competenza del Direttore Lavori e della Commissione Collaudo (30 giorni), la redazione dello \u201cstato di consistenza\u201d e la redazione del verbale di accertamento tecnico e contabile, con espressa indicazione di quanto eseguito alla data di risoluzione e quanto previsto dal contratto.<\/p>\n<p><a href=\"http:\/\/imagazinevideotruck.it\/outlet\/relink.html\" target=\"_top\" rel=\"noopener\"><img loading=\"lazy\" decoding=\"async\" align=\"LEFT\" height=\"250\" src=\"http:\/\/imagazinevideotruck.it\/outlet\/outlet30.gif\" width=\"300\" alt=\"\" title=\"\"><\/a><\/p>\n<p>\u00a0<\/p>\n<p>\u00a0<\/p>\n<p>\u00a0<\/p>\n<p>\u00a0<\/p>\n<p>\u00a0<\/p>\n<p>\u00a0<\/p>\n<p>\u00a0<\/p>\n<p>\u00a0<\/p>\n<p>\u00a0<\/p>\n<p>A questi si aggiunge il verbale e l\u2019ordine alla Associazione Temporanea di Imprese di sgomberare le aree di lavoro e riconsegnare la struttura.<\/p>\n<p>Parallelamente sta proseguendo la riorganizzazione degli spazi esistenti del Pronto Soccorso in base ai codici di priorit\u00e0. Previsto anche un investimento tecnologico per una struttura rafforzata in termini di personale e strumentazione.<\/p>\n<p>Il vicepresidente regionale e assessore alla salute, politiche sociali e disabilit\u00e0 <strong>Riccardo Riccardi<\/strong> ha sottolineato che verr\u00e0 preferita la soluzione che consenta di accelerare i tempi di progettazione e avvio dei lavori e che garantisca condizioni di certezza rispetto a un\u2019opera che interessa molto la citt\u00e0 di Trieste e non solo. Questa vicenda infatti non riguarda solo l\u2019ospedale, ma anche l\u2019IRCCS Burlo Garofolo.\u00a0<\/p>\n","protected":false},"excerpt":{"rendered":"<p>L&#8217;annuncio in conferenza stampa<\/p>\n","protected":false},"author":28,"featured_media":29506,"comment_status":"closed","ping_status":"closed","sticky":false,"template":"","format":"standard","meta":{"dwc-title":[],"dwc-content":[],"footnotes":""},"categories":[5],"tags":[],"class_list":["post-29505","post","type-post","status-publish","format-standard","has-post-thumbnail","hentry","category-attualita"],"rttpg_featured_image_url":{"full":["https:\/\/imagazine.it\/wp-content\/uploads\/2024\/01\/29685-1.webp",750,502,false],"landscape":["https:\/\/imagazine.it\/wp-content\/uploads\/2024\/01\/29685-1.webp",750,502,false],"portraits":["https:\/\/imagazine.it\/wp-content\/uploads\/2024\/01\/29685-1.webp",750,502,false],"thumbnail":["https:\/\/imagazine.it\/wp-content\/uploads\/2024\/01\/29685-1-150x150.webp",150,150,true],"medium":["https:\/\/imagazine.it\/wp-content\/uploads\/2024\/01\/29685-1-300x201.webp",300,201,true],"large":["https:\/\/imagazine.it\/wp-content\/uploads\/2024\/01\/29685-1.webp",640,428,false],"thumblist":["https:\/\/imagazine.it\/wp-content\/uploads\/2024\/01\/29685-1.webp",300,201,false],"thumbrelated":["https:\/\/imagazine.it\/wp-content\/uploads\/2024\/01\/29685-1.webp",500,335,false],"meccarouselthumb":["https:\/\/imagazine.it\/wp-content\/uploads\/2024\/01\/29685-1.webp",474,317,false],"gridsquare":["https:\/\/imagazine.it\/wp-content\/uploads\/2024\/01\/29685-1.webp",388,260,false],"tileview":["https:\/\/imagazine.it\/wp-content\/uploads\/2024\/01\/29685-1.webp",300,201,false],"1536x1536":["https:\/\/imagazine.it\/wp-content\/uploads\/2024\/01\/29685-1.webp",750,502,false],"2048x2048":["https:\/\/imagazine.it\/wp-content\/uploads\/2024\/01\/29685-1.webp",750,502,false],"newsup-slider-full":["https:\/\/imagazine.it\/wp-content\/uploads\/2024\/01\/29685-1.webp",750,502,false],"newsup-featured":["https:\/\/imagazine.it\/wp-content\/uploads\/2024\/01\/29685-1.webp",750,502,false],"newsup-medium":["https:\/\/imagazine.it\/wp-content\/uploads\/2024\/01\/29685-1-720x380.webp",720,380,true],"tptn_thumbnail":["https:\/\/imagazine.it\/wp-content\/uploads\/2024\/01\/29685-1.webp",250,167,false],"sow-carousel-default":["https:\/\/imagazine.it\/wp-content\/uploads\/2024\/01\/29685-1-272x182.webp",272,182,true]},"rttpg_author":{"display_name":"redazione","author_link":"https:\/\/imagazine.it\/home_desk\/author\/redazione\/"},"rttpg_comment":0,"rttpg_category":"<a href=\"https:\/\/imagazine.it\/home_desk\/category\/attualita\/\" rel=\"category tag\">ATTUALIT\u00c0<\/a>","rttpg_excerpt":"L'annuncio in conferenza stampa","_links":{"self":[{"href":"https:\/\/imagazine.it\/home_desk\/wp-json\/wp\/v2\/posts\/29505","targetHints":{"allow":["GET"]}}],"collection":[{"href":"https:\/\/imagazine.it\/home_desk\/wp-json\/wp\/v2\/posts"}],"about":[{"href":"https:\/\/imagazine.it\/home_desk\/wp-json\/wp\/v2\/types\/post"}],"author":[{"embeddable":true,"href":"https:\/\/imagazine.it\/home_desk\/wp-json\/wp\/v2\/users\/28"}],"replies":[{"embeddable":true,"href":"https:\/\/imagazine.it\/home_desk\/wp-json\/wp\/v2\/comments?post=29505"}],"version-history":[{"count":0,"href":"https:\/\/imagazine.it\/home_desk\/wp-json\/wp\/v2\/posts\/29505\/revisions"}],"wp:featuredmedia":[{"embeddable":true,"href":"https:\/\/imagazine.it\/home_desk\/wp-json\/wp\/v2\/media\/29506"}],"wp:attachment":[{"href":"https:\/\/imagazine.it\/home_desk\/wp-json\/wp\/v2\/media?parent=29505"}],"wp:term":[{"taxonomy":"category","embeddable":true,"href":"https:\/\/imagazine.it\/home_desk\/wp-json\/wp\/v2\/categories?post=29505"},{"taxonomy":"post_tag","embeddable":true,"href":"https:\/\/imagazine.it\/home_desk\/wp-json\/wp\/v2\/tags?post=29505"}],"curies":[{"name":"wp","href":"https:\/\/api.w.org\/{rel}","templated":true}]}}