{"id":29501,"date":"2019-05-22T00:00:00","date_gmt":"2019-05-21T23:00:00","guid":{"rendered":"https:\/\/imagazine.it\/?p=29501"},"modified":"2019-05-22T00:00:00","modified_gmt":"2019-05-21T23:00:00","slug":"il-presente-prossimo-si-teorizza-a-udine","status":"publish","type":"post","link":"https:\/\/imagazine.it\/home_desk\/il-presente-prossimo-si-teorizza-a-udine\/","title":{"rendered":"Il presente prossimo si teorizza a Udine"},"content":{"rendered":"<p>S\u2019intitola \u201cPresente Prossimo\u201d e sar\u00e0 dedicata al tema della sostenibilit\u00e0 l\u2019edizione 2019 di Conoscenza in festa, la manifestazione promossa dall\u2019Universit\u00e0 di Udine, con la co-organizzazione della Conferenza dei Rettori e delle Universit\u00e0 Italiane (Crui), il supporto del Ministero dell\u2019Istruzione, dell\u2019Universit\u00e0 e della Ricerca (Miur) e della Fondazione Friuli e il patrocinio del Comune di Udine: 44 botteghe del sapere, 12 progetti delle scuole del territorio, 11 eventi ospitati, 2 spettacoli serali, 4 eventi istituzionali universitari, una maratona informatica sono i numeri della quinta edizione dell\u2019evento, che si svolger\u00e0 <strong>da marted\u00ec 28 maggio a sabato 1 giugno a Udine<\/strong> e che metter\u00e0 l\u2019accento sulle sfide che in passato non abbiamo affrontato, ma su cui invece il \u201cpresente prossimo\u201d richiama a riflettere molto velocemente e con attenzione.<\/p>\n<p>Il programma \u00e8 stato presentato durante una conferenza stampa a cui sono intervenuti il rettore <strong>Alberto De Toni<\/strong>, il presidente della Fondazione Friuli <strong>Giuseppe Morandini<\/strong>, <strong>l\u2019assessore l\u2019Assessore comunale alla Sanit\u00e0, Assistenza sociale, Rapporti con l&#39;Universit\u00e0 di Udine,<\/strong> il coordinatore di Conoscenza in Festa <strong>Angelo Montanari<\/strong>, il delegato del rettore alla Sostenibilit\u00e0 <strong>Francesco Marangon<\/strong> e il direttore artistico <strong>Jader Giraldi<\/strong>.<\/p>\n<p>Nell\u2019ambito della manifestazione si svolgeranno anche quest\u2019anno i <strong>Magnifici Incontri<\/strong> <strong>CRUI<\/strong> che porteranno a Udine studiosi ed esperti provenienti da oltre 75 universit\u00e0 e 65 organizzazioni per lavorare insieme al Manifesto delle Universit\u00e0 per la Sostenibilit\u00e0 che la Conferenza dei Rettori delle Universit\u00e0 Italiane- Crui consegner\u00e0 al governo (VEDI COMUNICATO A PARTE). Nella due giorni a Udine, inoltre, il <strong>Premio alla Conoscenza Crui 2019<\/strong> sar\u00e0 consegnato a <strong>Enrico Giovannini<\/strong>, economista, statistico e accademico italiano, fondatore e Portavoce dell&#39;Alleanza Italiana per lo Sviluppo Sostenibile (ASviS), una rete di oltre 180 soggetti della societ\u00e0 civile italiana, gi\u00e0 Ministro del Lavoro e delle Politiche sociali dal 2013 al 2014, presidente Istat dal 2009 al 2013 e \u201cChief Statistician\u201d dell\u2019OCSE dal 2001 al 2009. Il <strong>Premio alla Sostenibilit\u00e0 Crui 2019<\/strong> andr\u00e0 ad <strong>Alessandra Albertini<\/strong>, genetista e gi\u00e0 direttrice del Dipartimento di Biologia e Biotecnologie dell\u2019Universit\u00e0 di Pavia e salita all\u2019onore delle cronache perch\u00e9 al momento della pensione ha donato 250mila euro all\u2019universit\u00e0 per cofinanziare posizioni di ricercatori e sostenere le nuove generazioni nello sviluppo futuro della ricerca.<\/p>\n<p>Durante il festival si svolger\u00e0 <strong>l\u2019Opera Collettiva a Raccolta Differenziata<\/strong>, un\u2019installazione realizzata dall\u2019ateneo insieme al Comune che, tramite una Survey Ecologica Pubblica, permetter\u00e0 alle persone di rispondere a otto grandi domande su temi legati alla salute e all\u2019educazione tramite cestini adibiti alla raccolta della plastica e dei mozziconi di sigaretta che saranno posizionati a ridosso delle aree del festival fino alla fine di giugno (VEDI SCHEDA DESCRITTIVA).<\/p>\n<p>Dopo <strong>un\u2019anteprima di marted\u00ec 28 maggio<\/strong> che ospiter\u00e0 una prima parte delle Botteghe del Sapere, l<strong>\u2019inaugurazione ufficiale si svolger\u00e0 mercoled\u00ec 29 maggio alle 10 nella sede della Fondazione Friuli<\/strong>, in via Manin 15, prima dell\u2019avvio del <strong>C-LAB. Contamination Lab Sport e salute<\/strong>, organizzato insieme all\u2019universit\u00e0 di Venezia C\u00e0 Foscari, con la presentazione dei partner aziendali e delle sfide fino alle 13. Dalle 14 alle 17 il lab proseguir\u00e0 sotto la Loggia del Lionello con l\u2019avvio dell\u2019attivit\u00e0 di formazione sulle metodologie dei gruppi di lavoro dei partecipanti. l laboratorio \u00e8 un luogo fisico e virtuale di contaminazione tra studenti universitari (e non solo) di discipline diverse. Promuove la cultura dell\u2019imprenditorialit\u00e0, della sostenibilit\u00e0, dell\u2019innovazione e del fare, cos\u00ec come l\u2019interdisciplinariet\u00e0 e nuovi modelli di apprendimento, tali da ridurre il divario tra il mondo accademico e l\u2019innovazione.<\/p>\n<p><strong>Dalle 14.30 sotto la Loggia del Lionello<\/strong> sar\u00e0 inaugurata la <strong>Maratona Informatica, <\/strong>una competizione tra studenti, laureati e appassionati di informatica che si vogliono cimentare nella risoluzione di problematiche aziendali sotto forma di sfide informatiche da risolvere in 24 ore. Saranno presenti le aziende Adecco, Brovedani Group, Danieli, Fincantieri, Freud, Generali, Inglass, Previnet, Pwc, W\u00e4rtsil\u00e4 Italia. Le attivit\u00e0 della Maratona in piazza continueranno <strong>gioved\u00ec 30 maggio dalle 8.30<\/strong>, momento di ritrovo dei partecipanti alle 17 con la presentazione delle soluzioni alla giuria. Alle 19.15 la giuria proclamer\u00e0 i vincitori.<\/p>\n<p><a href=\"http:\/\/imagazinevideotruck.it\/outlet\/relink.html\" target=\"_top\" rel=\"noopener\"><img loading=\"lazy\" decoding=\"async\" align=\"LEFT\" height=\"250\" src=\"http:\/\/imagazinevideotruck.it\/outlet\/outlet30.gif\" width=\"300\" alt=\"\" title=\"\"><\/a><\/p>\n<p>\u00a0<\/p>\n<p>\u00a0<\/p>\n<p>\u00a0<\/p>\n<p>\u00a0<\/p>\n<p>\u00a0<\/p>\n<p>\u00a0<\/p>\n<p>\u00a0<\/p>\n<p>\u00a0<\/p>\n<p>\u00a0<\/p>\n<p><strong>Gioved\u00ec 30 maggio<\/strong> sar\u00e0 anche la giornata delle <strong>Scuole in festa<\/strong>. <strong>Dalle 18.30 alle 20.30 sotto la Loggia del Lionello<\/strong>, studenti e docenti degli istituti secondari di secondo grado saranno protagonisti di un evento che punta a valorizzare 12 progetti dedicati al tema della sostenibilit\u00e0 realizzati dagli studenti durante l\u2019anno scolastico. Alcuni spazi allestiti all\u2019interno della piazza daranno la possibilit\u00e0 ai ragazzi di presentare le loro idee. Gli studenti avranno inoltre a disposizione un tempo prestabilito per descrivere il loro progetto e le modalit\u00e0 di realizzazione. (VEDI SCHEDA CON L\u2019ELENCO DEI SINGOLI PROGETTI).<\/p>\n<p>In serata, <strong>alle 20.30, sotto la Loggia del Lionello<\/strong>, in occasione dei 150 anni della tavola periodica di Dmitrij Ivanovi\u010d Mendeleev, <strong>Magie della chimica<\/strong>, con gli esperimenti del professor Daniele Zuccaccia e di Victor Tosoratti, che avranno lo scopo di sensibilizzare i partecipanti sull\u2019importanza della sostenibilit\u00e0. L\u2019attivit\u00e0 \u00e8 svolta con la partecipazione della Societ\u00e0 Chimica Italiana sezione Friuli Venezia Giulia. L\u2019evento sar\u00e0 replicato anche il giorno successivo, venerd\u00ec 31 maggio, con lo stesso orario.<\/p>\n<p>La serata culminer\u00e0 <strong>alle 21, sempre sotto la Loggia del Lionello,<\/strong> con lo spettacolo <strong>The Society Game<\/strong>, dedicato alla Citt\u00e0 Sostenibile come primo nucleo fondativo della comunit\u00e0, che insieme alla famiglia, costituisce l\u2019asse portante per la costruzione di un futuro per la societ\u00e0. Il gioco della societ\u00e0 con <strong>Gunter Pauli<\/strong>, imprenditore ecologico, scrittore e fondatore della Zeri (Zero Emission Research Iniziative) sar\u00e0 intervistato da <strong>Michele Dotti<\/strong>, educatore e fondatore del festival Ecofuturo. La performance ludico-didattica racconter\u00e0 come la sfida della sostenibilit\u00e0 non sia un problema di decrescita e rispetto di regole, ma possa essere anche un grande gioco collettivo pieno di divertimento. L\u2019evento sar\u00e0 aperto dal direttore artistico di Conoscenza in festa, Jader Giraldi, con un intervento sul tema dell\u2019edutainment come approccio di riprogettazione della societ\u00e0 e di creazione di comunit\u00e0 intelligenti. Sul palco si alterneranno eccellenze e casi virtuosi di universit\u00e0, imprese e scuole che dimostrano come la citt\u00e0, attraverso il coinvolgimento attivo dei cittadini, sia al centro del futuro del pianeta.<\/p>\n<p><strong>Venerd\u00ec 31 maggio<\/strong> il festival entra nel vivo. Si parte <strong>alle 8.30<\/strong> e si proseguir\u00e0 fino alle 13.30 con l\u2019ormai tradizionale <strong>Job Breakfast<\/strong>, una \u201ccolazione di lavoro\u201d organizzata dal Career Center dell\u2019ateneo, per incontrare i responsabili del personale di importanti realt\u00e0 imprenditoriali in un contesto informale. I partecipanti potranno consegnare di persona il proprio curriculum vitae e sostenere colloqui di selezione presso il <strong>Loggiato di San Giovanni<\/strong>, di fronte alla Loggia del Lionello in piazza Libert\u00e0, dove, in apertura della mattinata, sar\u00e0 loro offerta una colazione con caff\u00e8 e brioche. Trentadue le aziende e gli enti partecipanti: Adecco, Alfa Sistemi, Ali Energia, Automotive Lighting Italia, Banca Finint, Bluenergy, Bouvard Italia, Brovedani Group, Civibank, Deloitte, Electrolux, Eurotech, Fincantieri, Finpro, Fonderie Pandolfo, Freud, Gruppo Pittini, KPMG, Laboratori Fabrici, Lamitex, Lidl, Limacorporate, Projecta, PwC, Refrion, Regione Autonoma Friuli Venezia Giulia, Rhoss, Sereni Orizzonti, SMS Group, Taghleef Industries, U-blox e W\u00e4rtsil\u00e4 Italia.<\/p>\n<p><strong>Dalle 16 alle 17 sotto la Loggia del Lionello<\/strong> si svolger\u00e0 il <strong>PhD Award<\/strong>, che premia ogni anno ricerche, sia di base sia applicate, che si distinguano per attualit\u00e0 e originalit\u00e0 dei temi trattati e per l\u2019impatto dei risultati conseguiti sul sistema socio-economico e culturale. L\u2019iniziativa s\u2019inserisce nell\u2019ambito delle azioni di implementazione dei principi della Carta Europea dei Ricercatori, avviate dall\u2019universit\u00e0 con l\u2019intento di premiare e valorizzare giovani talenti che abbiano conseguito il titolo di dottore di ricerca. Alla selezione sono stati ammessi i dottori di ricerca che hanno conseguito il titolo nel corso dell\u2019anno solare 2018 all\u2019Universit\u00e0 di Udine. La giornata proseguir\u00e0, <strong>dalle 17 alle 18<\/strong>, con l\u2019evento \u201c<strong>Cantiere Friuli: l&#39;universit\u00e0 incontra il territorio\u201d<\/strong> a cui interverranno Mauro Pascolini, Delegato del Rettore al Territorio e Cantiere Friuli, Maria Chiarvesio, Referente Officina Nuove Imprenditorialit\u00e0, Carlo Tasso, Referente Officina Sistemi Digitali di Supporto avanzato e Christina Conti, Giovanni La Varra, Referenti Officina Rigenerare la citt\u00e0 e il territorio. Tre i temi trattati: analisi del tessuto economico imprenditoriale del territorio utile a comprendere come emergano nuovi settori e nuove attivit\u00e0, progettazione e coinvolgimento degli studenti attraverso l\u2019Hackaton #UNIUDine e attivazione di un processo di co-progettazione per immaginare una nuova Udine Smart e Universitaria e sperimentazione sui borghi, veri e propri pezzi omogenei di citt\u00e0, storicamente nati dalla ibridazione della cultura urbana e di quella contadina oggi a rischio spopolamento, finalizzata alla trasformazione dell&#39;eterogenea \u201cmateria sfitta\u201d in un articolato dispositivo abitativo\/commerciale che risponda ai bisogni differenziati di diversi soggetti sociali.<\/p>\n<p><strong>Dalle 18.30 alle 20<\/strong> ci si posta sotto la <strong>Loggia di San Giovanni<\/strong> per il <strong>Dies academicus<\/strong>. Il rettore, i coordinatori dei corsi di laurea e i docenti si ritroveranno in piazza per premiare i migliori laureati magistrali e gli studenti che hanno terminato il primo anno del percorso di studi. Sul palco saranno chiamati uno a uno i giovani vestiti con la toga e, al termine della cerimonia, si terr\u00e0 il tradizionale lanciodel tocco, alla presenza dei familiari, dei rappresentanti delle categorie produttive, delle autorit\u00e0 regionali. Il <strong>Premio offerto dalla Fondazione Friuli<\/strong> verr\u00e0 assegnato dal presidente Giuseppe Morandini a un profilo di studente particolarmente rilevante.<\/p>\n<p>La serata si concluder\u00e0 <strong>sotto la Loggia del Lionello dalle 21 alle 23.30<\/strong> con una speciale riflessione dal titolo \u201c<strong>Il gesto di Ettore\u201d<\/strong> sul tema della sostenibilit\u00e0 con al centro lo scambio generazionale. <strong>Luigi Zoja<\/strong>, psicoanalista gi\u00e0 presidente dell\u2019Associazione Mondiale degli Psicoanalisti Junghiani articoler\u00e0 un format dove padri e figli diventano protagonisti di storie mitiche sul tema del \u201cpassaggio al futuro\u201d. Imprenditori (tra cui Pierluigi Zam\u00f2), docenti, gestori di comunit\u00e0, i <strong>musicisti jazz Giulio e Gabriele Centis<\/strong> porteranno la loro storia personale fatta di \u201celevazione del figlio\u201d e gesti di dono per le generazioni successive. La serata sar\u00e0 arricchita dalla partecipazione dell\u2019attrice <strong>Selene Gandini<\/strong> che immaginer\u00e0 un dialogo con il suo padre artistico Giorgio Albertazzi, affidandosi alle parole di Shakespeare e ad alcuni ricordi intimi del lavoro con questo grande intellettuale.<\/p>\n<p>L\u2019ultima giornata di festival, <strong>sabato 1 giugno<\/strong>, si aprir\u00e0 <strong>alle 9 sotto la Loggia del Lionello<\/strong> con l\u2019evento <strong>Il segno del chimico<\/strong>, in occasione dei 100 anni dalla nascita di Primo Levi, a cura di Domenico Scarpa. Primo Levi risponde alle domande di un intervistatore informato e congeniale: gli racconta della sua vocazione scientifica, della sua vita di testimone del Lager, della sua esperienza come narratore e come tecnico di laboratorio. Interpreti: Miriam Russo e Alejandro Bonn allievi diplomati della Civica Accademia D\u2019Arte Drammatica \u201cNico Pepe\u201d di Udine. Promotore la Societ\u00e0 Chimica Italiana Sezione Friuli-Venezia Giulia con la collaborazione del Centro internazionale di studi Primo Levi.<\/p>\n<p><strong>Dalle 9.30 alle 11 nell\u2019aula 10 di palazzo Antonini,<\/strong> in via Petracco 8, si svolger\u00e0 <strong>CSR Business Game. Essere responsabili non \u00e8 mai stato cos\u00ec coinvolgente\/divertente<\/strong>. I partecipanti all\u2019incontro verranno divisi in gruppi per affrontare una sessione del CSR Business Game, simulazione gestionale d\u2019impresa centrata sulla Sostenibilit\u00e0. Questa piattaforma innovativa permette di assumere il ruolo di manager d\u2019impresa, progettando ed attuando strategie aziendali e sfidando le altre squadre in una competizione che premia i migliori risultati sul lungo periodo, facendo particolare attenzione alla valorizzazione dei rapporti con i propri stakeholder.<\/p>\n<p><strong>Dalle 11 alle 12.30 nella sala &#39;Gusmani&#39; di palazzo Antonini<\/strong>, CSR AnimaImpresa. Sostenibilit\u00e0, che impresa! Pro e Contro di un approccio sostenibile al lavoro con gli imprenditori del territorio. Alcuni imprenditori del territorio si confronteranno sulle strategie di sostenibilit\u00e0 che guidano la propria attivit\u00e0, innescando un dialogo con studenti e uditori per illustrare al<\/p>\n<p>meglio i propri valori ed i propri obiettivi e recepire, in maniera interattiva, il feedback del pubblico. Si cercher\u00e0 di dare una prospettiva a 360\u00b0 dell\u2019applicazione di questo concetto, legata anche ai nuovi orientamenti dell\u2019industria e dei modelli di business rispondendo ad aspettative, dubbi e criticit\u00e0 espresse attivamente dalla platea.<\/p>\n<p>Infine, <strong>dalle 11.30 alle 13 sotto la Loggia del Lionello<\/strong>, si svolger\u00e0 il <strong>Concerto di chiusura<\/strong> della manifestazione con i cori dell\u2019Universit\u00e0 di Udine \u201cG. Pressacco\u201d e dell\u2019Universit\u00e0 di Modena e Reggio Emilia, diretto dalla maestra Antonella Coppi, in un concerto che consolida il sodalizio fra i due gruppi, nato a seguito del II Simposio Internazionale \u201cI Cori e l<br \/>\n Orchestre Universitarie\u201d a Perugia nel novembre del 2018. Il programma prevede musica corale di varia provenienza e collocazione storica.<\/p>\n<p>In caso di pioggia gli eventi si svolgeranno in sedi alternative. Il programma del festival \u00e8 disponibile all\u2019indirizzo <u><a href=\"http:\/\/www.uniud.it\/conoscenzainfesta\" target=\"_blank\" rel=\"noopener\">www.uniud.it\/conoscenzainfesta<\/a><\/u><\/p>\n","protected":false},"excerpt":{"rendered":"<p>Dal 28 maggio al 1 giugno<\/p>\n","protected":false},"author":28,"featured_media":29502,"comment_status":"closed","ping_status":"closed","sticky":false,"template":"","format":"standard","meta":{"dwc-title":[],"dwc-content":[],"footnotes":""},"categories":[37],"tags":[],"class_list":["post-29501","post","type-post","status-publish","format-standard","has-post-thumbnail","hentry","category-cultura-e-spettacolo"],"rttpg_featured_image_url":{"full":["https:\/\/imagazine.it\/wp-content\/uploads\/2024\/01\/29682-1.webp",750,500,false],"landscape":["https:\/\/imagazine.it\/wp-content\/uploads\/2024\/01\/29682-1.webp",750,500,false],"portraits":["https:\/\/imagazine.it\/wp-content\/uploads\/2024\/01\/29682-1.webp",750,500,false],"thumbnail":["https:\/\/imagazine.it\/wp-content\/uploads\/2024\/01\/29682-1-150x150.webp",150,150,true],"medium":["https:\/\/imagazine.it\/wp-content\/uploads\/2024\/01\/29682-1-300x200.webp",300,200,true],"large":["https:\/\/imagazine.it\/wp-content\/uploads\/2024\/01\/29682-1.webp",640,427,false],"thumblist":["https:\/\/imagazine.it\/wp-content\/uploads\/2024\/01\/29682-1.webp",300,200,false],"thumbrelated":["https:\/\/imagazine.it\/wp-content\/uploads\/2024\/01\/29682-1.webp",500,333,false],"meccarouselthumb":["https:\/\/imagazine.it\/wp-content\/uploads\/2024\/01\/29682-1.webp",474,316,false],"gridsquare":["https:\/\/imagazine.it\/wp-content\/uploads\/2024\/01\/29682-1.webp",391,260,false],"tileview":["https:\/\/imagazine.it\/wp-content\/uploads\/2024\/01\/29682-1.webp",300,200,false],"1536x1536":["https:\/\/imagazine.it\/wp-content\/uploads\/2024\/01\/29682-1.webp",750,500,false],"2048x2048":["https:\/\/imagazine.it\/wp-content\/uploads\/2024\/01\/29682-1.webp",750,500,false],"newsup-slider-full":["https:\/\/imagazine.it\/wp-content\/uploads\/2024\/01\/29682-1.webp",750,500,false],"newsup-featured":["https:\/\/imagazine.it\/wp-content\/uploads\/2024\/01\/29682-1.webp",750,500,false],"newsup-medium":["https:\/\/imagazine.it\/wp-content\/uploads\/2024\/01\/29682-1-720x380.webp",720,380,true],"tptn_thumbnail":["https:\/\/imagazine.it\/wp-content\/uploads\/2024\/01\/29682-1.webp",250,167,false],"sow-carousel-default":["https:\/\/imagazine.it\/wp-content\/uploads\/2024\/01\/29682-1-272x182.webp",272,182,true]},"rttpg_author":{"display_name":"redazione","author_link":"https:\/\/imagazine.it\/home_desk\/author\/redazione\/"},"rttpg_comment":0,"rttpg_category":"<a href=\"https:\/\/imagazine.it\/home_desk\/category\/cultura-e-spettacolo\/\" rel=\"category tag\">CULTURA&amp;SPETTACOLO<\/a>","rttpg_excerpt":"Dal 28 maggio al 1 giugno","_links":{"self":[{"href":"https:\/\/imagazine.it\/home_desk\/wp-json\/wp\/v2\/posts\/29501","targetHints":{"allow":["GET"]}}],"collection":[{"href":"https:\/\/imagazine.it\/home_desk\/wp-json\/wp\/v2\/posts"}],"about":[{"href":"https:\/\/imagazine.it\/home_desk\/wp-json\/wp\/v2\/types\/post"}],"author":[{"embeddable":true,"href":"https:\/\/imagazine.it\/home_desk\/wp-json\/wp\/v2\/users\/28"}],"replies":[{"embeddable":true,"href":"https:\/\/imagazine.it\/home_desk\/wp-json\/wp\/v2\/comments?post=29501"}],"version-history":[{"count":0,"href":"https:\/\/imagazine.it\/home_desk\/wp-json\/wp\/v2\/posts\/29501\/revisions"}],"wp:featuredmedia":[{"embeddable":true,"href":"https:\/\/imagazine.it\/home_desk\/wp-json\/wp\/v2\/media\/29502"}],"wp:attachment":[{"href":"https:\/\/imagazine.it\/home_desk\/wp-json\/wp\/v2\/media?parent=29501"}],"wp:term":[{"taxonomy":"category","embeddable":true,"href":"https:\/\/imagazine.it\/home_desk\/wp-json\/wp\/v2\/categories?post=29501"},{"taxonomy":"post_tag","embeddable":true,"href":"https:\/\/imagazine.it\/home_desk\/wp-json\/wp\/v2\/tags?post=29501"}],"curies":[{"name":"wp","href":"https:\/\/api.w.org\/{rel}","templated":true}]}}