{"id":29469,"date":"2019-05-17T00:00:00","date_gmt":"2019-05-16T23:00:00","guid":{"rendered":"https:\/\/imagazine.it\/?p=29469"},"modified":"2019-05-17T00:00:00","modified_gmt":"2019-05-16T23:00:00","slug":"pordenonelegge-nel-segno-del-giallo-e-del-noir","status":"publish","type":"post","link":"https:\/\/imagazine.it\/home_desk\/pordenonelegge-nel-segno-del-giallo-e-del-noir\/","title":{"rendered":"Pordenonelegge nel segno del giallo e del noir"},"content":{"rendered":"<p>A quattro mesi esatti dall\u2019avvio di <em>pordenonelegge 2019<\/em>, <strong>parte dal Salone del Libro di Torino la rincorsa verso la ventesima edizione<\/strong>. \u00abUn momento \u2013 <strong>spiega il presidente di Fondazione Pordenonelegge Giovanni Pavan \u2013 <\/strong>che attendiamo con gioia e un pizzico di impazienza. Per poterlo \u00a0festeggiare insieme alla citt\u00e0, alle istituzioni, agli operatori delle case editrici, e naturalmente insieme agli autori e al nostro staff. Torino \u00e8 stata teatro del lancio di una novit\u00e0 importante: l\u2019accordo siglato con il Comune di Senigallia per una sinergia culturale che si aprir\u00e0 nell\u2019estate 2019, nel segno del giallo e del noir. Un\u2019ulteriore conferma del ruolo riconosciuto a pordenonelegge sul piano della progettualit\u00e0 culturale, a livello nazionale e per il quale va ringraziato un pordenonese Claudio Ricci, che ha creato le basi della collaborazione\u00bb.<\/p>\n<p>\u00c8 nato cos\u00ec il<strong> Protocollo d\u2019intesa tra il Comune di Senigallia e la Fondazione Pordenonelegge<\/strong>, per promuovere la cultura, attraverso i reciproci eventi, in un\u2019impostazione orientata a un\u2019attivit\u00e0 costante nel corso dell\u2019anno. Iniziative per le scuole, laboratori di scrittura creativa, incontri su tematiche legate all\u2019attualit\u00e0, mostre in particolare legate alla fotografia e altre iniziative per la valorizzazione del territorio saranno al centro del Protocollo sottoscritto al Salone del Libro dal sindaco di Senigallia <strong>Maurizio Mangialardi<\/strong> e dal presidente della Fondazione Pordenonelegge Pavan. Si partir\u00e0 con <strong>due incontri gemelli che vedranno protagonisti scrittori cult del giallo, Gianrico Carofiglio e Giancarlo De Cataldo<\/strong>, intervenuti alla sottoscrizione dell\u2019accordo ed entusiasti dell\u2019iniziativa. <strong>Saranno impegnati in un talk che ripercorrer\u00e0 casi eclatanti degli archivi giudiziari del nostro tempo<\/strong>. Il primo incontro si svolger\u00e0 <strong>sabato 24 agosto al festival Ventimilarighesottoimari in Giallo di Senigallia<\/strong>, il secondo nel corso di pordenonelegge 2019, con gli stessi protagonisti. Sar\u00f2 l\u2019occasione per un excursus avvincente che intreccia realt\u00e0 e letteratura, storia e fiction, vero e verosimile.<\/p>\n<p>E mentre parte il countdown per la 20^ edizione di pordenonelegge, arriva la notizia che il programma del festival \u00e8 ormai in fase di chiusura: \u00abIl cartellone \u00e8 virtualmente completo \u2013 spiega il direttore artistico <strong>Gian Mario Villalta<\/strong>, insieme ai curatori <strong>Alberto Garlini<\/strong> e <strong>Valentina Gasparet<\/strong> \u2013 e siamo alle ultime rifiniture. Come sempre il d-day della presentazione \u00e8 programmato per il mese di luglio: sar\u00e0 l\u2019occasione per illustrare un programma generoso di anteprime e grandi autori italiani e internazionali\u00bb.<\/p>\n<p>Info e dettagli, in progress, sul sito <u><a href=\"http:\/\/www.pordenonelegge.it\/\" target=\"_blank\" rel=\"noopener\">www.pordenonelegge.it<\/a><\/u><\/p>\n","protected":false},"excerpt":{"rendered":"<p>Quasi pronto il programma del ventennale<\/p>\n","protected":false},"author":28,"featured_media":29470,"comment_status":"closed","ping_status":"closed","sticky":false,"template":"","format":"standard","meta":{"dwc-title":[],"dwc-content":[],"footnotes":""},"categories":[37],"tags":[],"class_list":["post-29469","post","type-post","status-publish","format-standard","has-post-thumbnail","hentry","category-cultura-e-spettacolo"],"rttpg_featured_image_url":{"full":["https:\/\/imagazine.it\/wp-content\/uploads\/2024\/01\/29620-1.webp",750,527,false],"landscape":["https:\/\/imagazine.it\/wp-content\/uploads\/2024\/01\/29620-1.webp",750,527,false],"portraits":["https:\/\/imagazine.it\/wp-content\/uploads\/2024\/01\/29620-1.webp",750,527,false],"thumbnail":["https:\/\/imagazine.it\/wp-content\/uploads\/2024\/01\/29620-1-150x150.webp",150,150,true],"medium":["https:\/\/imagazine.it\/wp-content\/uploads\/2024\/01\/29620-1-300x211.webp",300,211,true],"large":["https:\/\/imagazine.it\/wp-content\/uploads\/2024\/01\/29620-1.webp",640,450,false],"thumblist":["https:\/\/imagazine.it\/wp-content\/uploads\/2024\/01\/29620-1.webp",300,211,false],"thumbrelated":["https:\/\/imagazine.it\/wp-content\/uploads\/2024\/01\/29620-1.webp",500,351,false],"meccarouselthumb":["https:\/\/imagazine.it\/wp-content\/uploads\/2024\/01\/29620-1.webp",461,324,false],"gridsquare":["https:\/\/imagazine.it\/wp-content\/uploads\/2024\/01\/29620-1.webp",370,260,false],"tileview":["https:\/\/imagazine.it\/wp-content\/uploads\/2024\/01\/29620-1.webp",300,211,false],"1536x1536":["https:\/\/imagazine.it\/wp-content\/uploads\/2024\/01\/29620-1.webp",750,527,false],"2048x2048":["https:\/\/imagazine.it\/wp-content\/uploads\/2024\/01\/29620-1.webp",750,527,false],"newsup-slider-full":["https:\/\/imagazine.it\/wp-content\/uploads\/2024\/01\/29620-1.webp",750,527,false],"newsup-featured":["https:\/\/imagazine.it\/wp-content\/uploads\/2024\/01\/29620-1.webp",750,527,false],"newsup-medium":["https:\/\/imagazine.it\/wp-content\/uploads\/2024\/01\/29620-1-720x380.webp",720,380,true],"tptn_thumbnail":["https:\/\/imagazine.it\/wp-content\/uploads\/2024\/01\/29620-1.webp",250,176,false],"sow-carousel-default":["https:\/\/imagazine.it\/wp-content\/uploads\/2024\/01\/29620-1-272x182.webp",272,182,true]},"rttpg_author":{"display_name":"redazione","author_link":"https:\/\/imagazine.it\/home_desk\/author\/redazione\/"},"rttpg_comment":0,"rttpg_category":"<a href=\"https:\/\/imagazine.it\/home_desk\/category\/cultura-e-spettacolo\/\" rel=\"category tag\">CULTURA&amp;SPETTACOLO<\/a>","rttpg_excerpt":"Quasi pronto il programma del ventennale","_links":{"self":[{"href":"https:\/\/imagazine.it\/home_desk\/wp-json\/wp\/v2\/posts\/29469","targetHints":{"allow":["GET"]}}],"collection":[{"href":"https:\/\/imagazine.it\/home_desk\/wp-json\/wp\/v2\/posts"}],"about":[{"href":"https:\/\/imagazine.it\/home_desk\/wp-json\/wp\/v2\/types\/post"}],"author":[{"embeddable":true,"href":"https:\/\/imagazine.it\/home_desk\/wp-json\/wp\/v2\/users\/28"}],"replies":[{"embeddable":true,"href":"https:\/\/imagazine.it\/home_desk\/wp-json\/wp\/v2\/comments?post=29469"}],"version-history":[{"count":0,"href":"https:\/\/imagazine.it\/home_desk\/wp-json\/wp\/v2\/posts\/29469\/revisions"}],"wp:featuredmedia":[{"embeddable":true,"href":"https:\/\/imagazine.it\/home_desk\/wp-json\/wp\/v2\/media\/29470"}],"wp:attachment":[{"href":"https:\/\/imagazine.it\/home_desk\/wp-json\/wp\/v2\/media?parent=29469"}],"wp:term":[{"taxonomy":"category","embeddable":true,"href":"https:\/\/imagazine.it\/home_desk\/wp-json\/wp\/v2\/categories?post=29469"},{"taxonomy":"post_tag","embeddable":true,"href":"https:\/\/imagazine.it\/home_desk\/wp-json\/wp\/v2\/tags?post=29469"}],"curies":[{"name":"wp","href":"https:\/\/api.w.org\/{rel}","templated":true}]}}