{"id":29426,"date":"2019-05-10T00:00:00","date_gmt":"2019-05-09T23:00:00","guid":{"rendered":"https:\/\/imagazine.it\/?p=29426"},"modified":"2019-05-10T00:00:00","modified_gmt":"2019-05-09T23:00:00","slug":"in-friuli-i-prodigi-del-violino","status":"publish","type":"post","link":"https:\/\/imagazine.it\/home_desk\/in-friuli-i-prodigi-del-violino\/","title":{"rendered":"In Friuli i prodigi del violino"},"content":{"rendered":"<p>La giuria del concorso internazionale violinistico \u201cIl Piccolo Violino Magico\u201d di San Vito al Tagliamento, riservato a giovanissimi talenti da tutto il mondo d\u2019et\u00e0 compresa tra i 9 e i 13 anni, ha decretato i sedici concorrenti che prenderanno parte all\u2019edizione 2019.<\/p>\n<p>Un format che \u00e8 entrato a far parte dell\u2019European Union of Music Competitions e che si sta guadagnando di anno in anno una reputazione pari alle pi\u00f9 rinomate competizioni internazionali per violino come il Menhuin e il concorso di Montr\u00e9al. \u00abQuesto concorso \u2013 afferma il presidente di giuria e direttore artistico <strong>Pavel Vernikov<\/strong> \u2013 ha tutte le potenzialit\u00e0 per diventare un\u2019eccellenza mondiale, come sta accadendo. Ogni anno il numero di candidati cresce, cos\u00ec il livello di preparazione, talento e professionalit\u00e0. La selezione pertanto non \u00e8 stata n\u00e9 facile n\u00e9 piacevole, al punto da dover dar spazio non a quindici partecipanti, come vorrebbe il regolamento, ma a sedici, con la consapevolezza di non poterne escludere nessuno\u00bb.<\/p>\n<p><a href=\"http:\/\/imagazinevideotruck.it\/outlet\/relink.html\" target=\"_top\" rel=\"noopener\"><img loading=\"lazy\" decoding=\"async\" align=\"LEFT\" height=\"250\" src=\"http:\/\/imagazinevideotruck.it\/outlet\/outlet30.gif\" width=\"300\" alt=\"\" title=\"\"><\/a><\/p>\n<p>\u00a0<\/p>\n<p>\u00a0<\/p>\n<p>\u00a0<\/p>\n<p>\u00a0<\/p>\n<p>\u00a0<\/p>\n<p>\u00a0<\/p>\n<p>\u00a0<\/p>\n<p>\u00a0<\/p>\n<p>\u00a0<\/p>\n<p>\u00abOltre a una giuria internazionale straordinaria \u2013 aggiunge il direttore organizzativo <strong>Domenico Mason<\/strong>, violinista, didatta, fondatore e direttore dell\u2019Accademia d\u2019Archi Arrigoni \u2013 capitanata da Vernikov e che vede quest\u2019anno gli ottimi giurati Viktor Tretyakov, Sergej Krylov, Mariana Sirbu, Laura Gorna, Dong-Suk Kang e Sophie Rachlin, anche gli aspiranti \u201cviolinisti magici\u201d sono di altissimo profilo, pur la loro giovanissima et\u00e0. Inoltre il concorso sta raffinando sempre pi\u00f9 collaborazioni con significative realt\u00e0 e festival musicali regionali e accademie internazionali, come l\u2019Associazione Liutaria Italiana di Cremona per cui sono previste mostre, laboratori e conferenze con riconosciute personalit\u00e0 del mondo musicale\u00bb.<\/p>\n<p>A guadagnarsi l\u2019ingresso nelle finali di questa edizione de \u201cIl Piccolo Violino Magico\u201d sono i prodigi dell\u2019archetto: dal Giappone <strong>Toma Arakawa<\/strong> e <strong>Hironori Yamaguchi<\/strong>, dalla Korea <strong>Kim Yejin<\/strong>, da Singapore <strong>Madeline Goh<\/strong>, dagli Usa <strong>Lira Masuda<\/strong>, dall\u2019Australia <strong>Edward Walton<\/strong>, dalla Russia <strong>Stefania Pospekhina<\/strong>, dall\u2019Ucraina <strong>Sofiia Kysliak<\/strong> e <strong>Margarita Pochebut<\/strong>, dalla Polonia <strong>Mateusz Izdebski<\/strong>, dalla Norvegia <strong>Amanda Noor Vatn<\/strong>, dalla Svizzera <strong>Ilva Eigus<\/strong> e <strong>Theodor Kaskiv<\/strong>, dalla Slovacchia <strong>Teo Ger<\/strong>tler e dall\u2019Italia <strong>Miryam Capuano<\/strong> e <strong>Flavia Napolitano<\/strong>.<\/p>\n<p>L\u2019appuntamento \u00e8 dal 3 al 7 luglio, per una competizione che si svolger\u00e0 in due round pi\u00f9 la finale, con diversi eventi anticipatori e collaterali. Come il concerto del solstizio d\u2019estate al Faro Rosso di Lignano Sabbiadoro il 21 giugno con l\u2019Accademia Arrigoni e ospite solista la vincitrice dell\u2019edizione 2017 del concorso, Fiona Khuong Huu, per un concerto che verr\u00e0 replicato il giorno successivo nella Basilica d\u2019Aquileia. Questi e altri appuntamenti per un\u2019offerta formativa e culturale che vedr\u00e0 inoltre la partecipazione della Mitteleuropa Orchestra nella finale del 7 luglio. Si rafforza anche l\u2019aspetto comunicativo del contest. Se per tre anni Videe ha reso celebre il concorso con film documentari di altissima qualit\u00e0 trasmessi su Sky Classica e Rai, quest\u2019anno la partnership \u00e8 con l\u2019emittente newyorkese \u201cThe Violin Channel\u201d chepermetter\u00e0 la diffusione streaming di tutte le fasi del concorso. \u00a0<\/p>\n<p>Info: <u><a href=\"http:\/\/www.ilpiccoloviolinomagico.it\" target=\"_blank\" rel=\"noopener\">www.ilpiccoloviolinomagico.it<\/a><\/u><\/p>\n","protected":false},"excerpt":{"rendered":"<p>Selezionati i finalisti del concorso di San Vito al Tagliamento<\/p>\n","protected":false},"author":28,"featured_media":29427,"comment_status":"closed","ping_status":"closed","sticky":false,"template":"","format":"standard","meta":{"dwc-title":[],"dwc-content":[],"footnotes":""},"categories":[37],"tags":[],"class_list":["post-29426","post","type-post","status-publish","format-standard","has-post-thumbnail","hentry","category-cultura-e-spettacolo"],"rttpg_featured_image_url":{"full":["https:\/\/imagazine.it\/wp-content\/uploads\/2024\/01\/29547-1.webp",750,500,false],"landscape":["https:\/\/imagazine.it\/wp-content\/uploads\/2024\/01\/29547-1.webp",750,500,false],"portraits":["https:\/\/imagazine.it\/wp-content\/uploads\/2024\/01\/29547-1.webp",750,500,false],"thumbnail":["https:\/\/imagazine.it\/wp-content\/uploads\/2024\/01\/29547-1-150x150.webp",150,150,true],"medium":["https:\/\/imagazine.it\/wp-content\/uploads\/2024\/01\/29547-1-300x200.webp",300,200,true],"large":["https:\/\/imagazine.it\/wp-content\/uploads\/2024\/01\/29547-1.webp",640,427,false],"thumblist":["https:\/\/imagazine.it\/wp-content\/uploads\/2024\/01\/29547-1.webp",300,200,false],"thumbrelated":["https:\/\/imagazine.it\/wp-content\/uploads\/2024\/01\/29547-1.webp",500,333,false],"meccarouselthumb":["https:\/\/imagazine.it\/wp-content\/uploads\/2024\/01\/29547-1.webp",474,316,false],"gridsquare":["https:\/\/imagazine.it\/wp-content\/uploads\/2024\/01\/29547-1.webp",391,260,false],"tileview":["https:\/\/imagazine.it\/wp-content\/uploads\/2024\/01\/29547-1.webp",300,200,false],"1536x1536":["https:\/\/imagazine.it\/wp-content\/uploads\/2024\/01\/29547-1.webp",750,500,false],"2048x2048":["https:\/\/imagazine.it\/wp-content\/uploads\/2024\/01\/29547-1.webp",750,500,false],"newsup-slider-full":["https:\/\/imagazine.it\/wp-content\/uploads\/2024\/01\/29547-1.webp",750,500,false],"newsup-featured":["https:\/\/imagazine.it\/wp-content\/uploads\/2024\/01\/29547-1.webp",750,500,false],"newsup-medium":["https:\/\/imagazine.it\/wp-content\/uploads\/2024\/01\/29547-1-720x380.webp",720,380,true],"tptn_thumbnail":["https:\/\/imagazine.it\/wp-content\/uploads\/2024\/01\/29547-1.webp",250,167,false],"sow-carousel-default":["https:\/\/imagazine.it\/wp-content\/uploads\/2024\/01\/29547-1-272x182.webp",272,182,true]},"rttpg_author":{"display_name":"redazione","author_link":"https:\/\/imagazine.it\/home_desk\/author\/redazione\/"},"rttpg_comment":0,"rttpg_category":"<a href=\"https:\/\/imagazine.it\/home_desk\/category\/cultura-e-spettacolo\/\" rel=\"category tag\">CULTURA&amp;SPETTACOLO<\/a>","rttpg_excerpt":"Selezionati i finalisti del concorso di San Vito al Tagliamento","_links":{"self":[{"href":"https:\/\/imagazine.it\/home_desk\/wp-json\/wp\/v2\/posts\/29426","targetHints":{"allow":["GET"]}}],"collection":[{"href":"https:\/\/imagazine.it\/home_desk\/wp-json\/wp\/v2\/posts"}],"about":[{"href":"https:\/\/imagazine.it\/home_desk\/wp-json\/wp\/v2\/types\/post"}],"author":[{"embeddable":true,"href":"https:\/\/imagazine.it\/home_desk\/wp-json\/wp\/v2\/users\/28"}],"replies":[{"embeddable":true,"href":"https:\/\/imagazine.it\/home_desk\/wp-json\/wp\/v2\/comments?post=29426"}],"version-history":[{"count":0,"href":"https:\/\/imagazine.it\/home_desk\/wp-json\/wp\/v2\/posts\/29426\/revisions"}],"wp:featuredmedia":[{"embeddable":true,"href":"https:\/\/imagazine.it\/home_desk\/wp-json\/wp\/v2\/media\/29427"}],"wp:attachment":[{"href":"https:\/\/imagazine.it\/home_desk\/wp-json\/wp\/v2\/media?parent=29426"}],"wp:term":[{"taxonomy":"category","embeddable":true,"href":"https:\/\/imagazine.it\/home_desk\/wp-json\/wp\/v2\/categories?post=29426"},{"taxonomy":"post_tag","embeddable":true,"href":"https:\/\/imagazine.it\/home_desk\/wp-json\/wp\/v2\/tags?post=29426"}],"curies":[{"name":"wp","href":"https:\/\/api.w.org\/{rel}","templated":true}]}}