{"id":29412,"date":"2019-05-08T00:00:00","date_gmt":"2019-05-07T23:00:00","guid":{"rendered":"https:\/\/imagazine.it\/?p=29412"},"modified":"2019-05-08T00:00:00","modified_gmt":"2019-05-07T23:00:00","slug":"nasce-a-cividale-il-laboratorio-della-creativita-al-femminile","status":"publish","type":"post","link":"https:\/\/imagazine.it\/home_desk\/nasce-a-cividale-il-laboratorio-della-creativita-al-femminile\/","title":{"rendered":"Nasce a Cividale il laboratorio della creativit\u00e0 al femminile"},"content":{"rendered":"<p>Aprir\u00e0 a giugno, a Cividale del Friuli<strong>, M.A.D.A.<\/strong> (Mani Arte Donna Artigianato), un temporary lab nato dall\u2019esigenza dell\u2019<strong>Assessorato alle Pari Opportunit\u00e0 <\/strong>della citt\u00e0 ducale di creare occupazione al femminile attraverso lo sviluppo di attivit\u00e0 artistiche e artigianali, dando spazio alla creativit\u00e0 e al saper fare delle donne del territorio. \u00c8 stato naturale, dunque, coinvolgere l\u2019<strong>associazione culturale \u201cNoi\u2026 dell\u2019arte\u201d<\/strong>, attiva, con questa finalit\u00e0, da quasi dieci anni in regione e organizzatrice del Civi Design Market, la mostra mercato dedicata al design handmade emergente che anima in vari periodi dell\u2019anno la piazzetta di Corte San Francesco.<\/p>\n<p>Proprio a due passi da questa piccola \u201ccorte dell\u2019arte\u201d, nascer\u00e0 M.A.D.A. un acronimo ispirato a Mani \u2013 Arte \u2013 Donna \u2013 Artigianato: da giugno a settembre <strong>10 artiste, artigiane e designer residenti nei comuni appartenenti a<\/strong><strong>ll\u2019Ambito territoriale del Natisone<\/strong> potranno animare un laboratorio per creare, ma anche uno spazio per presentare le proprie realizzazioni al pubblico.<\/p>\n<p><a href=\"http:\/\/imagazinevideotruck.it\/outlet\/relink.html\" target=\"_top\" rel=\"noopener\"><img loading=\"lazy\" decoding=\"async\" align=\"LEFT\" height=\"250\" src=\"http:\/\/imagazinevideotruck.it\/outlet\/outlet30.gif\" width=\"300\" alt=\"\" title=\"\"><\/a><\/p>\n<p>\u00a0<\/p>\n<p>\u00a0<\/p>\n<p>\u00a0<\/p>\n<p>\u00a0<\/p>\n<p>\u00a0<\/p>\n<p>\u00a0<\/p>\n<p>\u00a0<\/p>\n<p>\u00a0<\/p>\n<p>\u00a0<\/p>\n<p>\u201cLa location ideale per questo temporary lab &#8211; spiega l\u2019<strong>assessore Angela Zappulla <\/strong>&#8211; \u00e8 ricaduta su alcuni locali in Largo Boiani, in quanto luogo centrale e porta d\u2019ingresso di questa piccola corte. Le finalit\u00e0 sono sia espositive che commerciali, con l\u2019ambizione di creare flusso economico e turistico in luoghi centrali della citt\u00e0, ormai da troppo tempo vuoti e sfitti\u201d.<\/p>\n<p>La call di partecipazione attiva \u00e8 aperta a artiste e designer dei settori: <strong>accessori, bijoux, moda, ceramica, arredo, grafica, pittura e fotografia,<\/strong> residenti sul territorio dell\u2019Ambito distrettuale. Il bando \u00e8 disponibile sul sito <u><a href=\"http:\/\/www.cividale.net\/index.php?id=2270&#038;L=296\" target=\"_blank\" rel=\"noopener\">www.cividale.net<\/a><\/u> e le domande dovranno pervenire via email a <a href=\"mailto:noidellarte@libero.it\">noidellarte@libero.it<\/a> <strong>entro il <\/strong><strong>19 maggio.<\/strong><\/p>\n<p>\u201cM.A.D.A. &#8211; aggiunge la presidente di Noi dell\u2019arte, <strong>Antonella Pizzolongo<\/strong> &#8211; rappresenta una risposta alle necessit\u00e0 delle donne creative emergenti del territorio che non hanno la possibilit\u00e0 di permettersi uno spazio espositivo personale, ma che troveranno qui <strong>un supporto e uno luogo di condivisione e crescita<\/strong>\u201d.<\/p>\n<p>Il programma di attivit\u00e0 del temporary lab prevede, inoltre, l\u2019organizzazione di <strong>esposizioni temporanee, knitcaf\u00e8, workshop creativi per bambini<\/strong> e altri eventi che mettano al centro l\u2019arte al femminile. \u201cLa prospettiva &#8211; continua l\u2019assessore Zappulla &#8211; \u00e8 di farne un <strong>piccolo centro nevralgico di arte e passione<\/strong> in cui donne dotate di fantasia, creativit\u00e0, entusiasmo possano, attraverso il loro lavoro arricchire la citt\u00e0 e coinvolgere sempre pi\u00f9 realt\u00e0 che vadano a vivacizzare il nostro prezioso centro storico.\u201d<\/p>\n<p>Saranno parte del progetto del temporary lab anche il gruppo del progetto <strong>\u201cDonne in pari \u2026tra arti mestieri e nuove professioni\u201d <\/strong>presentato del Servizio Sociale dei Comuni dell\u2019Ambito Territoriale del Natisone e finanziato dalle Pari opportunit\u00e0 della Regione Autonoma Friuli Venezia Giulia. \u201cIn questi mesi \u00e8 stato realizzato un atelier creativo &#8211; spiega la referente del progetto, <strong>Serena Bon<\/strong> &#8211; a cui hanno partecipato circa 10 donne che hanno potuto conoscere diverse tecniche tessili artigianali e creative: tessitura, cucito, tintura naturale e stampa dei tessuti. Nel percorso si \u00e8 puntato a fornire elementi, spunti e idee, supporti utili allo sviluppo di attivit\u00e0 e iniziative a partire dall\u2019esperienza dei laboratori, in un\u2019ottica progettuale\u201d.<\/p>\n","protected":false},"excerpt":{"rendered":"<p>&#8220;Mani Arte Donna Artigianato&#8221;<\/p>\n","protected":false},"author":28,"featured_media":29413,"comment_status":"closed","ping_status":"closed","sticky":false,"template":"","format":"standard","meta":{"dwc-title":[],"dwc-content":[],"footnotes":""},"categories":[6],"tags":[],"class_list":["post-29412","post","type-post","status-publish","format-standard","has-post-thumbnail","hentry","category-societa"],"rttpg_featured_image_url":{"full":["https:\/\/imagazine.it\/wp-content\/uploads\/2024\/01\/29526-1.webp",750,530,false],"landscape":["https:\/\/imagazine.it\/wp-content\/uploads\/2024\/01\/29526-1.webp",750,530,false],"portraits":["https:\/\/imagazine.it\/wp-content\/uploads\/2024\/01\/29526-1.webp",750,530,false],"thumbnail":["https:\/\/imagazine.it\/wp-content\/uploads\/2024\/01\/29526-1-150x150.webp",150,150,true],"medium":["https:\/\/imagazine.it\/wp-content\/uploads\/2024\/01\/29526-1-300x212.webp",300,212,true],"large":["https:\/\/imagazine.it\/wp-content\/uploads\/2024\/01\/29526-1.webp",640,452,false],"thumblist":["https:\/\/imagazine.it\/wp-content\/uploads\/2024\/01\/29526-1.webp",300,212,false],"thumbrelated":["https:\/\/imagazine.it\/wp-content\/uploads\/2024\/01\/29526-1.webp",500,353,false],"meccarouselthumb":["https:\/\/imagazine.it\/wp-content\/uploads\/2024\/01\/29526-1.webp",458,324,false],"gridsquare":["https:\/\/imagazine.it\/wp-content\/uploads\/2024\/01\/29526-1.webp",368,260,false],"tileview":["https:\/\/imagazine.it\/wp-content\/uploads\/2024\/01\/29526-1.webp",300,212,false],"1536x1536":["https:\/\/imagazine.it\/wp-content\/uploads\/2024\/01\/29526-1.webp",750,530,false],"2048x2048":["https:\/\/imagazine.it\/wp-content\/uploads\/2024\/01\/29526-1.webp",750,530,false],"newsup-slider-full":["https:\/\/imagazine.it\/wp-content\/uploads\/2024\/01\/29526-1.webp",750,530,false],"newsup-featured":["https:\/\/imagazine.it\/wp-content\/uploads\/2024\/01\/29526-1.webp",750,530,false],"newsup-medium":["https:\/\/imagazine.it\/wp-content\/uploads\/2024\/01\/29526-1-720x380.webp",720,380,true],"tptn_thumbnail":["https:\/\/imagazine.it\/wp-content\/uploads\/2024\/01\/29526-1.webp",250,177,false],"sow-carousel-default":["https:\/\/imagazine.it\/wp-content\/uploads\/2024\/01\/29526-1-272x182.webp",272,182,true]},"rttpg_author":{"display_name":"redazione","author_link":"https:\/\/imagazine.it\/home_desk\/author\/redazione\/"},"rttpg_comment":0,"rttpg_category":"<a href=\"https:\/\/imagazine.it\/home_desk\/category\/societa\/\" rel=\"category tag\">SOCIET\u00c0<\/a>","rttpg_excerpt":"\"Mani Arte Donna Artigianato\"","_links":{"self":[{"href":"https:\/\/imagazine.it\/home_desk\/wp-json\/wp\/v2\/posts\/29412","targetHints":{"allow":["GET"]}}],"collection":[{"href":"https:\/\/imagazine.it\/home_desk\/wp-json\/wp\/v2\/posts"}],"about":[{"href":"https:\/\/imagazine.it\/home_desk\/wp-json\/wp\/v2\/types\/post"}],"author":[{"embeddable":true,"href":"https:\/\/imagazine.it\/home_desk\/wp-json\/wp\/v2\/users\/28"}],"replies":[{"embeddable":true,"href":"https:\/\/imagazine.it\/home_desk\/wp-json\/wp\/v2\/comments?post=29412"}],"version-history":[{"count":0,"href":"https:\/\/imagazine.it\/home_desk\/wp-json\/wp\/v2\/posts\/29412\/revisions"}],"wp:featuredmedia":[{"embeddable":true,"href":"https:\/\/imagazine.it\/home_desk\/wp-json\/wp\/v2\/media\/29413"}],"wp:attachment":[{"href":"https:\/\/imagazine.it\/home_desk\/wp-json\/wp\/v2\/media?parent=29412"}],"wp:term":[{"taxonomy":"category","embeddable":true,"href":"https:\/\/imagazine.it\/home_desk\/wp-json\/wp\/v2\/categories?post=29412"},{"taxonomy":"post_tag","embeddable":true,"href":"https:\/\/imagazine.it\/home_desk\/wp-json\/wp\/v2\/tags?post=29412"}],"curies":[{"name":"wp","href":"https:\/\/api.w.org\/{rel}","templated":true}]}}