{"id":29394,"date":"2019-05-07T00:00:00","date_gmt":"2019-05-06T23:00:00","guid":{"rendered":"https:\/\/imagazine.it\/?p=29394"},"modified":"2019-05-07T00:00:00","modified_gmt":"2019-05-06T23:00:00","slug":"eccellenze-artistiche-ed-enogastronomiche-si-incrociano-a-gorizia","status":"publish","type":"post","link":"https:\/\/imagazine.it\/home_desk\/eccellenze-artistiche-ed-enogastronomiche-si-incrociano-a-gorizia\/","title":{"rendered":"Eccellenze artistiche ed enogastronomiche si incrociano a Gorizia"},"content":{"rendered":"<p>Palazzo Coronini Cronberg presenta i grandi eventi che organizzer\u00e0 in collaborazione con <em>Eventiva<\/em> nel proprio parco durante la bella stagione.<\/p>\n<p>Si inizier\u00e0 domenica 9 giugno 2019 quando verr\u00e0 riproposto <strong>Mercanti a Palazzo<\/strong>. Nella cornice del Parco Coronini troveranno posto i banchi di un selezionato gruppo di artigiani e artisti regionali che porteranno a far conoscere le eccellenze locali non solo al pubblico goriziano, ma anche a quello atteso da fuori regione.<\/p>\n<p>L\u2019ingresso all\u2019evento \u00e8 libero e sar\u00e0 inoltre possibile, a partire dalle ore 10, partecipare alle visite guidate al Palazzo e alla mostra \u201cL\u2019indispensabile superfluo\u201d, inaugurata il 13 aprile, dedicata agli accessori moda nelle collezioni della famiglia Coronini. Eccezionalmente il costo della visita guidata sar\u00e0 di 5 euro, inoltre alle ore 11 e alle ore 15 saranno in programma anche visite guidate al Parco al costo di 3 euro.<\/p>\n<p>Tra gioielli, oggetti d\u2019arredamento e accessori moda trover\u00e0 spazio anche la particolare arte dei bonsai grazie alla partecipazione del Bonsai club di Gorizia e al Laboratorio d\u2019Arte Bonsai di Staranzano, mentre l&#39;associazione Movartex intratterr\u00e0 i pi\u00f9 piccoli con giochi e caccie al tesoro negli spazi del parco. Lo stesso parco sar\u00e0 messo a disposizione per le famiglie che potranno liberamente fermarsi per un picnic nel grande parco centrale che l\u2019anno scorso ospit\u00f2 la terza edizione della GoBlanc e che ogni anno rivive come cinema all\u2019aperto durante il Concorso Amidei.<\/p>\n<p>I produttori delle eccellenze dell\u2019enogastronomia del territorio e d\u2019oltreconfine saranno invece i protagonisti della seconda edizione di <strong>Calici &#038; Forchette a Palazzo<\/strong>, in programma venerd\u00ec 14 giugno sempre nello scenario del Parco di Palazzo Coronini Cronberg.<\/p>\n<p><a href=\"http:\/\/imagazinevideotruck.it\/outlet\/relink.html\" target=\"_top\" rel=\"noopener\"><img loading=\"lazy\" decoding=\"async\" align=\"LEFT\" height=\"250\" src=\"http:\/\/imagazinevideotruck.it\/outlet\/outlet30.gif\" width=\"300\" alt=\"\" title=\"\"><\/a><\/p>\n<p>\u00a0<\/p>\n<p>\u00a0<\/p>\n<p>\u00a0<\/p>\n<p>\u00a0<\/p>\n<p>\u00a0<\/p>\n<p>\u00a0<\/p>\n<p>\u00a0<\/p>\n<p>\u00a0<\/p>\n<p>\u00a0<\/p>\n<p>Per tutta la sera, inoltre, i partecipanti potranno assaporare le specialit\u00e0 di aziende agricole, aziende vinicole, ristoranti e altre produzioni gastronomiche locali che verranno svelate nei prossimi giorni. La serata inizier\u00e0 alle ore 19 (visite guidate aperte dalle ore 18.30) e gli ingressi saranno possibili fino alle ore 21.30. Oltre alle degustazioni dei prodotti presenti, il biglietto di ingresso all\u2019evento \u2013 acquistabile in prevendita sul sito www.eventiva.it \u2013 comprender\u00e0 anche la visita guidata all\u2019interno di Palazzo Coronini con una degustazione in un luogo solitamente non accessibile al pubblico.<\/p>\n<p>Gli eventi promossi dalla Fondazione Coronini Cronberg sono organizzati dall\u2019agenzia di organizzazione eventi di Gorizia <em>Eventiva<\/em> in collaborazione con <em>iMagazine<\/em>.<\/p>\n","protected":false},"excerpt":{"rendered":"<p>Grandi eventi in arrivo a Palazzo Coronini<\/p>\n","protected":false},"author":28,"featured_media":29395,"comment_status":"closed","ping_status":"closed","sticky":false,"template":"","format":"standard","meta":{"dwc-title":[],"dwc-content":[],"footnotes":""},"categories":[8],"tags":[],"class_list":["post-29394","post","type-post","status-publish","format-standard","has-post-thumbnail","hentry","category-turismo"],"rttpg_featured_image_url":{"full":["https:\/\/imagazine.it\/wp-content\/uploads\/2024\/01\/29489-1.webp",750,450,false],"landscape":["https:\/\/imagazine.it\/wp-content\/uploads\/2024\/01\/29489-1.webp",750,450,false],"portraits":["https:\/\/imagazine.it\/wp-content\/uploads\/2024\/01\/29489-1.webp",750,450,false],"thumbnail":["https:\/\/imagazine.it\/wp-content\/uploads\/2024\/01\/29489-1-150x150.webp",150,150,true],"medium":["https:\/\/imagazine.it\/wp-content\/uploads\/2024\/01\/29489-1-300x180.webp",300,180,true],"large":["https:\/\/imagazine.it\/wp-content\/uploads\/2024\/01\/29489-1.webp",640,384,false],"thumblist":["https:\/\/imagazine.it\/wp-content\/uploads\/2024\/01\/29489-1.webp",300,180,false],"thumbrelated":["https:\/\/imagazine.it\/wp-content\/uploads\/2024\/01\/29489-1.webp",500,300,false],"meccarouselthumb":["https:\/\/imagazine.it\/wp-content\/uploads\/2024\/01\/29489-1.webp",474,284,false],"gridsquare":["https:\/\/imagazine.it\/wp-content\/uploads\/2024\/01\/29489-1.webp",391,235,false],"tileview":["https:\/\/imagazine.it\/wp-content\/uploads\/2024\/01\/29489-1.webp",300,180,false],"1536x1536":["https:\/\/imagazine.it\/wp-content\/uploads\/2024\/01\/29489-1.webp",750,450,false],"2048x2048":["https:\/\/imagazine.it\/wp-content\/uploads\/2024\/01\/29489-1.webp",750,450,false],"newsup-slider-full":["https:\/\/imagazine.it\/wp-content\/uploads\/2024\/01\/29489-1.webp",750,450,false],"newsup-featured":["https:\/\/imagazine.it\/wp-content\/uploads\/2024\/01\/29489-1.webp",750,450,false],"newsup-medium":["https:\/\/imagazine.it\/wp-content\/uploads\/2024\/01\/29489-1-720x380.webp",720,380,true],"tptn_thumbnail":["https:\/\/imagazine.it\/wp-content\/uploads\/2024\/01\/29489-1.webp",250,150,false],"sow-carousel-default":["https:\/\/imagazine.it\/wp-content\/uploads\/2024\/01\/29489-1-272x182.webp",272,182,true]},"rttpg_author":{"display_name":"redazione","author_link":"https:\/\/imagazine.it\/home_desk\/author\/redazione\/"},"rttpg_comment":0,"rttpg_category":"<a href=\"https:\/\/imagazine.it\/home_desk\/category\/turismo\/\" rel=\"category tag\">TURISMO<\/a>","rttpg_excerpt":"Grandi eventi in arrivo a Palazzo Coronini","_links":{"self":[{"href":"https:\/\/imagazine.it\/home_desk\/wp-json\/wp\/v2\/posts\/29394","targetHints":{"allow":["GET"]}}],"collection":[{"href":"https:\/\/imagazine.it\/home_desk\/wp-json\/wp\/v2\/posts"}],"about":[{"href":"https:\/\/imagazine.it\/home_desk\/wp-json\/wp\/v2\/types\/post"}],"author":[{"embeddable":true,"href":"https:\/\/imagazine.it\/home_desk\/wp-json\/wp\/v2\/users\/28"}],"replies":[{"embeddable":true,"href":"https:\/\/imagazine.it\/home_desk\/wp-json\/wp\/v2\/comments?post=29394"}],"version-history":[{"count":0,"href":"https:\/\/imagazine.it\/home_desk\/wp-json\/wp\/v2\/posts\/29394\/revisions"}],"wp:featuredmedia":[{"embeddable":true,"href":"https:\/\/imagazine.it\/home_desk\/wp-json\/wp\/v2\/media\/29395"}],"wp:attachment":[{"href":"https:\/\/imagazine.it\/home_desk\/wp-json\/wp\/v2\/media?parent=29394"}],"wp:term":[{"taxonomy":"category","embeddable":true,"href":"https:\/\/imagazine.it\/home_desk\/wp-json\/wp\/v2\/categories?post=29394"},{"taxonomy":"post_tag","embeddable":true,"href":"https:\/\/imagazine.it\/home_desk\/wp-json\/wp\/v2\/tags?post=29394"}],"curies":[{"name":"wp","href":"https:\/\/api.w.org\/{rel}","templated":true}]}}