{"id":29388,"date":"2019-05-06T00:00:00","date_gmt":"2019-05-05T23:00:00","guid":{"rendered":"https:\/\/imagazine.it\/?p=29388"},"modified":"2019-05-06T00:00:00","modified_gmt":"2019-05-05T23:00:00","slug":"cresce-la-cooperazione-sociale-in-fvg","status":"publish","type":"post","link":"https:\/\/imagazine.it\/home_desk\/cresce-la-cooperazione-sociale-in-fvg\/","title":{"rendered":"Cresce la cooperazione sociale in FVG"},"content":{"rendered":"<p>Federsolidariet\u00e0 Fvg (che riunisce le 168 cooperative sociali aderenti a Confcooperative Fvg), marted\u00ec 7 maggio, a partire dalle ore 10, presso la Sala convegni CrediFriuli di Udine (viale Giovanni Paolo II, 27), celebrer\u00e0 la sua Assemblea annuale. Agli indirizzi di saluto di <strong>Giuseppe Graffi Brunoro<\/strong>, presidente di Confcooperative Fvg, seguiranno gli interventi di <strong>Stefano Granata<\/strong>, presidente nazionale di Federsolidariet\u00e0 e <strong>Luca Fontana<\/strong>, presidente di Federsolidariet\u00e0 Fvg. Le conclusioni sono affidate a <strong>Riccardo Riccardi<\/strong>, assessore regionale alla salute, politiche sociali e disabilit\u00e0.<\/p>\n<p>Sono oltre 7 mila gli addetti nelle 168 cooperative sociali associate: tra loro, pi\u00f9 di 400 soci lavoratori svantaggiati ai quali si aggiungono pi\u00f9 di mille inserimenti lavorativi di persone con diverse tipologie di svantaggio con diversi strumenti (come ad esempio le borse lavoro).<\/p>\n<p><a href=\"http:\/\/imagazinevideotruck.it\/outlet\/relink.html\" target=\"_top\" rel=\"noopener\"><img loading=\"lazy\" decoding=\"async\" align=\"LEFT\" height=\"250\" src=\"http:\/\/imagazinevideotruck.it\/outlet\/outlet30.gif\" width=\"300\" alt=\"\" title=\"\"><\/a><\/p>\n<p>\u00a0<\/p>\n<p>\u00a0<\/p>\n<p>\u00a0<\/p>\n<p>\u00a0<\/p>\n<p>\u00a0<\/p>\n<p>\u00a0<\/p>\n<p>\u00a0<\/p>\n<p>\u00a0<\/p>\n<p>\u00a0<\/p>\n<p>Il valore della produzione supera i 230 milioni di euro e 142 milioni di euro si riversano in salari. \u00abLa cooperazione sociale \u2013 afferma Luca Fontana \u2013 presenta una capillare e omogenea diffusione sul territorio regionale ed \u00e8 cresciuta enormemente, in 10 anni, non solo sotto il profilo della dimensione economica, ma anche sotto quello della qualit\u00e0 e professionalit\u00e0 dei servizi: oggi una parte importante del welfare regionale \u00e8 garantito dalla cooperazione sociale. Il nuovo passo che vogliamo compiere \u00e8 quello di far riconoscere tutte le esperienze innovative e i progetti che la cooperazione sociale ha sviluppato in questi anni e che ancora faticano a ottenere il giusto riconoscimento: eppure parliamo di servizi ai cittadini che vanno incontro a bisogni delle famiglie sempre nuovi e diversificati\u00bb.<\/p>\n","protected":false},"excerpt":{"rendered":"<p>Assemblea di Federsolidariet\u00e0 a Udine<\/p>\n","protected":false},"author":28,"featured_media":29389,"comment_status":"closed","ping_status":"closed","sticky":false,"template":"","format":"standard","meta":{"dwc-title":[],"dwc-content":[],"footnotes":""},"categories":[5],"tags":[],"class_list":["post-29388","post","type-post","status-publish","format-standard","has-post-thumbnail","hentry","category-attualita"],"rttpg_featured_image_url":{"full":["https:\/\/imagazine.it\/wp-content\/uploads\/2024\/01\/29482-1.webp",750,503,false],"landscape":["https:\/\/imagazine.it\/wp-content\/uploads\/2024\/01\/29482-1.webp",750,503,false],"portraits":["https:\/\/imagazine.it\/wp-content\/uploads\/2024\/01\/29482-1.webp",750,503,false],"thumbnail":["https:\/\/imagazine.it\/wp-content\/uploads\/2024\/01\/29482-1-150x150.webp",150,150,true],"medium":["https:\/\/imagazine.it\/wp-content\/uploads\/2024\/01\/29482-1-300x201.webp",300,201,true],"large":["https:\/\/imagazine.it\/wp-content\/uploads\/2024\/01\/29482-1.webp",640,429,false],"thumblist":["https:\/\/imagazine.it\/wp-content\/uploads\/2024\/01\/29482-1.webp",300,201,false],"thumbrelated":["https:\/\/imagazine.it\/wp-content\/uploads\/2024\/01\/29482-1.webp",500,335,false],"meccarouselthumb":["https:\/\/imagazine.it\/wp-content\/uploads\/2024\/01\/29482-1.webp",474,318,false],"gridsquare":["https:\/\/imagazine.it\/wp-content\/uploads\/2024\/01\/29482-1.webp",388,260,false],"tileview":["https:\/\/imagazine.it\/wp-content\/uploads\/2024\/01\/29482-1.webp",300,201,false],"1536x1536":["https:\/\/imagazine.it\/wp-content\/uploads\/2024\/01\/29482-1.webp",750,503,false],"2048x2048":["https:\/\/imagazine.it\/wp-content\/uploads\/2024\/01\/29482-1.webp",750,503,false],"newsup-slider-full":["https:\/\/imagazine.it\/wp-content\/uploads\/2024\/01\/29482-1.webp",750,503,false],"newsup-featured":["https:\/\/imagazine.it\/wp-content\/uploads\/2024\/01\/29482-1.webp",750,503,false],"newsup-medium":["https:\/\/imagazine.it\/wp-content\/uploads\/2024\/01\/29482-1-720x380.webp",720,380,true],"tptn_thumbnail":["https:\/\/imagazine.it\/wp-content\/uploads\/2024\/01\/29482-1.webp",250,168,false],"sow-carousel-default":["https:\/\/imagazine.it\/wp-content\/uploads\/2024\/01\/29482-1-272x182.webp",272,182,true]},"rttpg_author":{"display_name":"redazione","author_link":"https:\/\/imagazine.it\/home_desk\/author\/redazione\/"},"rttpg_comment":0,"rttpg_category":"<a href=\"https:\/\/imagazine.it\/home_desk\/category\/attualita\/\" rel=\"category tag\">ATTUALIT\u00c0<\/a>","rttpg_excerpt":"Assemblea di Federsolidariet\u00e0 a Udine","_links":{"self":[{"href":"https:\/\/imagazine.it\/home_desk\/wp-json\/wp\/v2\/posts\/29388","targetHints":{"allow":["GET"]}}],"collection":[{"href":"https:\/\/imagazine.it\/home_desk\/wp-json\/wp\/v2\/posts"}],"about":[{"href":"https:\/\/imagazine.it\/home_desk\/wp-json\/wp\/v2\/types\/post"}],"author":[{"embeddable":true,"href":"https:\/\/imagazine.it\/home_desk\/wp-json\/wp\/v2\/users\/28"}],"replies":[{"embeddable":true,"href":"https:\/\/imagazine.it\/home_desk\/wp-json\/wp\/v2\/comments?post=29388"}],"version-history":[{"count":0,"href":"https:\/\/imagazine.it\/home_desk\/wp-json\/wp\/v2\/posts\/29388\/revisions"}],"wp:featuredmedia":[{"embeddable":true,"href":"https:\/\/imagazine.it\/home_desk\/wp-json\/wp\/v2\/media\/29389"}],"wp:attachment":[{"href":"https:\/\/imagazine.it\/home_desk\/wp-json\/wp\/v2\/media?parent=29388"}],"wp:term":[{"taxonomy":"category","embeddable":true,"href":"https:\/\/imagazine.it\/home_desk\/wp-json\/wp\/v2\/categories?post=29388"},{"taxonomy":"post_tag","embeddable":true,"href":"https:\/\/imagazine.it\/home_desk\/wp-json\/wp\/v2\/tags?post=29388"}],"curies":[{"name":"wp","href":"https:\/\/api.w.org\/{rel}","templated":true}]}}