{"id":29384,"date":"2019-05-03T00:00:00","date_gmt":"2019-05-02T23:00:00","guid":{"rendered":"https:\/\/imagazine.it\/?p=29384"},"modified":"2019-05-03T00:00:00","modified_gmt":"2019-05-02T23:00:00","slug":"a-grado-sventola-ancora-la-bandiera-blu","status":"publish","type":"post","link":"https:\/\/imagazine.it\/home_desk\/a-grado-sventola-ancora-la-bandiera-blu\/","title":{"rendered":"A Grado sventola ancora la bandiera blu"},"content":{"rendered":"<p>Grado conquista la 31esima Bandiera Blu, il riconoscimento della FEE (Foundation for Environmental Education) consegnato questa mattina a Roma nel corso di una cerimonia nella sede del CNR in cui era presente il vicesindaco e assessore al Turismo <strong>Matteo Polo<\/strong>.<\/p>\n<p><a href=\"http:\/\/imagazinevideotruck.it\/outlet\/relink.html\" target=\"_top\" rel=\"noopener\"><img loading=\"lazy\" decoding=\"async\" align=\"LEFT\" height=\"250\" src=\"http:\/\/imagazinevideotruck.it\/outlet\/outlet30.gif\" width=\"300\" alt=\"\" title=\"\"><\/a><\/p>\n<p>\u00a0<\/p>\n<p>\u00a0<\/p>\n<p>\u00a0<\/p>\n<p>\u00a0<\/p>\n<p>\u00a0<\/p>\n<p>\u00a0<\/p>\n<p>\u00a0<\/p>\n<p>\u00a0<\/p>\n<p>\u00a0<\/p>\n<p>\u201c<em>La Bandiera Blu \u2013 ha dichiarato \u2013 impone un impegno costante da parte nostra nel migliorare la qualit\u00e0 ambientale delle spiagge, del mare e della citt\u00e0. Siamo onorati di essere la citt\u00e0, assieme a Moneglie, con il maggior numero di Bandiere blu. Per continuare a ottenere questo riconoscimento,\u00a0nei prossimi mesi metteremo in campo diverse azioni, tra cui le colonnine per la ricarica delle auto elettriche, il piano della mobilit\u00e0 urbana sostenibile, il piano di classificazione acustica e il relativo regolamento e, ultimo ma non meno importante, inizia proprio in questi giorni l&#39;avvio della raccolta differenziata porta a porta nelle frazioni agricole di Boscat e Fossalon e nel quartiere di Valle Goppion<\/em>\u201d.<\/p>\n<p>Tra le 385 spiagge italiane ad aver ricevuto la Bandiera Blu per il 2019, oltre a Grado in Friuli Venezia Giulia \u00e8 stata premiata anche Lignano Sabbiadoro.<\/p>\n","protected":false},"excerpt":{"rendered":"<p>Per la trentunesima volta<\/p>\n","protected":false},"author":28,"featured_media":29385,"comment_status":"closed","ping_status":"closed","sticky":false,"template":"","format":"standard","meta":{"dwc-title":[],"dwc-content":[],"footnotes":""},"categories":[8],"tags":[],"class_list":["post-29384","post","type-post","status-publish","format-standard","has-post-thumbnail","hentry","category-turismo"],"rttpg_featured_image_url":{"full":["https:\/\/imagazine.it\/wp-content\/uploads\/2024\/01\/29477-1.webp",750,521,false],"landscape":["https:\/\/imagazine.it\/wp-content\/uploads\/2024\/01\/29477-1.webp",750,521,false],"portraits":["https:\/\/imagazine.it\/wp-content\/uploads\/2024\/01\/29477-1.webp",750,521,false],"thumbnail":["https:\/\/imagazine.it\/wp-content\/uploads\/2024\/01\/29477-1-150x150.webp",150,150,true],"medium":["https:\/\/imagazine.it\/wp-content\/uploads\/2024\/01\/29477-1-300x208.webp",300,208,true],"large":["https:\/\/imagazine.it\/wp-content\/uploads\/2024\/01\/29477-1.webp",640,445,false],"thumblist":["https:\/\/imagazine.it\/wp-content\/uploads\/2024\/01\/29477-1.webp",300,208,false],"thumbrelated":["https:\/\/imagazine.it\/wp-content\/uploads\/2024\/01\/29477-1.webp",500,347,false],"meccarouselthumb":["https:\/\/imagazine.it\/wp-content\/uploads\/2024\/01\/29477-1.webp",466,324,false],"gridsquare":["https:\/\/imagazine.it\/wp-content\/uploads\/2024\/01\/29477-1.webp",374,260,false],"tileview":["https:\/\/imagazine.it\/wp-content\/uploads\/2024\/01\/29477-1.webp",300,208,false],"1536x1536":["https:\/\/imagazine.it\/wp-content\/uploads\/2024\/01\/29477-1.webp",750,521,false],"2048x2048":["https:\/\/imagazine.it\/wp-content\/uploads\/2024\/01\/29477-1.webp",750,521,false],"newsup-slider-full":["https:\/\/imagazine.it\/wp-content\/uploads\/2024\/01\/29477-1.webp",750,521,false],"newsup-featured":["https:\/\/imagazine.it\/wp-content\/uploads\/2024\/01\/29477-1.webp",750,521,false],"newsup-medium":["https:\/\/imagazine.it\/wp-content\/uploads\/2024\/01\/29477-1-720x380.webp",720,380,true],"tptn_thumbnail":["https:\/\/imagazine.it\/wp-content\/uploads\/2024\/01\/29477-1.webp",250,174,false],"sow-carousel-default":["https:\/\/imagazine.it\/wp-content\/uploads\/2024\/01\/29477-1-272x182.webp",272,182,true]},"rttpg_author":{"display_name":"redazione","author_link":"https:\/\/imagazine.it\/home_desk\/author\/redazione\/"},"rttpg_comment":0,"rttpg_category":"<a href=\"https:\/\/imagazine.it\/home_desk\/category\/turismo\/\" rel=\"category tag\">TURISMO<\/a>","rttpg_excerpt":"Per la trentunesima volta","_links":{"self":[{"href":"https:\/\/imagazine.it\/home_desk\/wp-json\/wp\/v2\/posts\/29384","targetHints":{"allow":["GET"]}}],"collection":[{"href":"https:\/\/imagazine.it\/home_desk\/wp-json\/wp\/v2\/posts"}],"about":[{"href":"https:\/\/imagazine.it\/home_desk\/wp-json\/wp\/v2\/types\/post"}],"author":[{"embeddable":true,"href":"https:\/\/imagazine.it\/home_desk\/wp-json\/wp\/v2\/users\/28"}],"replies":[{"embeddable":true,"href":"https:\/\/imagazine.it\/home_desk\/wp-json\/wp\/v2\/comments?post=29384"}],"version-history":[{"count":0,"href":"https:\/\/imagazine.it\/home_desk\/wp-json\/wp\/v2\/posts\/29384\/revisions"}],"wp:featuredmedia":[{"embeddable":true,"href":"https:\/\/imagazine.it\/home_desk\/wp-json\/wp\/v2\/media\/29385"}],"wp:attachment":[{"href":"https:\/\/imagazine.it\/home_desk\/wp-json\/wp\/v2\/media?parent=29384"}],"wp:term":[{"taxonomy":"category","embeddable":true,"href":"https:\/\/imagazine.it\/home_desk\/wp-json\/wp\/v2\/categories?post=29384"},{"taxonomy":"post_tag","embeddable":true,"href":"https:\/\/imagazine.it\/home_desk\/wp-json\/wp\/v2\/tags?post=29384"}],"curies":[{"name":"wp","href":"https:\/\/api.w.org\/{rel}","templated":true}]}}