{"id":29376,"date":"2019-04-30T00:00:00","date_gmt":"2019-04-29T23:00:00","guid":{"rendered":"https:\/\/imagazine.it\/?p=29376"},"modified":"2019-04-30T00:00:00","modified_gmt":"2019-04-29T23:00:00","slug":"ronchi-donato-un-pc-a-leali-delle-notizie","status":"publish","type":"post","link":"https:\/\/imagazine.it\/home_desk\/ronchi-donato-un-pc-a-leali-delle-notizie\/","title":{"rendered":"Ronchi, donato un pc a Leali delle Notizie"},"content":{"rendered":"<p>L&#39;impegno dell&#39;associazione Leali delle Notizie di Ronchi dei Legionari, organizzatrice a inizio giugno della quinta edizione del Festival del giornalismo e nell&#39;arco dell&#39;anno di una serie di appuntamenti di confronto e approfondimento, oltre che espositivi, nella sua sede di piazzetta Francesco Giuseppe I, trova il supporto delle realt\u00e0 imprenditoriali del territorio.<\/p>\n<p>Domini Legnami di San Pier d&#39;Isonzo, vicina fin dagli esordi al sodalizio culturale ronchese, ha confermato il proprio sostegno donando un computer portatile, necessario per lo svolgimento di tutta l&#39;attivit\u00e0 di &#8220;back office&#8221; che precede la realizzazione degli eventi.<\/p>\n<p>Il pc portatile \u00e8 stato consegnato dal titolare dell&#39;azienda, <strong>Adriano Domini<\/strong>, al presidente dell&#39;associazione <strong>Luca Perrino<\/strong> nella sede del sodalizio, dov&#39;erano presenti anche la vicepresidente <strong>Cristina Visintini<\/strong> e altri componenti del consiglio direttivo de Leali delle Notizie.<\/p>\n<p>&#8220;Da quando abbiamo costituito l&#39;associazione, abbiamo coinvolto Domini Legnami, come altre imprese del territorio &#8211; ha affermato Perrino -, trovando sempre un sostegno tangibile. In questo caso, si tratta di uno strumento informatico fondamentale per l&#39;attivit\u00e0 dell&#39;associazione, che non si riduce all&#39;organizzazione del Festival del giornalismo&#8221;.<\/p>\n<p>A confermarlo anche i prossimi due appuntamenti promossi dall&#39;associazione: l&#39;incontro di venerd\u00ec, alle 18.30, nell&#39;auditorium comunale in occasione della giornata mondiale della libert\u00e0 di stampa e l&#39;inaugurazione di sabato, alle 18.30, nella sede dell&#39;associazione della mostra di Rosanna Morettin.<\/p>\n<p>&#8220;E&#39; un sostegno che do volentieri e che continuer\u00f2 a dare, perch\u00e9 l&#39;impegno dell&#39;associazione \u00e8 encomiabile&#8221;, ha dichiarato Adriano Domini.<\/p>\n","protected":false},"excerpt":{"rendered":"<p>Da parte di Domini Legnami<\/p>\n","protected":false},"author":22,"featured_media":29377,"comment_status":"closed","ping_status":"closed","sticky":false,"template":"","format":"standard","meta":{"dwc-title":[],"dwc-content":[],"footnotes":""},"categories":[5],"tags":[],"class_list":["post-29376","post","type-post","status-publish","format-standard","has-post-thumbnail","hentry","category-attualita"],"rttpg_featured_image_url":{"full":["https:\/\/imagazine.it\/wp-content\/uploads\/2024\/01\/29466-1.webp",750,487,false],"landscape":["https:\/\/imagazine.it\/wp-content\/uploads\/2024\/01\/29466-1.webp",750,487,false],"portraits":["https:\/\/imagazine.it\/wp-content\/uploads\/2024\/01\/29466-1.webp",750,487,false],"thumbnail":["https:\/\/imagazine.it\/wp-content\/uploads\/2024\/01\/29466-1-150x150.webp",150,150,true],"medium":["https:\/\/imagazine.it\/wp-content\/uploads\/2024\/01\/29466-1-300x195.webp",300,195,true],"large":["https:\/\/imagazine.it\/wp-content\/uploads\/2024\/01\/29466-1.webp",640,416,false],"thumblist":["https:\/\/imagazine.it\/wp-content\/uploads\/2024\/01\/29466-1.webp",300,195,false],"thumbrelated":["https:\/\/imagazine.it\/wp-content\/uploads\/2024\/01\/29466-1.webp",500,325,false],"meccarouselthumb":["https:\/\/imagazine.it\/wp-content\/uploads\/2024\/01\/29466-1.webp",474,308,false],"gridsquare":["https:\/\/imagazine.it\/wp-content\/uploads\/2024\/01\/29466-1.webp",391,254,false],"tileview":["https:\/\/imagazine.it\/wp-content\/uploads\/2024\/01\/29466-1.webp",300,195,false],"1536x1536":["https:\/\/imagazine.it\/wp-content\/uploads\/2024\/01\/29466-1.webp",750,487,false],"2048x2048":["https:\/\/imagazine.it\/wp-content\/uploads\/2024\/01\/29466-1.webp",750,487,false],"newsup-slider-full":["https:\/\/imagazine.it\/wp-content\/uploads\/2024\/01\/29466-1.webp",750,487,false],"newsup-featured":["https:\/\/imagazine.it\/wp-content\/uploads\/2024\/01\/29466-1.webp",750,487,false],"newsup-medium":["https:\/\/imagazine.it\/wp-content\/uploads\/2024\/01\/29466-1-720x380.webp",720,380,true],"tptn_thumbnail":["https:\/\/imagazine.it\/wp-content\/uploads\/2024\/01\/29466-1.webp",250,162,false],"sow-carousel-default":["https:\/\/imagazine.it\/wp-content\/uploads\/2024\/01\/29466-1-272x182.webp",272,182,true]},"rttpg_author":{"display_name":"Livio Nonis","author_link":"https:\/\/imagazine.it\/home_desk\/author\/nonis\/"},"rttpg_comment":0,"rttpg_category":"<a href=\"https:\/\/imagazine.it\/home_desk\/category\/attualita\/\" rel=\"category tag\">ATTUALIT\u00c0<\/a>","rttpg_excerpt":"Da parte di Domini Legnami","_links":{"self":[{"href":"https:\/\/imagazine.it\/home_desk\/wp-json\/wp\/v2\/posts\/29376","targetHints":{"allow":["GET"]}}],"collection":[{"href":"https:\/\/imagazine.it\/home_desk\/wp-json\/wp\/v2\/posts"}],"about":[{"href":"https:\/\/imagazine.it\/home_desk\/wp-json\/wp\/v2\/types\/post"}],"author":[{"embeddable":true,"href":"https:\/\/imagazine.it\/home_desk\/wp-json\/wp\/v2\/users\/22"}],"replies":[{"embeddable":true,"href":"https:\/\/imagazine.it\/home_desk\/wp-json\/wp\/v2\/comments?post=29376"}],"version-history":[{"count":0,"href":"https:\/\/imagazine.it\/home_desk\/wp-json\/wp\/v2\/posts\/29376\/revisions"}],"wp:featuredmedia":[{"embeddable":true,"href":"https:\/\/imagazine.it\/home_desk\/wp-json\/wp\/v2\/media\/29377"}],"wp:attachment":[{"href":"https:\/\/imagazine.it\/home_desk\/wp-json\/wp\/v2\/media?parent=29376"}],"wp:term":[{"taxonomy":"category","embeddable":true,"href":"https:\/\/imagazine.it\/home_desk\/wp-json\/wp\/v2\/categories?post=29376"},{"taxonomy":"post_tag","embeddable":true,"href":"https:\/\/imagazine.it\/home_desk\/wp-json\/wp\/v2\/tags?post=29376"}],"curies":[{"name":"wp","href":"https:\/\/api.w.org\/{rel}","templated":true}]}}