{"id":29368,"date":"2019-04-29T00:00:00","date_gmt":"2019-04-28T23:00:00","guid":{"rendered":"https:\/\/imagazine.it\/?p=29368"},"modified":"2019-04-29T00:00:00","modified_gmt":"2019-04-28T23:00:00","slug":"palmanova-in-arrivo-le-promesse-della-musica","status":"publish","type":"post","link":"https:\/\/imagazine.it\/home_desk\/palmanova-in-arrivo-le-promesse-della-musica\/","title":{"rendered":"Palmanova, in arrivo le promesse della musica"},"content":{"rendered":"<p>Da <strong>luned\u00ec 6 a domenica 12 maggio<\/strong> (con ouverture la sera di domenica 5) Palmanova ospiter\u00e0 la <strong>settima edizione del Concorso Musicale Internazionale Citt\u00e0 di Palmanova<\/strong>, che si articola nel <strong>Premio alle Scuole, nel Premio Palmanova Citt\u00e0 Unesco <\/strong>(per solisti, musica da camera e orchestre, anche con coro associato) e nel <strong>Premio Corale <\/strong>(per voci bianche e giovanili), tutti rivolti a esecutori fino ai 24 anni d&#39;et\u00e0, iscritti a scuole primarie, secondarie di primo e secondo grado, anche a indirizzo musicale, scuole di musica private e conservatori.<\/p>\n<p>L\u2019evento \u00e8 promosso dall&#39;<strong>Accademia<\/strong> <strong>Musicale Citt\u00e0 di Palmanova<\/strong>, in collaborazione con le scuole di musica comunali di Bagnaria Arsa e di Mossa (&#8220;Rete Legatura di Valore&#8221;), con il Comune di Palmanova e l&#39;Usci &#8211; Unione Societ\u00e0 Corali Fvg, e gode del patrocinio dalla Regione Friuli Venezia Giulia, di Promoturismo Fvg, dei Comuni di Bagnaria Arsa, Bicinicco, Mossa, Aquileia e Grado e dell\u2019Universit\u00e0 degli Studi di Udine.<\/p>\n<p>Attesi quasi <strong>mille concorrent<\/strong>i, provenienti da <strong>ogni parte d&#39;Italia<\/strong>, con prevalenza dal Triveneto, da una <strong>ventina di Paesi dell&#39;Unione Europea (fra i quali anche Portogallo e Cipro) e da altre parti del mondo: <\/strong>si registrano iscrizioni pure da<strong> Israele, Russia, Kazakistan, Ucraina, Estonia, Corea, Cina, Giappone.<\/strong> La direzione artistica \u00e8 affidata al maestro <strong>Annamaria Viciguerra<\/strong>, che si avvale per la parte corale della collaborazione del M\u00b0 <strong>Denis Monte<\/strong>. I tre presidenti di giuria, di rilevanza internazionale, sono i maestri<strong> Marco Guidarini (direttore della Mitteleuropa Orchestra), Pierluigi Corona e Gianna Visintin<\/strong>.<\/p>\n<p><strong>Partecipazione da record.<\/strong> Progressivamente cresciuta, dall&#39;anno del debutto, in questa edizione la manifestazione vanta numeri eccellenti: una ventina le scuole di musica coinvolte, 15 i gruppi orchestrali, 7 i cori, parecchi i gruppi da camera e \u00a0tantissimi i solisti. Sar\u00e0 insomma &#8220;battaglia&#8221; a suon di note, per aggiudicarsi le ambite <strong>borse di studio<\/strong>: in palio complessivi 9.060 euro, suddivisi per categorie e famiglie di strumenti. Le audizioni si svolgeranno al <strong>teatro comunale Modena<\/strong>, tutti i giorni, e saranno aperte al pubblico, che avr\u00e0 ingresso gratuito.<\/p>\n<p><strong>Il programma.<\/strong> L&#39;apertura ufficiale della rassegna \u00e8 in calendario per domenica \u00a05 maggio, alle 18.30, al teatro Modena, con l&#39;attesa esibizione della giovanissima <strong>Paloma Bharucha<\/strong>, astro nascente del violino, del <strong>Dorelab Festival Ensemble <\/strong>e con ulteriori, \u00a0promettenti attrattive, sia nel campo della musica che in quello della danza. La settimana sar\u00e0 poi scandita dalle esibizioni dei concorrenti, che proporranno il proprio repertorio davanti a qualificatissime giurie. Momento clou della manifestazione sar\u00e0, ovviamente, la cerimonia di consegna dei premi, sempre in teatro: <strong>sabato 11 maggio, alle 12.30, saliranno sul palco i vincitori del concorso corale, mentre domenica 12, alle 18.30, verranno proclamati quelli delle altre due sezioni; seguir\u00e0 il concerto dei vincitori. <\/strong><\/p>\n<p><a href=\"http:\/\/imagazinevideotruck.it\/outlet\/relink.html\" target=\"_top\" rel=\"noopener\"><img loading=\"lazy\" decoding=\"async\" align=\"LEFT\" height=\"250\" src=\"http:\/\/imagazinevideotruck.it\/outlet\/outlet30.gif\" width=\"300\" alt=\"\" title=\"\"><\/a><\/p>\n<p>\u00a0<\/p>\n<p>\u00a0<\/p>\n<p>\u00a0<\/p>\n<p>\u00a0<\/p>\n<p>\u00a0<\/p>\n<p>\u00a0<\/p>\n<p>\u00a0<\/p>\n<p>\u00a0<\/p>\n<p>\u00a0<\/p>\n<p><strong>Sinergia con la Mitteleuropa Orchestra<\/strong>. L&#39;edizione 2019 del Concorso si distingue per una nuova, intensa sinergia con le realt\u00e0 musicali e culturali e con le istituzioni del territorio. E&#39; stata siglata, in particolare, una convenzione con la Mitteleuropa Orchestra. L&#39;obiettivo, per il prossimo futuro, \u00e8 di stringere collaborazioni ancora pi\u00f9 forti. Non solo: si punta infatti a &#8220;specializzare&#8221; il Concorso, tramite la separazione delle famiglie di strumenti musicali (prevedendo giurie e premi specifici), a promuovere e valorizzare la musica di compositori friulani con premi ad essi dedicati e, infine, a incentivare l\u2019attivit\u00e0 di scambio durante l\u2019anno con realt\u00e0 locali e d&#39;oltre confine.<\/p>\n<p><strong>Cooperazioni territoriali e ricaduta turistica.<\/strong> L&#39;ottimo successo delle passate edizioni rende alte le aspettative: la qualit\u00e0 dell&#39;evento, del resto, \u00e8 assicurata e la citata sinergia operativa instauratasi fra realt\u00e0 musicali regionali (da menzionare, oltre alla Mitteleuropa Orchestra, l&#39;associazione Dorelab), vari sodalizi (Pro Loco, LiberMente, StudioDanza, Gruppo Storico di Palmanova), professionisti del settore video (2R Studio del maestro Riccardo Radivo) e\u00a0 comunicazione \u00a0e attivit\u00e0 imprenditoriali \u00abpromette di rendere l&#39;appuntamento &#8211; sottolineano i curatori del Concorso &#8211; davvero significativo per la cittadina di Palmanova e per l&#39;intera regione\u00bb. Sono in essere <strong>convenzioni con 16 esercizi commerciali<\/strong> (anche di Comuni limitrofi a Palmanova) e con <strong>oltre 30 attivit\u00e0 ricettive e ristorative<\/strong>. E nell&#39;ottica di una promozione della citt\u00e0 e della regione sono previste, a cura dell\u2019associazione Itineraria, visite guidate a Palmanova, Villa Manin, Aquileia e Grado. <strong>Le presenze stimate, fra partecipanti al concorso (un migliaio, come detto) e accompagnatori, superano le 2.500 unit\u00e0, pi\u00f9 di 500 delle quali dall&#39;estero.<\/strong> Gi\u00e0 molte le prenotazioni alberghiere.<\/p>\n<p><strong>Concerto al Palmanova Outlet Village<\/strong>. A proposito di cooperazioni territoriali, va evidenziato che quest&#39;anno il Concorso Internazionale Musicale Citt\u00e0 di Palmanova vivr\u00e0 una significativa propaggine: il primo giugno, infatti, nella piazza centrale del Palmanova Outlet di Aiello del Friuli si terr\u00e0 un importante concerto, debutto di una partnership avviata fra l\u2019Accademia Musicale Citt\u00e0 di Palmanova e il Palmanova Outlet Village al fine di promuovere la musica sul territorio. Protagonisti dell&#39;esibizione, che avr\u00e0 inizio alle 19 nella piazzetta principale del Village, saranno alcuni dei premiati al Concorso Musicale Internazionale Citt\u00e0 di Palmanova (solisti e-o gruppi), che\u00a0 godranno cos\u00ec di una preziosa ribalta: la selezione avverr\u00e0 durante il concorso. In repertorio brani di grande effetto e, dunque, di sicura presa sul pubblico,\u00a0 spaziando dal genere classico al contemporaneo. Il Palmanova Outlet Village, dunque, sigla un&#39;altra importante collaborazione finalizzata ad accrescere ulteriormente e rafforzare le sinergie con il territorio.<\/p>\n","protected":false},"excerpt":{"rendered":"<p>Presentato il Concorso Musicale Internazionale<\/p>\n","protected":false},"author":28,"featured_media":29369,"comment_status":"closed","ping_status":"closed","sticky":false,"template":"","format":"standard","meta":{"dwc-title":[],"dwc-content":[],"footnotes":""},"categories":[37],"tags":[],"class_list":["post-29368","post","type-post","status-publish","format-standard","has-post-thumbnail","hentry","category-cultura-e-spettacolo"],"rttpg_featured_image_url":{"full":["https:\/\/imagazine.it\/wp-content\/uploads\/2024\/01\/29436-1.webp",750,488,false],"landscape":["https:\/\/imagazine.it\/wp-content\/uploads\/2024\/01\/29436-1.webp",750,488,false],"portraits":["https:\/\/imagazine.it\/wp-content\/uploads\/2024\/01\/29436-1.webp",750,488,false],"thumbnail":["https:\/\/imagazine.it\/wp-content\/uploads\/2024\/01\/29436-1-150x150.webp",150,150,true],"medium":["https:\/\/imagazine.it\/wp-content\/uploads\/2024\/01\/29436-1-300x195.webp",300,195,true],"large":["https:\/\/imagazine.it\/wp-content\/uploads\/2024\/01\/29436-1.webp",640,416,false],"thumblist":["https:\/\/imagazine.it\/wp-content\/uploads\/2024\/01\/29436-1.webp",300,195,false],"thumbrelated":["https:\/\/imagazine.it\/wp-content\/uploads\/2024\/01\/29436-1.webp",500,325,false],"meccarouselthumb":["https:\/\/imagazine.it\/wp-content\/uploads\/2024\/01\/29436-1.webp",474,308,false],"gridsquare":["https:\/\/imagazine.it\/wp-content\/uploads\/2024\/01\/29436-1.webp",391,254,false],"tileview":["https:\/\/imagazine.it\/wp-content\/uploads\/2024\/01\/29436-1.webp",300,195,false],"1536x1536":["https:\/\/imagazine.it\/wp-content\/uploads\/2024\/01\/29436-1.webp",750,488,false],"2048x2048":["https:\/\/imagazine.it\/wp-content\/uploads\/2024\/01\/29436-1.webp",750,488,false],"newsup-slider-full":["https:\/\/imagazine.it\/wp-content\/uploads\/2024\/01\/29436-1.webp",750,488,false],"newsup-featured":["https:\/\/imagazine.it\/wp-content\/uploads\/2024\/01\/29436-1.webp",750,488,false],"newsup-medium":["https:\/\/imagazine.it\/wp-content\/uploads\/2024\/01\/29436-1-720x380.webp",720,380,true],"tptn_thumbnail":["https:\/\/imagazine.it\/wp-content\/uploads\/2024\/01\/29436-1.webp",250,163,false],"sow-carousel-default":["https:\/\/imagazine.it\/wp-content\/uploads\/2024\/01\/29436-1-272x182.webp",272,182,true]},"rttpg_author":{"display_name":"redazione","author_link":"https:\/\/imagazine.it\/home_desk\/author\/redazione\/"},"rttpg_comment":0,"rttpg_category":"<a href=\"https:\/\/imagazine.it\/home_desk\/category\/cultura-e-spettacolo\/\" rel=\"category tag\">CULTURA&amp;SPETTACOLO<\/a>","rttpg_excerpt":"Presentato il Concorso Musicale Internazionale","_links":{"self":[{"href":"https:\/\/imagazine.it\/home_desk\/wp-json\/wp\/v2\/posts\/29368","targetHints":{"allow":["GET"]}}],"collection":[{"href":"https:\/\/imagazine.it\/home_desk\/wp-json\/wp\/v2\/posts"}],"about":[{"href":"https:\/\/imagazine.it\/home_desk\/wp-json\/wp\/v2\/types\/post"}],"author":[{"embeddable":true,"href":"https:\/\/imagazine.it\/home_desk\/wp-json\/wp\/v2\/users\/28"}],"replies":[{"embeddable":true,"href":"https:\/\/imagazine.it\/home_desk\/wp-json\/wp\/v2\/comments?post=29368"}],"version-history":[{"count":0,"href":"https:\/\/imagazine.it\/home_desk\/wp-json\/wp\/v2\/posts\/29368\/revisions"}],"wp:featuredmedia":[{"embeddable":true,"href":"https:\/\/imagazine.it\/home_desk\/wp-json\/wp\/v2\/media\/29369"}],"wp:attachment":[{"href":"https:\/\/imagazine.it\/home_desk\/wp-json\/wp\/v2\/media?parent=29368"}],"wp:term":[{"taxonomy":"category","embeddable":true,"href":"https:\/\/imagazine.it\/home_desk\/wp-json\/wp\/v2\/categories?post=29368"},{"taxonomy":"post_tag","embeddable":true,"href":"https:\/\/imagazine.it\/home_desk\/wp-json\/wp\/v2\/tags?post=29368"}],"curies":[{"name":"wp","href":"https:\/\/api.w.org\/{rel}","templated":true}]}}