{"id":29353,"date":"2019-04-26T00:00:00","date_gmt":"2019-04-25T23:00:00","guid":{"rendered":"https:\/\/imagazine.it\/?p=29353"},"modified":"2019-04-26T00:00:00","modified_gmt":"2019-04-25T23:00:00","slug":"trieste-running-festival-10-mila-pronti-al-via","status":"publish","type":"post","link":"https:\/\/imagazine.it\/home_desk\/trieste-running-festival-10-mila-pronti-al-via\/","title":{"rendered":"Trieste Running Festival, 10 mila pronti al via"},"content":{"rendered":"<p>Presentata la terza edizione del Trieste Running Festival, organizzato da Apd Miramar e in programma nel capoluogo del Friuli Venezia Giulia dal 2 al 5 maggio.\u00a0<\/p>\n<p>Si comincia con i giovanissimi della Miramar Young, gioved\u00ec 2 maggio, con 2 mila baby runner che riempiranno piazza Unit\u00e0 d\u2019Italia. La giornata principale sar\u00e0 domenica 5 maggio, con la Generali Miramar Family, la non competitiva da Miramare, e la Trieste 24 Halfmarathon, che conferma lo start fissato ad Aurisina. Per entrambe arrivo nella cornice di piazza Unit\u00e0 d\u2019Italia.<\/p>\n<p>La Generali Miramar Family quest\u2019anno si presenta per la prima volta in versione Fun, con musica e intrattenimenti nei 7 chilometri da completare correndo o passeggiando.\u00a0<\/p>\n<p>La maratonina sar\u00e0 caratterizzata nuovamente da atleti in arrivo da tutto il mondo.\u00a0<\/p>\n<p>Il 2 maggio, alle 16, porte aperte a Casa Miramar, il punto di riferimento per iscrizioni e ritiro pacchi gara nella sala Colonne della Regione, fino alle 20 di sabato 4 maggio. Venerd\u00ec 3 sar\u00e0 la giornata dedicata interamente alle iscrizioni. Sabato 4 spazio agli eventi sportivi collaterali e alla presentazione dei top runner.<\/p>\n<p><strong>GENERALI MIRAMAR YOUNG<\/strong> &#8211; Duemila bambini di corsa, in una giornata che mette in campo sport e divertimento per tutti.\u00a0\u00a0La Generali Miramar Young, la corsa totalmente gratuita che inaugura il Trieste Running Festival, sar\u00e0 per la prima volta nel segno di Generali, cos\u00ec come da anni lo \u00e8 gi\u00e0 la Miramar Family. Organizzata in collaborazione con il Comune di Trieste, \u00e8 in programma gioved\u00ec 2 maggio, dalle 10, in piazza Unit\u00e0 d\u2019Italia. In caso di maltempo sar\u00e0 rinviata al giorno seguente.<\/p>\n<p><a href=\"http:\/\/imagazinevideotruck.it\/outlet\/relink.html\" target=\"_top\" rel=\"noopener\"><img loading=\"lazy\" decoding=\"async\" align=\"LEFT\" height=\"250\" src=\"http:\/\/imagazinevideotruck.it\/outlet\/outlet30.gif\" width=\"300\" alt=\"\" title=\"\"><\/a><\/p>\n<p>\u00a0<\/p>\n<p>\u00a0<\/p>\n<p>\u00a0<\/p>\n<p>\u00a0<\/p>\n<p>\u00a0<\/p>\n<p>\u00a0<\/p>\n<p>\u00a0<\/p>\n<p>\u00a0<\/p>\n<p>\u00a0<\/p>\n<p>Tutti i bimbi potranno contare sul kit comprendente sacca, t-shirt ufficiale e pettorale, mentre una medaglia sar\u00e0 consegnata al traguardo. Nessuna classifica, ma a conclusione di ogni batteria, i primi tre riceveranno la medaglia sul podio.\u00a0<\/p>\n<p>La maglietta sar\u00e0 rossa e riporter\u00e0 anche quest\u2019anno il nome di Martin Richard, il bambino di 8 anni rimasto ucciso nell\u2019attacco terroristico alla Maratona di Boston mentre aspettava il padre runner al traguardo. Alle 10 partir\u00e0 la prima batteria dei bimbi pi\u00f9 piccoli, che completeranno 50 metri, la distanza poi aumenter\u00e0 fino a 400 metri in base all\u2019et\u00e0.\u00a0<\/p>\n<p><strong>GENERALI MIRAMAR FAMILY<\/strong> &#8211; Quest\u2019anno la tradizionale non competitiva propone un percorso Fun, per arrivare al traguardo senza fretta, godendosi a pieno la festa. Sul percorso i partecipanti troveranno la musica della band \u201c<strong>4 Pampels &#038; friends<\/strong>\u201d, direttamente dal Carnevale estivo muggesano, e ancora <strong>Gabriele Grieco<\/strong>, il giovane musicista triestino che di recente ha trionfato alla trasmissione televisiva <em>La Corrida<\/em>.<\/p>\n<p>La t-shirt ufficiale sar\u00e0 rossa.\u00a0Tetto fissato a 6 mila partecipanti e le iscrizioni hanno gi\u00e0 superato quota 2 mila, ma come consuetudine si concentreranno nei giorni che precedono la domenica.\u00a0Tariffe agevolate in vigore per i nuclei familiari.<\/p>\n<p><strong>Uolter e Maxino, i volti di Trieste <\/strong>&#8211; Due ospiti speciali parteciperanno alla Generali Miramar Family, sono <strong>Uolter-Flavio Furian<\/strong> e <strong>Maxino<\/strong>, che dopo il grande successo di Macete, su Telequattro e sul web, oltre al libro con vendite da record dedicato alla Boba de Borgo, saranno i testimonial della non competitiva.\u00a0Da Miramare a piazza Unit\u00e0 d\u2019Italia cammineranno insieme alla gente, e promettono come sempre gag e siparietti divertenti.<\/p>\n<p><strong>Gruppi numerosi<\/strong> &#8211; Sono tanti i gruppi che parteciperanno alla Generali Miramar Family, associazioni, societ\u00e0 sportive, gruppi di amici, colleghi e sodalizi nati spontaneamente per l\u2019occasione, spesso per portare messaggi di solidariet\u00e0 lungo il percorso.\u00a0<\/p>\n<p>Chi si \u00e8 iscritto entro il 15 aprile ha potuto scegliere il pettorale personalizzato, che riporter\u00e0 scritto lo slogan o il nome del gruppo. Il pi\u00f9 numeroso \u00e8 quello composto da varie realt\u00e0 riunite insieme dall\u2019Azienda Sanitaria Universitaria Integrata di Trieste, con oltre 450 partecipanti.\u00a0<\/p>\n<p><strong>Furia Rossa, Duino Aurisina con Alessio<\/strong> &#8211; Alla Generali Miramar Family sar\u00e0 particolarmente significativa la presenza di Furia Rossa, sodalizio nato dalla volont\u00e0 di alcune associazioni del Comune di Duino Aurisina per ricordare Alessio Rotta, il ragazzino deceduto recentemente sul sentiero Rilke.<\/p>\n<p><strong>Trieste in Movimento, la salute prima di tutto<\/strong> &#8211; L\u2019Azienda Sanitaria Universitaria Integrata di Trieste con i suoi partner storici (LILT \u2013 Lega Italiana per la Lotta ai Tumori -, Benessere ASDC, Sweet Heart \u2013 Dolce Cuore), porteranno oltre 450 podisti alla manifestazione Generali Miramar Family del 5 maggio. I fattori di rischio, quali ipertensione arteriosa, colesterolo elevato, obesit\u00e0 fumo e sedentariet\u00e0, sono responsabili di oltre il 90% di infarto miocardico. Se un individuo presenta pi\u00f9 fattori di rischio aumenta notevolmente la probabilit\u00e0 di ammalarsi. Allora l\u2019invito del sodalizio \u00e8 di muoversi il pi\u00f9 possibile, tutti insieme alla Generali Miramar Family 2019.<\/p>\n<p><strong>La forza di Enrico<\/strong> &#8211; Alla Generali Miramar Family parteciper\u00e0 anche <strong>Enrico Ambrosetti<\/strong>, il giovane cestista triestino che, a 16 anni, dopo la diagnosi di un tumore osseo e dopo diverse operazioni, ha subito l&#39;amputazione della gamba ma ora, grazie alla sue incredibile determinazione, si presenter\u00e0 al via di Miramare con una protesi di ultima generazione predisposta appositamente per lui.<\/p>\n<p><strong>TRIESTE 24 HALFMARATHON<\/strong> &#8211; La mezza maratona compie 24 anni e conferma il percorso introdotto lo scorso anno, dal cuore di Aurisina fino a piazza Unit\u00e0 d\u2019Italia, passando per la strada Costiera, il tratto pi\u00f9 apprezzato dai runner, in arrivo da tantissimi Paesi, per correre a Trieste.<\/p>\n<p>Le 1.390 iscrizioni gi\u00e0 pervenute comprendono partecipanti da 28 Paesi di tutti i continenti. In prima linea sicuramente austriaci e ungheresi ma sono in arrivo corridori anche da Australia, Giappone, Sud America, Brasile e Stati Uniti.<\/p>\n<p><strong>Top runner da mezza Europa<\/strong> &#8211; In campo femminile saranno due le campionesse europee a darsi battaglia. Prima volta in una maratonina italiana per la bielorussa <strong>Mazuronak<\/strong>, che ha vinto la Maratona degli Europei 2018 di atletica leggera, conquistando la medaglia d\u2019oro sulle strade di Berlino grazie a una prestazione segnata da un\u2019incredibile forza di volont\u00e0. Durante tutta la prima parte della gara ha sofferto di epistassi e le immagini del suo volto insanguinato hanno fatto il giro del mondo. Tra i risultati pi\u00f9 importanti della sua carriera, anche un quarto piazzamento alla Maratona di Londra nel 2016, dove ha segnato il suo personale di 2h23\u201954\u201d, e il quinto posto alle ultime Olimpiadi di Rio de Janiero.<\/p>\n<p>\u00c8 un gradito quanto acclamato ritorno in citt\u00e0 invece quello di <strong>Anna Incerti<\/strong>, campionessa europea a Barcellona 2010, tre volte in gara alle Olimpiadi e prima a tagliare il traguardo della Trieste Half Marathon nel 2014.\u00a0<\/p>\n<p>In campo maschile Il vincitore della maratonina al Trieste Running Festival 2017, lo svedese <strong>Fredrik Uhrbom<\/strong>, torna sulla mezza per provare a replicare il successo di due anni fa. Nella pattuglia dei top runner confermato anche il talento sloveno <strong>Rok Puhar<\/strong>, che nel tracciato da Aurisina a piazza Unit\u00e0 d\u2019Italia punter\u00e0 a migliorare il suo tempo personale (65:47). Tra i top italiani attesi a Trieste, invece, gi\u00e0 certa la presenza dell\u2019olimpionico <strong>Stefano La Rosa<\/strong> ma la lista \u00e8 destinata ad allungarsi nei prossimi giorni.<\/p>\n<p><strong>Rita, \u00e8 lei la numero 1<\/strong> \u2013 <strong>Rita Giancristofaro<\/strong>, triestina d\u2019adozione anche se abruzzese di nascita, ha scelto la Trieste 24 Halfmarathon per il suo rientro ufficiale alle gare.\u00a0\u00a0\u00c8 la mattina del 14 agosto quando l\u2019auto sulla quale viaggia viene inghiotta in pochi secondi dal crollo del ponte Morandi a Genova. Viene estratta dalle macerie e dopo il coma, subisce diversi interventi chirurgici, con un lungo percorso di ripresa che ancora continua. Ma Rita non molla, determinata a tornare a correre. E lo far\u00e0 nuovamente nella sua citt\u00e0. \u201cSono mesi\u00a0\u00a0&#8211; dice &#8211; che al solo pensiero dell&#39;arrivo, mi si riempiono gli occhi di lacrime\u201d.<\/p>\n<p><strong>EVENTI COLLATERALI<\/strong> &#8211; Canottaggio, fitness, orienteering e tennis. Anche quest\u2019anno sono diversi gli eventi sportivi collaterali inseriti nel Trieste Running Festival.\u00a0<\/p>\n<p>Sono oltre 100 i partecipanti alla regata di canottaggio Senza Confini-Trofeo Ezio Ciriello, sabato 4 maggio alle 10, con partenza nel bacino San Giusto, realizzata grazie Comitato Regionale FIC del Friuli Venezia Giulia.\u00a0<\/p>\n<p>Sabato 4 maggio, con ritrovo dalle 15 in Piazza Cavana e partenza alle 16, si svolger\u00e0 la terza edizione di OriCit\u00e0Vecia, orienteering organizzato dal Gruppo Orientamento CAI XXX OTTOBRE e dall\u2019Orienteering Trieste, aperto a tutte le et\u00e0. Info su\u00a0<a href=\"http:\/\/www.or30ottobre.it\/\" target=\"_blank\" rel=\"noopener\">www.or30ottobre.it<\/a>.<\/p>\n<p>Dalle 14 alle 17 piazza Unit\u00e0 d\u2019Italia ospiter\u00e0 invece dimostrazioni a cura di diverse societ\u00e0 sportive: il Tennis Club Triestino, con il proprio staff, a disposizione di tutti e con particolare attenzione ai bambini e ai ragazzi, con la promozione del Summer Camp TCT, che ogni estate ospita tanti giovani a Padriciano. E poi gli allenamenti e i consigli, anche qui rivolti a tutti, a cura di CrossFit Audace Trieste, con istruttori certificati. Musica e coreografie saranno poi realizzate dal gruppo Fitness4Children, che presenter\u00e0 anche l\u2019evento benefico promosso ogni anno.<\/p>\n<p><strong>ISCRIZIONI, DOVE COME QUANDO<\/strong> &#8211; Per la Generali Miramar Family e per la Trieste 24 Halfmarathon iscrizioni ancora aperte online,\u00a0<u><a href=\"http:\/\/www.triesterunningfestival.com\/\" target=\"_blank\" rel=\"noopener\">www.triesterunningfestival.com<\/a><\/u>.\u00a0<\/p>\n<p>Disponibili anche all\u2019info point del centro commerciale Il Giulia (Via Giulia 75\/3), tutti i giorni dalle 10 alle 19.30, e al negozio Wind di piazza Unit\u00e0 d\u2019Italia 6, da luned\u00ec a sabato, dalle 9 alle 13 e dalle 15.30 alle 19.30, nel corner dedicato all\u2019interno.<\/p>\n<p>Dal 2 maggio iscrizioni (e ritiro pacchi gara) esclusivamente a Casa Miramar, Sala Colonne, palazzo della Regione di piazza Unit\u00e0 d\u2019Italia, con ingresso dedicato sulle Rive, gioved\u00ec 2 maggio dalle 16 alle 20 (solo Family), venerd\u00ec e sabato dalle 10 alle 19 anche per la Trieste Half Marathon.<\/p>\n","protected":false},"excerpt":{"rendered":"<p>Dal 2 al 5 maggio<\/p>\n","protected":false},"author":28,"featured_media":29354,"comment_status":"closed","ping_status":"closed","sticky":false,"template":"","format":"standard","meta":{"dwc-title":[],"dwc-content":[],"footnotes":""},"categories":[38],"tags":[],"class_list":["post-29353","post","type-post","status-publish","format-standard","has-post-thumbnail","hentry","category-sport"],"rttpg_featured_image_url":{"full":["https:\/\/imagazine.it\/wp-content\/uploads\/2024\/01\/29406-1.webp",750,509,false],"landscape":["https:\/\/imagazine.it\/wp-content\/uploads\/2024\/01\/29406-1.webp",750,509,false],"portraits":["https:\/\/imagazine.it\/wp-content\/uploads\/2024\/01\/29406-1.webp",750,509,false],"thumbnail":["https:\/\/imagazine.it\/wp-content\/uploads\/2024\/01\/29406-1-150x150.webp",150,150,true],"medium":["https:\/\/imagazine.it\/wp-content\/uploads\/2024\/01\/29406-1-300x204.webp",300,204,true],"large":["https:\/\/imagazine.it\/wp-content\/uploads\/2024\/01\/29406-1.webp",640,434,false],"thumblist":["https:\/\/imagazine.it\/wp-content\/uploads\/2024\/01\/29406-1.webp",300,204,false],"thumbrelated":["https:\/\/imagazine.it\/wp-content\/uploads\/2024\/01\/29406-1.webp",500,339,false],"meccarouselthumb":["https:\/\/imagazine.it\/wp-content\/uploads\/2024\/01\/29406-1.webp",474,322,false],"gridsquare":["https:\/\/imagazine.it\/wp-content\/uploads\/2024\/01\/29406-1.webp",383,260,false],"tileview":["https:\/\/imagazine.it\/wp-content\/uploads\/2024\/01\/29406-1.webp",300,204,false],"1536x1536":["https:\/\/imagazine.it\/wp-content\/uploads\/2024\/01\/29406-1.webp",750,509,false],"2048x2048":["https:\/\/imagazine.it\/wp-content\/uploads\/2024\/01\/29406-1.webp",750,509,false],"newsup-slider-full":["https:\/\/imagazine.it\/wp-content\/uploads\/2024\/01\/29406-1.webp",750,509,false],"newsup-featured":["https:\/\/imagazine.it\/wp-content\/uploads\/2024\/01\/29406-1.webp",750,509,false],"newsup-medium":["https:\/\/imagazine.it\/wp-content\/uploads\/2024\/01\/29406-1-720x380.webp",720,380,true],"tptn_thumbnail":["https:\/\/imagazine.it\/wp-content\/uploads\/2024\/01\/29406-1.webp",250,170,false],"sow-carousel-default":["https:\/\/imagazine.it\/wp-content\/uploads\/2024\/01\/29406-1-272x182.webp",272,182,true]},"rttpg_author":{"display_name":"redazione","author_link":"https:\/\/imagazine.it\/home_desk\/author\/redazione\/"},"rttpg_comment":0,"rttpg_category":"<a href=\"https:\/\/imagazine.it\/home_desk\/category\/sport\/\" rel=\"category tag\">SPORT<\/a>","rttpg_excerpt":"Dal 2 al 5 maggio","_links":{"self":[{"href":"https:\/\/imagazine.it\/home_desk\/wp-json\/wp\/v2\/posts\/29353","targetHints":{"allow":["GET"]}}],"collection":[{"href":"https:\/\/imagazine.it\/home_desk\/wp-json\/wp\/v2\/posts"}],"about":[{"href":"https:\/\/imagazine.it\/home_desk\/wp-json\/wp\/v2\/types\/post"}],"author":[{"embeddable":true,"href":"https:\/\/imagazine.it\/home_desk\/wp-json\/wp\/v2\/users\/28"}],"replies":[{"embeddable":true,"href":"https:\/\/imagazine.it\/home_desk\/wp-json\/wp\/v2\/comments?post=29353"}],"version-history":[{"count":0,"href":"https:\/\/imagazine.it\/home_desk\/wp-json\/wp\/v2\/posts\/29353\/revisions"}],"wp:featuredmedia":[{"embeddable":true,"href":"https:\/\/imagazine.it\/home_desk\/wp-json\/wp\/v2\/media\/29354"}],"wp:attachment":[{"href":"https:\/\/imagazine.it\/home_desk\/wp-json\/wp\/v2\/media?parent=29353"}],"wp:term":[{"taxonomy":"category","embeddable":true,"href":"https:\/\/imagazine.it\/home_desk\/wp-json\/wp\/v2\/categories?post=29353"},{"taxonomy":"post_tag","embeddable":true,"href":"https:\/\/imagazine.it\/home_desk\/wp-json\/wp\/v2\/tags?post=29353"}],"curies":[{"name":"wp","href":"https:\/\/api.w.org\/{rel}","templated":true}]}}