{"id":29287,"date":"2019-04-12T00:00:00","date_gmt":"2019-04-11T23:00:00","guid":{"rendered":"https:\/\/imagazine.it\/?p=29287"},"modified":"2019-04-12T00:00:00","modified_gmt":"2019-04-11T23:00:00","slug":"da-grado-a-graz-lungo-la-ciclovia-meridionale-mitteleuropea","status":"publish","type":"post","link":"https:\/\/imagazine.it\/home_desk\/da-grado-a-graz-lungo-la-ciclovia-meridionale-mitteleuropea\/","title":{"rendered":"Da Grado a Graz lungo la Ciclovia Meridionale Mitteleuropea"},"content":{"rendered":"<p>La delegazione gradese che ha preso parte al <em>Grado Graz Bike tour<\/em>, il viaggio in bici di 387 Km in 5 tappe attraverso 3 nazioni e lungo il tragitto di quella che fu la Ferrovia Meridionale Trieste-Vienna, \u00e8 giunta a destinazione nel pomeriggio di mercoled\u00ec.<\/p>\n<p>Ieri mattina la delegazione \u00e8 stata accolta, nel corso di un incontro ufficiale, dal sindaco di Graz<strong> Siegfried Nagl <\/strong>e dall\u2019assessore allo Sport<strong> Kurt Hohenssiner<\/strong> nel <em>Rathaus<\/em>, il municipio del capoluogo della Stiria.<\/p>\n<p>Nell\u2019occasione il vicesindaco e assessore al Turismo <strong>Matteo Polo<\/strong>, che ha pedalato assieme al gruppo, ha presentato alla stampa austriaca l\u2019esperienza appena trascorsa e spiegato come il cicloturismo \u201csia un asset su cui investire, in particolare per unire due localit\u00e0 turistiche come Grado e Graz accumunate da una eccellente rete di piste ciclabili\u201d.<\/p>\n<p>Partito lo scorso sabato 6 aprile, durante la prima giornata il gruppo, formato da una ventina di ciclisti tra cui anche il sindaco <strong>Dario Raugna<\/strong> e il campione mondiale di ciclismo su strada <strong>Moreno Argentin<\/strong>, ha incontrato nelle diverse tappe del Friuli Venezia Giulia le autorit\u00e0 locali, in segno della massima collaborazione e sinergia del territorio: a <strong>Turriaco<\/strong> il sindaco <strong>Enrico Bullian<\/strong> (che ha proseguito in bici con il gruppo fino a Trieste), a <strong>Staranzano<\/strong> il sindaco <strong>Riccardo Marchesan<\/strong> e il consigliere regionale <strong>Diego Moretti<\/strong>, a <strong>Monfalcone<\/strong> l\u2019assessore allo sport <strong>Francesco Volante<\/strong> e a <strong>Trieste<\/strong> l\u2019assessore al Turismo <strong>Francesca De Sanctis<\/strong>. <strong>Postumia<\/strong> \u00e8 stata l\u2019ultima tappa della giornata, dopo un tragitto di 108 Km, cittadina in cui il gruppo ha incontrato il sindaco <strong>Igor Marenti\u010d<\/strong> e il vicesindaco <strong>Andrej Berginc<\/strong>. Nei giorni successivi la delegazione gradese ha attraversato la Slovenia fermandosi a <strong>Lubiana<\/strong>, <strong>Lasko<\/strong> e <strong>Maribor<\/strong>.\u00a0<\/p>\n<p>Gli incontri sono stati occasione di promozione turistica del territorio gradese ma anche di sensibilizzazione rispetto all\u2019importanza delle ciclovie.<\/p>\n<p>Il percorso ha toccato aree di rilievo paesaggistico e culturale, sul tracciato della Ferrovia nata dal genio del progettista Carlo Ghega nella seconda met\u00e0 dell\u2019Ottocento.<\/p>\n<p><a href=\"http:\/\/imagazinevideotruck.it\/outlet\/relink.html\" target=\"_top\" rel=\"noopener\"><img loading=\"lazy\" decoding=\"async\" align=\"LEFT\" height=\"250\" src=\"http:\/\/imagazinevideotruck.it\/outlet\/outlet30.gif\" width=\"300\" alt=\"\" title=\"\"><\/a><\/p>\n<p>\u00a0<\/p>\n<p>\u00a0<\/p>\n<p>\u00a0<\/p>\n<p>\u00a0<\/p>\n<p>\u00a0<\/p>\n<p>\u00a0<\/p>\n<p>\u00a0<\/p>\n<p>\u00a0<\/p>\n<p>\u00a0<\/p>\n<p>Soddisfatto dell\u2019esperienza il vicesindaco<strong> Matteo Polo<\/strong>: \u201c<em>Siamo arrivati a Graz sfidando la pioggia, il freddo e il vento per promuovere il fatto che Grado sia una localit\u00e0 sempre pi\u00f9 sostenibile, per promuovere la ciclabilit\u00e0 e la stagione balneare 2019. Sono consapevole che l\u2019iniziativa debba compiere molti passi (pedalate) in avanti, ma che molti siano gi\u00e0 stati compiuti rispetto alla prima edizione. Ringrazio SOGIT per l\u2019organizzazione, i numerosi sponsor per il sostegno, le amministrazioni che ci hanno accolto ma soprattutto le persone che mi hanno accompagnato in questa iniziativa che sono i pionieri della \u201cCiclovia Meridionale Mitteleuropea<\/em>\u201d.<\/p>\n<p>\u201c<em>La bikeconomy in Europa \u2013 <\/em>afferma il sindaco <strong>Dario Raugna<\/strong><em> \u2013 vale oltre 500 miliardi di euro all\u2019anno ed \u00e8 un mercato in continua ascesa. Con l\u2019avvento delle nuove tecnologie applicate alla mobilit\u00e0 lenta \u00e8 andata ampliandosi la platea di utenti che possono accedere al cicloturismo e i maggiori tour operator a livello mondiale ormai annoverano tra le loro offerte dei pacchetti a esso dedicati. Questa forma di turismo rappresenta una grande opportunit\u00e0 per il nostro territorio che per peculiarit\u00e0 in termini di produzione enogastronomica, paesaggi, storia e cultura non \u00e8 secondo a nessuno. Fare rete con gli Stati a noi vicini per il completamento delle infrastrutture e per l\u2019apertura di nuove vie pedalabili in tutta sicurezza \u00e8 la strada da seguire senza indugio affinch\u00e9 questa economia possa dare delle importanti risposte in termini di crescita economica sostenibile e di ricadute occupazionali per i giovani. Grado in questo contesto vuole giocare un ruolo di primordine intercettando un mercato che in Europa rappresenta gi\u00e0 un\u2019importante realt\u00e0 e lo vuole fare attraverso delle politiche di area vasta in collaborazione con i Comuni limitrofi e con gli Stati confinanti, riacquistando centralit\u00e0 rispetto al ruolo di spiaggia della Mitteleuropa<\/em>\u201d.<\/p>\n<p>L\u2019avventura del gruppo di ciclisti \u00e8 stata promossa in tempo reale sulla <strong>pagina facebook Grado Bike Tour<\/strong> che in breve ha raggiunto e superato i <strong>1800 fans<\/strong>.<\/p>\n","protected":false},"excerpt":{"rendered":"<p>Concluso il bike tour<\/p>\n","protected":false},"author":28,"featured_media":29288,"comment_status":"closed","ping_status":"closed","sticky":false,"template":"","format":"standard","meta":{"dwc-title":[],"dwc-content":[],"footnotes":""},"categories":[8],"tags":[],"class_list":["post-29287","post","type-post","status-publish","format-standard","has-post-thumbnail","hentry","category-turismo"],"rttpg_featured_image_url":{"full":["https:\/\/imagazine.it\/wp-content\/uploads\/2024\/01\/29235-1.webp",750,502,false],"landscape":["https:\/\/imagazine.it\/wp-content\/uploads\/2024\/01\/29235-1.webp",750,502,false],"portraits":["https:\/\/imagazine.it\/wp-content\/uploads\/2024\/01\/29235-1.webp",750,502,false],"thumbnail":["https:\/\/imagazine.it\/wp-content\/uploads\/2024\/01\/29235-1-150x150.webp",150,150,true],"medium":["https:\/\/imagazine.it\/wp-content\/uploads\/2024\/01\/29235-1-300x201.webp",300,201,true],"large":["https:\/\/imagazine.it\/wp-content\/uploads\/2024\/01\/29235-1.webp",640,428,false],"thumblist":["https:\/\/imagazine.it\/wp-content\/uploads\/2024\/01\/29235-1.webp",300,201,false],"thumbrelated":["https:\/\/imagazine.it\/wp-content\/uploads\/2024\/01\/29235-1.webp",500,335,false],"meccarouselthumb":["https:\/\/imagazine.it\/wp-content\/uploads\/2024\/01\/29235-1.webp",474,317,false],"gridsquare":["https:\/\/imagazine.it\/wp-content\/uploads\/2024\/01\/29235-1.webp",388,260,false],"tileview":["https:\/\/imagazine.it\/wp-content\/uploads\/2024\/01\/29235-1.webp",300,201,false],"1536x1536":["https:\/\/imagazine.it\/wp-content\/uploads\/2024\/01\/29235-1.webp",750,502,false],"2048x2048":["https:\/\/imagazine.it\/wp-content\/uploads\/2024\/01\/29235-1.webp",750,502,false],"newsup-slider-full":["https:\/\/imagazine.it\/wp-content\/uploads\/2024\/01\/29235-1.webp",750,502,false],"newsup-featured":["https:\/\/imagazine.it\/wp-content\/uploads\/2024\/01\/29235-1.webp",750,502,false],"newsup-medium":["https:\/\/imagazine.it\/wp-content\/uploads\/2024\/01\/29235-1-720x380.webp",720,380,true],"tptn_thumbnail":["https:\/\/imagazine.it\/wp-content\/uploads\/2024\/01\/29235-1.webp",250,167,false],"sow-carousel-default":["https:\/\/imagazine.it\/wp-content\/uploads\/2024\/01\/29235-1-272x182.webp",272,182,true]},"rttpg_author":{"display_name":"redazione","author_link":"https:\/\/imagazine.it\/home_desk\/author\/redazione\/"},"rttpg_comment":0,"rttpg_category":"<a href=\"https:\/\/imagazine.it\/home_desk\/category\/turismo\/\" rel=\"category tag\">TURISMO<\/a>","rttpg_excerpt":"Concluso il bike tour","_links":{"self":[{"href":"https:\/\/imagazine.it\/home_desk\/wp-json\/wp\/v2\/posts\/29287","targetHints":{"allow":["GET"]}}],"collection":[{"href":"https:\/\/imagazine.it\/home_desk\/wp-json\/wp\/v2\/posts"}],"about":[{"href":"https:\/\/imagazine.it\/home_desk\/wp-json\/wp\/v2\/types\/post"}],"author":[{"embeddable":true,"href":"https:\/\/imagazine.it\/home_desk\/wp-json\/wp\/v2\/users\/28"}],"replies":[{"embeddable":true,"href":"https:\/\/imagazine.it\/home_desk\/wp-json\/wp\/v2\/comments?post=29287"}],"version-history":[{"count":0,"href":"https:\/\/imagazine.it\/home_desk\/wp-json\/wp\/v2\/posts\/29287\/revisions"}],"wp:featuredmedia":[{"embeddable":true,"href":"https:\/\/imagazine.it\/home_desk\/wp-json\/wp\/v2\/media\/29288"}],"wp:attachment":[{"href":"https:\/\/imagazine.it\/home_desk\/wp-json\/wp\/v2\/media?parent=29287"}],"wp:term":[{"taxonomy":"category","embeddable":true,"href":"https:\/\/imagazine.it\/home_desk\/wp-json\/wp\/v2\/categories?post=29287"},{"taxonomy":"post_tag","embeddable":true,"href":"https:\/\/imagazine.it\/home_desk\/wp-json\/wp\/v2\/tags?post=29287"}],"curies":[{"name":"wp","href":"https:\/\/api.w.org\/{rel}","templated":true}]}}