{"id":29285,"date":"2019-04-11T00:00:00","date_gmt":"2019-04-10T23:00:00","guid":{"rendered":"https:\/\/imagazine.it\/?p=29285"},"modified":"2019-04-11T00:00:00","modified_gmt":"2019-04-10T23:00:00","slug":"presentato-il-nuovo-collegamento-aereo-ronchi-colonia","status":"publish","type":"post","link":"https:\/\/imagazine.it\/home_desk\/presentato-il-nuovo-collegamento-aereo-ronchi-colonia\/","title":{"rendered":"Presentato il nuovo collegamento aereo Ronchi-Colonia"},"content":{"rendered":"<p>Due voli settimanali, il gioved\u00ec e la domenica, collegheranno Trieste Airport alla citt\u00e0 di Colonia in Germania, permettendo cos\u00ec ai turisti tedeschi di raggiungere solo in un\u2019ora di volo le spiagge dell\u2019Altro Adriatico.<\/p>\n<p>Il servizio, operato da Eurowings, sar\u00e0 attivo dal 2 giugno fino al 24 ottobre.<\/p>\n<p>PromoTurismoFVG ha presentato nella sede dell\u2019Istituto Italiano di Cultura di Colonia, alla presenza di una rappresentanza di Enit Francoforte &#8211; Agenzia nazionale del turismo, Trieste Airport e dei consorzi di Lignano Sabbiadoro e Grado, il nuovo collegamento aereo da Colonia a Trieste operato da Eurowings, gruppo Lufthansa, a un pubblico di tour operator e giornalisti.<\/p>\n<p>Insieme ai voli gi\u00e0 operativi di Francoforte e Monaco, questo ulteriore collegamento con la Germania permetter\u00e0 di incrementare in termini di arrivi e presenze i turisti di quello che \u00e8 uno dei mercati pi\u00f9 rilevanti per la regione Friuli Venezia Giulia.<\/p>\n","protected":false},"excerpt":{"rendered":"<p>Attivo dal 2 giugno<\/p>\n","protected":false},"author":28,"featured_media":29286,"comment_status":"closed","ping_status":"closed","sticky":false,"template":"","format":"standard","meta":{"dwc-title":[],"dwc-content":[],"footnotes":""},"categories":[8],"tags":[],"class_list":["post-29285","post","type-post","status-publish","format-standard","has-post-thumbnail","hentry","category-turismo"],"rttpg_featured_image_url":{"full":["https:\/\/imagazine.it\/wp-content\/uploads\/2024\/01\/29228-1.webp",750,423,false],"landscape":["https:\/\/imagazine.it\/wp-content\/uploads\/2024\/01\/29228-1.webp",750,423,false],"portraits":["https:\/\/imagazine.it\/wp-content\/uploads\/2024\/01\/29228-1.webp",750,423,false],"thumbnail":["https:\/\/imagazine.it\/wp-content\/uploads\/2024\/01\/29228-1-150x150.webp",150,150,true],"medium":["https:\/\/imagazine.it\/wp-content\/uploads\/2024\/01\/29228-1-300x169.webp",300,169,true],"large":["https:\/\/imagazine.it\/wp-content\/uploads\/2024\/01\/29228-1.webp",640,361,false],"thumblist":["https:\/\/imagazine.it\/wp-content\/uploads\/2024\/01\/29228-1.webp",300,169,false],"thumbrelated":["https:\/\/imagazine.it\/wp-content\/uploads\/2024\/01\/29228-1.webp",500,282,false],"meccarouselthumb":["https:\/\/imagazine.it\/wp-content\/uploads\/2024\/01\/29228-1.webp",474,267,false],"gridsquare":["https:\/\/imagazine.it\/wp-content\/uploads\/2024\/01\/29228-1.webp",391,221,false],"tileview":["https:\/\/imagazine.it\/wp-content\/uploads\/2024\/01\/29228-1.webp",300,169,false],"1536x1536":["https:\/\/imagazine.it\/wp-content\/uploads\/2024\/01\/29228-1.webp",750,423,false],"2048x2048":["https:\/\/imagazine.it\/wp-content\/uploads\/2024\/01\/29228-1.webp",750,423,false],"newsup-slider-full":["https:\/\/imagazine.it\/wp-content\/uploads\/2024\/01\/29228-1.webp",750,423,false],"newsup-featured":["https:\/\/imagazine.it\/wp-content\/uploads\/2024\/01\/29228-1.webp",750,423,false],"newsup-medium":["https:\/\/imagazine.it\/wp-content\/uploads\/2024\/01\/29228-1-720x380.webp",720,380,true],"tptn_thumbnail":["https:\/\/imagazine.it\/wp-content\/uploads\/2024\/01\/29228-1.webp",250,141,false],"sow-carousel-default":["https:\/\/imagazine.it\/wp-content\/uploads\/2024\/01\/29228-1-272x182.webp",272,182,true]},"rttpg_author":{"display_name":"redazione","author_link":"https:\/\/imagazine.it\/home_desk\/author\/redazione\/"},"rttpg_comment":0,"rttpg_category":"<a href=\"https:\/\/imagazine.it\/home_desk\/category\/turismo\/\" rel=\"category tag\">TURISMO<\/a>","rttpg_excerpt":"Attivo dal 2 giugno","_links":{"self":[{"href":"https:\/\/imagazine.it\/home_desk\/wp-json\/wp\/v2\/posts\/29285","targetHints":{"allow":["GET"]}}],"collection":[{"href":"https:\/\/imagazine.it\/home_desk\/wp-json\/wp\/v2\/posts"}],"about":[{"href":"https:\/\/imagazine.it\/home_desk\/wp-json\/wp\/v2\/types\/post"}],"author":[{"embeddable":true,"href":"https:\/\/imagazine.it\/home_desk\/wp-json\/wp\/v2\/users\/28"}],"replies":[{"embeddable":true,"href":"https:\/\/imagazine.it\/home_desk\/wp-json\/wp\/v2\/comments?post=29285"}],"version-history":[{"count":0,"href":"https:\/\/imagazine.it\/home_desk\/wp-json\/wp\/v2\/posts\/29285\/revisions"}],"wp:featuredmedia":[{"embeddable":true,"href":"https:\/\/imagazine.it\/home_desk\/wp-json\/wp\/v2\/media\/29286"}],"wp:attachment":[{"href":"https:\/\/imagazine.it\/home_desk\/wp-json\/wp\/v2\/media?parent=29285"}],"wp:term":[{"taxonomy":"category","embeddable":true,"href":"https:\/\/imagazine.it\/home_desk\/wp-json\/wp\/v2\/categories?post=29285"},{"taxonomy":"post_tag","embeddable":true,"href":"https:\/\/imagazine.it\/home_desk\/wp-json\/wp\/v2\/tags?post=29285"}],"curies":[{"name":"wp","href":"https:\/\/api.w.org\/{rel}","templated":true}]}}