{"id":29283,"date":"2019-04-11T00:00:00","date_gmt":"2019-04-10T23:00:00","guid":{"rendered":"https:\/\/imagazine.it\/?p=29283"},"modified":"2019-04-11T00:00:00","modified_gmt":"2019-04-10T23:00:00","slug":"casarsa-comune-delle-cooperative-2019","status":"publish","type":"post","link":"https:\/\/imagazine.it\/home_desk\/casarsa-comune-delle-cooperative-2019\/","title":{"rendered":"Casarsa &#8220;Comune delle Cooperative&#8221; 2019"},"content":{"rendered":"<p>Casarsa della Delizia \u00e8 il nuovo Comune delle Cooperative, riconoscimento unico in Italia che sar\u00e0 consegnato sabato 13 aprile al termine di una mattinata che riunir\u00e0 nel Palazzo municipale Burovich de Zmajevich il mondo di Confcooperative Pordenone per un momento di confronto. Il convegno, intitolato \u201cCooperare per il territorio\u201d, a partire dalle 9.45 analizzer\u00e0 come la cooperazione crei ricchezza, non solo economica ma soprattutto sociale, per il territorio del Friuli occidentale.<\/p>\n<p>&#8220;Siamo lieti &#8211; ha dichiarato <strong>Luigi Piccoli<\/strong>, presidente di Confcooperative Pordenone -, di essere a Casarsa per questo importante appuntamento della nostra attivit\u00e0 annuale. Cooperare per il territorio \u00e8 pi\u00f9 di un mero titolo che abbiamo voluto dare alla nostra giornata: \u00e8 un plauso a quanto \u00e8 stato fatto nel passato, a quanto si sta portando avanti nel presente e a quanto si far\u00e0, sempre a favore delle persone e loro famiglie, in futuro\u201d.<\/p>\n<p>Il programma della giornata prevede, dopo la registrazione delle presenze, gli indirizzi di saluto delle autorit\u00e0 con lo stesso presidente Piccoli, del presidente di Confcooperative Friuli Venezia Giulia e Fondosviluppo Fvg <strong>Giuseppe Graffi Brunoro<\/strong>, di <strong>Marco Menni<\/strong> vicepresidente vicario di Confcooperative nazionale, della sindaca di Casarsa della Delizia <strong>Lavinia Clarotto<\/strong> e per la Pro Casarsa della Delizia del presidente <strong>Antonio Tesolin<\/strong> e della vicepresidente <strong>Martina Colussi<\/strong>.\u00a0<\/p>\n<p><strong>Luca Fazzi<\/strong>, docente dell&#39;Universit\u00e0 di Trento, condivider\u00e0 con il pubblico i suoi studi nella relazione su \u201cAttualit\u00e0 del modello cooperativo come fattore di sviluppo territoriale\u201d. A seguire <strong>Giuseppe Ragogna<\/strong> moderer\u00e0 la tavola rotonda con gli stessi Marco Menni, Luigi Piccoli e Luca Fazzi pi\u00f9 il sociologo <strong>Paolo Tomasin<\/strong> e <strong>Mauro Praturlon<\/strong>, presidente di Coop Casarsa, la cooperativa di consumo cittadina che quest&#39;anno celebra il suo centenario. Le conclusioni saranno affidate a <strong>Stefano Zannier<\/strong>, assessore alle risorse agroalimentari, forestali e ittiche della Regione Autonoma Friuli Venezia Giulia.<\/p>\n<p>Infine, saranno svelati i criteri che hanno portato la commissione, che ha valutato i Comuni del Friuli occidentale ed \u00e8 composta dai rappresentanti di Confcooperative Pordenone e Fvg, Fondosviluppo Fvg, Associazione regionale Comuni del Fvg (Anci) e Diocesi di Concordia Pordenone, al conferimento del riconoscimento Comune delle Cooperative, con Casarsa della Delizia che raggiunger\u00e0 San Giorgio della Richinvelda nel gruppo delle comunit\u00e0 insignite di questa denominazione.<\/p>\n<p><a href=\"http:\/\/imagazinevideotruck.it\/outlet\/relink.html\" target=\"_top\" rel=\"noopener\"><img loading=\"lazy\" decoding=\"async\" align=\"LEFT\" height=\"250\" src=\"http:\/\/imagazinevideotruck.it\/outlet\/outlet30.gif\" width=\"300\" alt=\"\" title=\"\"><\/a><\/p>\n<p>\u00a0<\/p>\n<p>\u00a0<\/p>\n<p>\u00a0<\/p>\n<p>\u00a0<\/p>\n<p>\u00a0<\/p>\n<p>\u00a0<\/p>\n<p>\u00a0<\/p>\n<p>\u00a0<\/p>\n<p>\u00a0<\/p>\n<p>&#8220;Con la consegna del titolo di Comune della Cooperative &#8211; ha commentato la sindaca Clarotto &#8211; si sottolinea il grande valore della cooperazione per la nostra comunit\u00e0 e la sua storia. Casarsa e San Giovanni si sono sviluppate nel corso del Novecento proprio grazie alla cooperazione e sempre insieme ad essa ora guardano al futuro. Grazie a Confcooperative Pordenone per tale prestigioso riconoscimento e per il lavoro in sinergia che faremo in futuro per valorizzarlo&#8221;.<\/p>\n<p>In questo contesto, anche attraverso un video che ne racconta l&#39;esperienza, saranno ricordate tutte le nove cooperative attive sul territorio comunale: Viticoltori Friulani La Delizia, Coop Casarsa, Il Piccolo Principe, \u00a0Il Colore del Grano, Forno Cooperativo Sangiovannese, Group service assistance, La tua Casetta Magica, Il Grappolo e Stage Klan. All\u2019amministrazione comunale e alle cooperative di Casarsa sar\u00e0 consegnato il logo simbolo del riconoscimento (quello per il Comune \u00e8 stato realizzato in mosaico dalla Scuola Mosaicisti del Friuli di Spilimbergo e finanziato da Friulovest Banca e Bcc Pordenonese). Al termine, momento conviviale offerto dalla Coop Casarsa nel giardino di Palazzo Burovich de Zmajevich.<\/p>\n<p>\u00a0<\/p>\n<p><strong>Alcuni dati d&#39;interesse<\/strong><\/p>\n<p>Le 160 cooperative aderenti, con i loro oltre 50 mila soci, a Confcooperative Pordenone sono una vera e propria \u201clocomotiva\u201d, economica e sociale, del Friuli occidentale: basta infatti pensare che con oltre 500 milioni di euro di fatturato, rappresentano pi\u00f9 del 50% del valore della produzione complessiva delle cooperative associate a livello regionale. Una serie di realt\u00e0 che d\u00e0 occupazione anche in anni di crisi economica, tanto da aumentare gli occupati (tra soci lavoratori e dipendenti) dalle 4550 unit\u00e0 del 2013 alle 5189 attuali. In totale in questi ultimi anni si \u00e8 assistito a una variazione nei fatturati delle cooperative del +34%, sviluppo che \u00e8 stato riversato sulla societ\u00e0 e sulle comunit\u00e0.<\/p>\n","protected":false},"excerpt":{"rendered":"<p>Riconoscimento di Confcooperative Pordenone<\/p>\n","protected":false},"author":28,"featured_media":29284,"comment_status":"closed","ping_status":"closed","sticky":false,"template":"","format":"standard","meta":{"dwc-title":[],"dwc-content":[],"footnotes":""},"categories":[5],"tags":[],"class_list":["post-29283","post","type-post","status-publish","format-standard","has-post-thumbnail","hentry","category-attualita"],"rttpg_featured_image_url":{"full":["https:\/\/imagazine.it\/wp-content\/uploads\/2024\/01\/29222-1.webp",750,538,false],"landscape":["https:\/\/imagazine.it\/wp-content\/uploads\/2024\/01\/29222-1.webp",750,538,false],"portraits":["https:\/\/imagazine.it\/wp-content\/uploads\/2024\/01\/29222-1.webp",750,538,false],"thumbnail":["https:\/\/imagazine.it\/wp-content\/uploads\/2024\/01\/29222-1-150x150.webp",150,150,true],"medium":["https:\/\/imagazine.it\/wp-content\/uploads\/2024\/01\/29222-1-300x215.webp",300,215,true],"large":["https:\/\/imagazine.it\/wp-content\/uploads\/2024\/01\/29222-1.webp",640,459,false],"thumblist":["https:\/\/imagazine.it\/wp-content\/uploads\/2024\/01\/29222-1.webp",300,215,false],"thumbrelated":["https:\/\/imagazine.it\/wp-content\/uploads\/2024\/01\/29222-1.webp",500,359,false],"meccarouselthumb":["https:\/\/imagazine.it\/wp-content\/uploads\/2024\/01\/29222-1.webp",452,324,false],"gridsquare":["https:\/\/imagazine.it\/wp-content\/uploads\/2024\/01\/29222-1.webp",362,260,false],"tileview":["https:\/\/imagazine.it\/wp-content\/uploads\/2024\/01\/29222-1.webp",300,215,false],"1536x1536":["https:\/\/imagazine.it\/wp-content\/uploads\/2024\/01\/29222-1.webp",750,538,false],"2048x2048":["https:\/\/imagazine.it\/wp-content\/uploads\/2024\/01\/29222-1.webp",750,538,false],"newsup-slider-full":["https:\/\/imagazine.it\/wp-content\/uploads\/2024\/01\/29222-1.webp",750,538,false],"newsup-featured":["https:\/\/imagazine.it\/wp-content\/uploads\/2024\/01\/29222-1.webp",750,538,false],"newsup-medium":["https:\/\/imagazine.it\/wp-content\/uploads\/2024\/01\/29222-1-720x380.webp",720,380,true],"tptn_thumbnail":["https:\/\/imagazine.it\/wp-content\/uploads\/2024\/01\/29222-1.webp",250,179,false],"sow-carousel-default":["https:\/\/imagazine.it\/wp-content\/uploads\/2024\/01\/29222-1-272x182.webp",272,182,true]},"rttpg_author":{"display_name":"redazione","author_link":"https:\/\/imagazine.it\/home_desk\/author\/redazione\/"},"rttpg_comment":0,"rttpg_category":"<a href=\"https:\/\/imagazine.it\/home_desk\/category\/attualita\/\" rel=\"category tag\">ATTUALIT\u00c0<\/a>","rttpg_excerpt":"Riconoscimento di Confcooperative Pordenone","_links":{"self":[{"href":"https:\/\/imagazine.it\/home_desk\/wp-json\/wp\/v2\/posts\/29283","targetHints":{"allow":["GET"]}}],"collection":[{"href":"https:\/\/imagazine.it\/home_desk\/wp-json\/wp\/v2\/posts"}],"about":[{"href":"https:\/\/imagazine.it\/home_desk\/wp-json\/wp\/v2\/types\/post"}],"author":[{"embeddable":true,"href":"https:\/\/imagazine.it\/home_desk\/wp-json\/wp\/v2\/users\/28"}],"replies":[{"embeddable":true,"href":"https:\/\/imagazine.it\/home_desk\/wp-json\/wp\/v2\/comments?post=29283"}],"version-history":[{"count":0,"href":"https:\/\/imagazine.it\/home_desk\/wp-json\/wp\/v2\/posts\/29283\/revisions"}],"wp:featuredmedia":[{"embeddable":true,"href":"https:\/\/imagazine.it\/home_desk\/wp-json\/wp\/v2\/media\/29284"}],"wp:attachment":[{"href":"https:\/\/imagazine.it\/home_desk\/wp-json\/wp\/v2\/media?parent=29283"}],"wp:term":[{"taxonomy":"category","embeddable":true,"href":"https:\/\/imagazine.it\/home_desk\/wp-json\/wp\/v2\/categories?post=29283"},{"taxonomy":"post_tag","embeddable":true,"href":"https:\/\/imagazine.it\/home_desk\/wp-json\/wp\/v2\/tags?post=29283"}],"curies":[{"name":"wp","href":"https:\/\/api.w.org\/{rel}","templated":true}]}}