{"id":29269,"date":"2019-04-10T00:00:00","date_gmt":"2019-04-09T23:00:00","guid":{"rendered":"https:\/\/imagazine.it\/?p=29269"},"modified":"2019-04-10T00:00:00","modified_gmt":"2019-04-09T23:00:00","slug":"cividale-nuove-borse-lavoro-per-i-giovani-2","status":"publish","type":"post","link":"https:\/\/imagazine.it\/home_desk\/cividale-nuove-borse-lavoro-per-i-giovani-2\/","title":{"rendered":"Cividale, nuove borse lavoro per i giovani"},"content":{"rendered":"<p>Il Comune di Cividale del Friuli anche quest\u2019anno ha approvato il progetto che prevede le Borse lavoro per giovani di et\u00e0 compresa tra i 16 e i 29 anni residenti a Cividale e privi di occupazione.<\/p>\n<p><em>\u201cDopo l\u2019ottimo risultato ottenuto nell\u2019anno 2018 con 56 borse lavoro erogate \u2013 <\/em>afferma <strong>l\u2019assessore alle<\/strong> <strong>Politiche Giovanili, Giuseppe Ruolo<\/strong> <em>\u2013 ci auspichiamo di proseguire e incrementare i risultati conseguiti e di offrire sempre pi\u00f9 opportunit\u00e0 ai nostri giovani\u201d.<\/em><\/p>\n<p>Le attivit\u00e0 che i candidati selezionati potranno svolgere comprenderanno svariati ambiti: animazione all\u2019interno del Centro Vacanze estivo, il supporto alle attivit\u00e0 della Biblioteca civica, l\u2019apertura al pubblico di mostre, la collaborazione con la Fondazione De Claricini per quanto concerne le attivit\u00e0 di valorizzazione dell\u2019omonima Villa; infine varie attivit\u00e0 di sostegno ad alcuni uffici comunali operanti nei settori cultura, turismo, stato civile e amministrazione.<\/p>\n<p>Oltre alle iniziative promosse all\u2019interno dell\u2019ambito comunale, i ragazzi avranno la possibilit\u00e0 di confrontarsi con due realt\u00e0 esterne del territorio, quali la Casa per Anziani di Cividale e la Distilleria Domenis.<\/p>\n<p><em>\u201cConfermata l\u2019esperienza positiva con la Distilleria Domenis, l\u2019importante novit\u00e0 di quest\u2019anno sar\u00e0 la collaborazione con la Fondazione De Claricini \u2013 <\/em>sottolinea <strong>Ruolo<\/strong><em> \u2013 che ospiter\u00e0 tre borse lavoro; ringrazio il Presidente della Fondazione Oldino Cernoia per questa opportunit\u00e0 che permetter\u00e0 ai giovani di approcciarsi ad una realt\u00e0 culturale a loro non molto nota\u201d. <\/em><\/p>\n<p>Le domande andranno presentate entro il 29 aprile all\u2019Ufficio Politiche Giovanili del Comune, i moduli sono scaricabili dal sito del Comune <u><a href=\"http:\/\/www.cividale.net\/\" target=\"_blank\" rel=\"noopener\">www.cividale.net<\/a><\/u>.<\/p>\n","protected":false},"excerpt":{"rendered":"<p>Domande entro il 29 aprile<\/p>\n","protected":false},"author":28,"featured_media":29270,"comment_status":"closed","ping_status":"closed","sticky":false,"template":"","format":"standard","meta":{"dwc-title":[],"dwc-content":[],"footnotes":""},"categories":[5],"tags":[],"class_list":["post-29269","post","type-post","status-publish","format-standard","has-post-thumbnail","hentry","category-attualita"],"rttpg_featured_image_url":{"full":["https:\/\/imagazine.it\/wp-content\/uploads\/2024\/01\/29201-1.webp",750,500,false],"landscape":["https:\/\/imagazine.it\/wp-content\/uploads\/2024\/01\/29201-1.webp",750,500,false],"portraits":["https:\/\/imagazine.it\/wp-content\/uploads\/2024\/01\/29201-1.webp",750,500,false],"thumbnail":["https:\/\/imagazine.it\/wp-content\/uploads\/2024\/01\/29201-1-150x150.webp",150,150,true],"medium":["https:\/\/imagazine.it\/wp-content\/uploads\/2024\/01\/29201-1-300x200.webp",300,200,true],"large":["https:\/\/imagazine.it\/wp-content\/uploads\/2024\/01\/29201-1.webp",640,427,false],"thumblist":["https:\/\/imagazine.it\/wp-content\/uploads\/2024\/01\/29201-1.webp",300,200,false],"thumbrelated":["https:\/\/imagazine.it\/wp-content\/uploads\/2024\/01\/29201-1.webp",500,333,false],"meccarouselthumb":["https:\/\/imagazine.it\/wp-content\/uploads\/2024\/01\/29201-1.webp",474,316,false],"gridsquare":["https:\/\/imagazine.it\/wp-content\/uploads\/2024\/01\/29201-1.webp",391,260,false],"tileview":["https:\/\/imagazine.it\/wp-content\/uploads\/2024\/01\/29201-1.webp",300,200,false],"1536x1536":["https:\/\/imagazine.it\/wp-content\/uploads\/2024\/01\/29201-1.webp",750,500,false],"2048x2048":["https:\/\/imagazine.it\/wp-content\/uploads\/2024\/01\/29201-1.webp",750,500,false],"newsup-slider-full":["https:\/\/imagazine.it\/wp-content\/uploads\/2024\/01\/29201-1.webp",750,500,false],"newsup-featured":["https:\/\/imagazine.it\/wp-content\/uploads\/2024\/01\/29201-1.webp",750,500,false],"newsup-medium":["https:\/\/imagazine.it\/wp-content\/uploads\/2024\/01\/29201-1-720x380.webp",720,380,true],"tptn_thumbnail":["https:\/\/imagazine.it\/wp-content\/uploads\/2024\/01\/29201-1.webp",250,167,false],"sow-carousel-default":["https:\/\/imagazine.it\/wp-content\/uploads\/2024\/01\/29201-1-272x182.webp",272,182,true]},"rttpg_author":{"display_name":"redazione","author_link":"https:\/\/imagazine.it\/home_desk\/author\/redazione\/"},"rttpg_comment":0,"rttpg_category":"<a href=\"https:\/\/imagazine.it\/home_desk\/category\/attualita\/\" rel=\"category tag\">ATTUALIT\u00c0<\/a>","rttpg_excerpt":"Domande entro il 29 aprile","_links":{"self":[{"href":"https:\/\/imagazine.it\/home_desk\/wp-json\/wp\/v2\/posts\/29269","targetHints":{"allow":["GET"]}}],"collection":[{"href":"https:\/\/imagazine.it\/home_desk\/wp-json\/wp\/v2\/posts"}],"about":[{"href":"https:\/\/imagazine.it\/home_desk\/wp-json\/wp\/v2\/types\/post"}],"author":[{"embeddable":true,"href":"https:\/\/imagazine.it\/home_desk\/wp-json\/wp\/v2\/users\/28"}],"replies":[{"embeddable":true,"href":"https:\/\/imagazine.it\/home_desk\/wp-json\/wp\/v2\/comments?post=29269"}],"version-history":[{"count":0,"href":"https:\/\/imagazine.it\/home_desk\/wp-json\/wp\/v2\/posts\/29269\/revisions"}],"wp:featuredmedia":[{"embeddable":true,"href":"https:\/\/imagazine.it\/home_desk\/wp-json\/wp\/v2\/media\/29270"}],"wp:attachment":[{"href":"https:\/\/imagazine.it\/home_desk\/wp-json\/wp\/v2\/media?parent=29269"}],"wp:term":[{"taxonomy":"category","embeddable":true,"href":"https:\/\/imagazine.it\/home_desk\/wp-json\/wp\/v2\/categories?post=29269"},{"taxonomy":"post_tag","embeddable":true,"href":"https:\/\/imagazine.it\/home_desk\/wp-json\/wp\/v2\/tags?post=29269"}],"curies":[{"name":"wp","href":"https:\/\/api.w.org\/{rel}","templated":true}]}}