{"id":29265,"date":"2019-04-10T00:00:00","date_gmt":"2019-04-09T23:00:00","guid":{"rendered":"https:\/\/imagazine.it\/?p=29265"},"modified":"2019-04-10T00:00:00","modified_gmt":"2019-04-09T23:00:00","slug":"i-giornalisti-italiani-alla-scoperta-del-fvg","status":"publish","type":"post","link":"https:\/\/imagazine.it\/home_desk\/i-giornalisti-italiani-alla-scoperta-del-fvg\/","title":{"rendered":"I giornalisti italiani alla scoperta del FVG"},"content":{"rendered":"<p>Un evento turistico che ha coinvolto l\u2019intero territorio, un\u2019occasione per presentare i punti di forza del Friuli Venezia Giulia. Il Palmanova Outlet Village ha organizzato il <strong>Press Tour \u201cViaggio in Italia \u2013 The Palmanova Chapter\u201d <\/strong>cui hanno preso parte <strong>sedici giornalisti e blogger in rappresentanza di alcune tra le pi\u00f9 importanti testate nazionali di moda, lifestyle e turismo<\/strong>.<\/p>\n<p>Il Palmanova Outlet Village si conferma espressione di un\u2019identit\u00e0 forte e glocal, da cui partire alla scoperta delle eccellenze storiche, paesaggistiche ed enogastromoniche. Il Press Tour ha permesso ai giornalisti di conoscere alcune tra le pi\u00f9 significative realt\u00e0 della nostra regione e di visitare i gioielli Unesco di Palmanova e Aquileia. \u00c8 stata anche un\u2019occasione per scoprire, attraverso un vero e proprio viaggio tra i sapori del territorio, le specialit\u00e0 enogastronimiche del Friuli Venezia Giulia.<\/p>\n<p>I giornalisti sono arrivati in regione venerd\u00ec 5 aprile. Ad accoglierli, a Ronchi dei Legionari, alla fermata Trieste Airport, c\u2019era la marketing manger del Palmanova Outelt Village, <strong>Giada Marangone<\/strong>, che ha curato l\u2019intero progetto. La comitiva \u00e8 stata trasferita con Hoptour, un nuovo servizio di trasporto turistico svolto in collaborazione tra Yestour e Trieste Trasporti, direttamente al Village. Dopo l\u2019aperitivo e il pranzo alla prosciutteria \u201cDall\u2019Ava\u201d, con specialit\u00e0 a base di prodotti tipici, tra cui il prosciutto di San Daniele, principe indiscusso della tavola friulana, i giornalisti hanno preso parte a una presentazione organizzata nella Meeting Room del Palmanova Outlet.<\/p>\n<p>\u00c8 stato <strong>Bruno Bertero, direttore marketing di PromoTurismoFvg<\/strong>, ad aprire i lavori e a presentare, dati alla mano, la regione. Bertero ha illustrato, in sintesi, i dati relativi al turismo del Fvg. A seguire, il <strong>direttore commerciale di Trieste Airport, Vincenzo Zangrilli, e la responsabile marketing, Isabella Miatto, <\/strong>hanno parlato dei nuovi collegamenti aerei a cura di Trieste Airport mentre <strong>Giampiero Campajola<\/strong>, <strong>ceo di Yestour<\/strong>, operatore incoming, che, in collaborazione con Trieste Trasporti, ha creato la rete di impresa Muovi Trieste, ha illustrato il servizio HopTour, che, partendo da Trieste, propone tour settimanali alla scoperta delle eccellenze del territorio, dai siti Unesco fino a Lubiana.<\/p>\n<p>\u00c8 stata, invece, la <strong>marketing manager, Giada Marangone<\/strong>, a presentare il Palmanova Outlet Village. Inaugurato nel 2008, con una superficie di 22 mila metri quadrati e oltre 90 negozi di marca, l\u2019Outlet Village richiama circa 2,3 milioni di visitatori l\u2019anno. \u00abUn\u2019ampia percentuale \u2013 ha precisato Marangone \u2013 proviene da oltre confine (44%) visto il posizionamento geografico strategico a ridosso di Austria (oltre il 10%), Slovenia (circa il 23%) e Croazia (quasi il 25% del totale degli stranieri)\u00bb.<\/p>\n<p>La marketing manager ha evidenziato che, nel 2018, sono stati oltre 900 i pullman organizzati che hanno raggiunto l\u2019outlet e di questi il 93,35% proveniva da Paesi stranieri. Oltre 100 le partnership siglate, in tre anni, con operatori turistici nazionali e internazionali di rilievo. Dopo due ore di shopping al Village, i giornalisti sono stati portati a Palmanova, all\u2019Hotel Ai Dogi, nel centro della citt\u00e0 stellata. In serata, ad accogliere la stampa, in Piazza Grande, uno spettacolo d\u2019eccezione messo in scena dagli Sbandieratori palmarini e dal Gruppo storico \u201cCitt\u00e0 di Palmanova\u201d, che hanno accompagnato i giornalisti fino alla sede del municipio, dove, nel Salone d\u2019Onore, \u00e8 stata organizzata la <strong>cena di gala \u201cUn viaggio unico tra Gusti e Storia\u201d.<\/strong><\/p>\n<p><a href=\"http:\/\/imagazinevideotruck.it\/outlet\/relink.html\" target=\"_top\" rel=\"noopener\"><img loading=\"lazy\" decoding=\"async\" align=\"LEFT\" height=\"250\" src=\"http:\/\/imagazinevideotruck.it\/outlet\/outlet30.gif\" width=\"300\" alt=\"\" title=\"\"><\/a><\/p>\n<p>\u00a0<\/p>\n<p>\u00a0<\/p>\n<p>\u00a0<\/p>\n<p>\u00a0<\/p>\n<p>\u00a0<\/p>\n<p>\u00a0<\/p>\n<p>\u00a0<\/p>\n<p>\u00a0<\/p>\n<p>\u00a0<\/p>\n<p>In questo caso, a fare gli onori di casa c\u2019erano il <strong>presidente del Consiglio regionale, Piero Mauro Zanin, l\u2019assessore regionale alle attivit\u00e0 produttive e turismo, Sergio Emidio Bini, il direttore generale di PromoTurismoFvg, Lucio Gomiero, \u00a0il sindaco di Palmanova, Francesco Martines, e il direttore del Palmanova Outlet Village Domenico Casagrande.<\/strong><\/p>\n<p>L\u2019assessore regionale Bini ha sottolineato l\u2019importanza di poter contare su \u00abimprenditori che si adoperano per far conoscere le bellezze della nostra regione\u00bb e ha precisato che \u00abil turismo \u00e8 un asset fondamentale per la crescita economica dei prossimi anni\u00bb.<\/p>\n<p>Presenti alla cena di Gala anche i sindaci di Cervignano,<strong> Gianluigi Savino<\/strong>, di Aquileia, <strong>Gabriele Spanghero<\/strong>, di Ruda,<strong> Franco Lenarduzzi<\/strong>, di Visco,<strong> Elena Cecotti<\/strong>, accompagnata dall\u2019assessore<strong> Mauro Ongaro<\/strong>, di Bagnaria Arsa, <strong>Cristiano Tiussi<\/strong>, presente anche in veste di direttore della Fondazione Aquileia, accompagnato dalla vicesindaca<strong> Elisa Pizzamiglio<\/strong>, la vicesindaca di Cividale del Friuli, <strong>Daniela Bernardi<\/strong>, e la vicesindaca di Palmanova<strong> Adriana Danielis<\/strong>. L\u2019atmosfera elegante \u00e8 stata impreziosita dalle musiciste <strong>Annamaria Viciguerra, Sonia Cristante<\/strong> e <strong>Masuda Mariko<\/strong> dell\u2019Accademia Musicale \u201cCitt\u00e0 di Palmanova\u201d.<\/p>\n<p>A deliziare il palato degli ospiti un men\u00f9 a base di prelibatezze del territorio preparato dallo chef del ristorante La Campana d\u2019Oro di Palmanova. La mattina di sabato \u00e8 stata dedicata alla visita della citt\u00e0 stellata. I giornalisti, accompagnati da <strong>Gabriella Del Frate<\/strong>, direttrice del museo civico della citt\u00e0 stellata e funzionario del servizio beni e attivit\u00e0 culturali, e dalla vicesindaca, Adriana Danielis, dal direttore del Palamanova Outlet Village, Domenico Casagrande, e dalla marketing manager, Giada Marangone, hanno visitato la citt\u00e0 fortezza, patrimonio Unesco, in particolare Piazza Grande, il Duomo e il Parco storico dei Bastioni, la cinta bastionata che circonda Palmanova con le sue gallerie. Particolarmente apprezzato anche il pranzo al ristorante Al Convento, dove \u00e8 stato proiettato un video di presentazione di Palmanova e della sua Rievocazione Storica, evento ormai noto al di fuori dei confini regionali. Anche in questo caso i vini e i sapori del territorio sono stati i protagonisti indiscussi della tavola.<\/p>\n<p>Nel pomeriggio, visita ad Aquileia, sito Unesco dal 1998, che quest\u2019anno celebra i 2200 anni dalla fondazione, nel 181 a.C.. I giornalisti sono stati accolti, in piazza Capitolo, dal sindaco, da una guida turistica e dalla responsabile della comunicazione della Fondazione Aquileia, <strong>Erica Zanon<\/strong>. La visita guidata \u00e8 iniziata dalla splendida Basilica patriarcale, con il mosaico pavimentale paleocristiano pi\u00f9 esteso dell\u2019Occidente (quasi 800 metri quadrati), senza tralasciare le cripte, il Battistero e la SudHalle. La comitiva si \u00e8 poi immersa nel ventre della citt\u00e0 romana, all\u2019interno della Domus e del Palazzo Episcopale, che conserva i resti dei mosaici e degli affreschi del I, del IV e del V secolo.<\/p>\n<p>A seguire, transfer verso Trieste Airport e rientro a casa. Ad accompagnare la comitiva, durante la due giorni, anche il personale di PromoTurismoFvg. \u00abSiamo molto soddisfatti \u2013 commenta la marketing manager, Giada Marangone \u2013 di aver ospitato un\u2019iniziativa che ha un\u2019innegabile valenza turistica. Il nostro Village si trova a pochi chilometri da tre perle Unesco: Palmanova, Aquileia e Cividale. Promuovere questi gioielli e contribuire all\u2019incremento dei flussi turistici da e verso queste destinazioni \u00e8 per noi d\u2019importanza fondamentale. Le attivit\u00e0 messe in campo con alcuni tra i principali player turistici del territorio sono la conferma che le sinergie con le eccellenze della regione mirano a migliorare ed estendere l\u2019offerta turistica e culturale regionale\u00bb. Il direttore, Domenico Casagrande, ha precisato che \u00abl\u2019obiettivo della Land of Fashion \u00e8 trasformare gli outlet da semplici luoghi per lo shopping a vere e proprie destinazioni dove scoprire l\u2019immenso patrimonio storico, paesaggistico ed enogastronomico regionale. Ci stiamo muovendo \u2013 ha detto Casagrande &#8211; proprio al fine di potenziare i flussi turistici verso la nostra destinazione di shopping e sul territorio di tutto il Friuli Venezia Giulia\u00bb. Soddisfatto il sindaco di Palmanova. \u00abNei volti e nelle parole di questi giornalisti nazionali e internazionali \u2013 le parole del primo cittadino \u2013 abbiamo letto lo stupore e l\u2019interesse per la nostra citt\u00e0, unica al mondo. Presentare Palmanova a un pubblico sempre pi\u00f9 ampio rientra tra i nostri obiettivi. A questa meraviglia dell\u2019architettura militare veneziana e napoleonica \u00e8 giusto dare la grande visibilit\u00e0 che merita, facendola conoscere e creando quell\u2019interesse funzionale al grande sviluppo turistico che gi\u00e0 stiamo osservando. Di questa due giorni dobbiamo ringraziare il Palmanova Outlet Village, che rappresenta per la citt\u00e0 un partner con cui collaborare attivamente e fattivamente. Un lavoro in sinergia, che riesce a creare positive ricadute su tutto il nostro territorio\u00bb.<\/p>\n<p>La Fondazione Aquileia, per bocca del direttore, Cristiano Tiussi, ringrazia il Village per l\u2019importante sinergia. \u00abMi complimento per l\u2019iniziativa \u2013 il suo commento \u2013, che ha saputo unire eccellenze culturali, enogastronomiche e imprenditoriali del nostro territorio\u00bb.<\/p>\n","protected":false},"excerpt":{"rendered":"<p>Press tour del Palmanova Outlet Village<\/p>\n","protected":false},"author":28,"featured_media":29266,"comment_status":"closed","ping_status":"closed","sticky":false,"template":"","format":"standard","meta":{"dwc-title":[],"dwc-content":[],"footnotes":""},"categories":[8],"tags":[],"class_list":["post-29265","post","type-post","status-publish","format-standard","has-post-thumbnail","hentry","category-turismo"],"rttpg_featured_image_url":{"full":["https:\/\/imagazine.it\/wp-content\/uploads\/2024\/01\/29194-1.webp",750,531,false],"landscape":["https:\/\/imagazine.it\/wp-content\/uploads\/2024\/01\/29194-1.webp",750,531,false],"portraits":["https:\/\/imagazine.it\/wp-content\/uploads\/2024\/01\/29194-1.webp",750,531,false],"thumbnail":["https:\/\/imagazine.it\/wp-content\/uploads\/2024\/01\/29194-1-150x150.webp",150,150,true],"medium":["https:\/\/imagazine.it\/wp-content\/uploads\/2024\/01\/29194-1-300x212.webp",300,212,true],"large":["https:\/\/imagazine.it\/wp-content\/uploads\/2024\/01\/29194-1.webp",640,453,false],"thumblist":["https:\/\/imagazine.it\/wp-content\/uploads\/2024\/01\/29194-1.webp",300,212,false],"thumbrelated":["https:\/\/imagazine.it\/wp-content\/uploads\/2024\/01\/29194-1.webp",500,354,false],"meccarouselthumb":["https:\/\/imagazine.it\/wp-content\/uploads\/2024\/01\/29194-1.webp",458,324,false],"gridsquare":["https:\/\/imagazine.it\/wp-content\/uploads\/2024\/01\/29194-1.webp",367,260,false],"tileview":["https:\/\/imagazine.it\/wp-content\/uploads\/2024\/01\/29194-1.webp",300,212,false],"1536x1536":["https:\/\/imagazine.it\/wp-content\/uploads\/2024\/01\/29194-1.webp",750,531,false],"2048x2048":["https:\/\/imagazine.it\/wp-content\/uploads\/2024\/01\/29194-1.webp",750,531,false],"newsup-slider-full":["https:\/\/imagazine.it\/wp-content\/uploads\/2024\/01\/29194-1.webp",750,531,false],"newsup-featured":["https:\/\/imagazine.it\/wp-content\/uploads\/2024\/01\/29194-1.webp",750,531,false],"newsup-medium":["https:\/\/imagazine.it\/wp-content\/uploads\/2024\/01\/29194-1-720x380.webp",720,380,true],"tptn_thumbnail":["https:\/\/imagazine.it\/wp-content\/uploads\/2024\/01\/29194-1.webp",250,177,false],"sow-carousel-default":["https:\/\/imagazine.it\/wp-content\/uploads\/2024\/01\/29194-1-272x182.webp",272,182,true]},"rttpg_author":{"display_name":"redazione","author_link":"https:\/\/imagazine.it\/home_desk\/author\/redazione\/"},"rttpg_comment":0,"rttpg_category":"<a href=\"https:\/\/imagazine.it\/home_desk\/category\/turismo\/\" rel=\"category tag\">TURISMO<\/a>","rttpg_excerpt":"Press tour del Palmanova Outlet Village","_links":{"self":[{"href":"https:\/\/imagazine.it\/home_desk\/wp-json\/wp\/v2\/posts\/29265","targetHints":{"allow":["GET"]}}],"collection":[{"href":"https:\/\/imagazine.it\/home_desk\/wp-json\/wp\/v2\/posts"}],"about":[{"href":"https:\/\/imagazine.it\/home_desk\/wp-json\/wp\/v2\/types\/post"}],"author":[{"embeddable":true,"href":"https:\/\/imagazine.it\/home_desk\/wp-json\/wp\/v2\/users\/28"}],"replies":[{"embeddable":true,"href":"https:\/\/imagazine.it\/home_desk\/wp-json\/wp\/v2\/comments?post=29265"}],"version-history":[{"count":0,"href":"https:\/\/imagazine.it\/home_desk\/wp-json\/wp\/v2\/posts\/29265\/revisions"}],"wp:featuredmedia":[{"embeddable":true,"href":"https:\/\/imagazine.it\/home_desk\/wp-json\/wp\/v2\/media\/29266"}],"wp:attachment":[{"href":"https:\/\/imagazine.it\/home_desk\/wp-json\/wp\/v2\/media?parent=29265"}],"wp:term":[{"taxonomy":"category","embeddable":true,"href":"https:\/\/imagazine.it\/home_desk\/wp-json\/wp\/v2\/categories?post=29265"},{"taxonomy":"post_tag","embeddable":true,"href":"https:\/\/imagazine.it\/home_desk\/wp-json\/wp\/v2\/tags?post=29265"}],"curies":[{"name":"wp","href":"https:\/\/api.w.org\/{rel}","templated":true}]}}