{"id":29207,"date":"2019-04-03T00:00:00","date_gmt":"2019-04-02T23:00:00","guid":{"rendered":"https:\/\/imagazine.it\/?p=29207"},"modified":"2019-04-03T00:00:00","modified_gmt":"2019-04-02T23:00:00","slug":"i-signori-del-jazz-in-concerto-a-grado","status":"publish","type":"post","link":"https:\/\/imagazine.it\/home_desk\/i-signori-del-jazz-in-concerto-a-grado\/","title":{"rendered":"I signori del jazz in concerto a Grado"},"content":{"rendered":"<p>Presentato oggi il programma del\u00a0Festival Internazionale GradoJazz by Udin&#038;Jazz, organizzato da Euritmica con il sostegno della Regione Friuli Venezia Giulia e del Comune di Grado, in collaborazione con i comuni di Cervignano del Friuli, Marano Lagunare, Palmanova e Tricesimo. Il festival si svolger\u00e0\u00a0<strong>a cavallo tra i mesi di giugno e luglio<\/strong>\u00a0in diverse localit\u00e0 della regione per approdare a Grado, che da quest\u2019anno ospita il clou della storica manifestazione.<\/p>\n<p>Si parte il 25 giugno\u00a0in Piazza Garibaldi a Tricesimo con l\u2019esibizione del <strong>NuVoices<\/strong> Project; il 26 sar\u00e0 Cervignano ad accogliere i <strong>Pipe Dream<\/strong>, una band internazionale con\u00a0<strong>quattro delle personalit\u00e0 pi\u00f9 interessanti nella nuova scena creativa italiana<\/strong>\u00a0e con il violoncellista americano <strong>Hank Roberts<\/strong>; il 27, il Castello di Rubbia a\u00a0<strong>Savogna d\u2019Isonzo\u00a0<\/strong>ospiter\u00e0 un \u201cpiano solo\u201d di <strong>Claudio Cojaniz<\/strong>; nel weekend del 28, 29 e 30 giugno ritorna per il secondo anno a Marano Lagunare la rassegna <strong>Borghi Swing by Udin&#038;Jazz<\/strong>, con un programma costruito ad hoc per valorizzare le migliori espressioni del panorama jazzistico del FVG, in una proposta di turismo esperienziale per conoscere il luogo, l\u2019ambiente che lo circonda, la sua storia, i suoi riti, la cultura e l\u2019enogastronomia.\u00a0<\/p>\n<p><strong>Dal 3 luglio il festival si trasferisce a Grado<\/strong>, con una mostra di sassofoni d\u2019epoca curata da <strong>Mauro Fain<\/strong> e proiezioni di filmati di concerti jazz storici; il 6 luglio, in occasione del \u201cSabo Grando\u201d, la fanfara jazz <strong>Bandakadabra<\/strong> allieter\u00e0 con la sua musica le vie del centro; il 7 luglio,\u00a0<strong>GradoJazz entra nel vivo<\/strong>\u00a0con la formula dei due concerti su due diversi palcoscenici (alle 20 e alle 21.30), nel Jazz Village del Parco delle Rose, con annessa \u201cstreet food experience\u201d con degustazioni di prodotti dell\u2019enogastronomia del FVG.<\/p>\n<p>Le cinque serate saranno precedute, alle ore 18, da i<strong>ncontri con artisti, giornalisti, scrittori che animeranno i Jazz Forum\u00a0<\/strong>nella struttura del Velarium, accanto all\u2019ingresso principale della spiaggia.\u00a0Le notti gradesi si allungheranno al Jazz Club presso il lounge bar Antiche Terme:\u00a0<strong>dal 7 all\u201911 luglio, sulla spiaggia principale<\/strong>, verso mezzanotte, smooth night music dal vivo, sorseggiando un drink sotto la luna a due passi dal mare.<\/p>\n<p>La prima serata gradese del festival,\u00a0<strong>il 7 luglio (ore 20)<\/strong>, sar\u00e0 caratterizzata da atmosfere argentine con il <strong>Quinteto Porte\u00f1o<\/strong>, un tributo alla musica di Astor Piazzolla; alle 21.30, la performance di uno tra i musicisti pi\u00f9 noti d\u2019Italia:\u00a0<strong>il trombettista Paolo Fresu<\/strong>, con il suo nuovo progetto discografico \u201cTempo di Chet\u201d, in trio con <strong>Dino Rubino<\/strong> e <strong>Marco Bardoscia<\/strong>.\u00a0L\u2019<strong>8 luglio<\/strong>, nel primo dei due concerti in programma, laperformance del trio del pianista <strong>Amaro Freitas<\/strong>, uno dei nuovi talenti del jazz contemporaneo brasiliano. A seguire, alle 21.30,\u00a0<strong>una grande festa musicale con la North East Ska* Jazz Orchestra<\/strong>, formazione di 20 elementi cresciuta in casa nostra.\u00a0<\/p>\n<p><a href=\"http:\/\/imagazinevideotruck.it\/outlet\/relink.html\" target=\"_top\" rel=\"noopener\"><img loading=\"lazy\" decoding=\"async\" align=\"LEFT\" height=\"250\" src=\"http:\/\/imagazinevideotruck.it\/outlet\/outlet30.gif\" width=\"300\" alt=\"\" title=\"\"><\/a><\/p>\n<p>\u00a0<\/p>\n<p>\u00a0<\/p>\n<p>\u00a0<\/p>\n<p>\u00a0<\/p>\n<p>\u00a0<\/p>\n<p>\u00a0<\/p>\n<p>\u00a0<\/p>\n<p>\u00a0<\/p>\n<p>\u00a0<\/p>\n<p><strong>Il 9 luglio<\/strong>, a pi\u00f9 di dieci anni dal disco \u201cLicca-Lecca\u201d, premiato dal pubblico con oltre 10.000 copie vendute, i <strong>Licaones<\/strong> ripropongono a Grado (ore 20) il loro progetto musicale. Alle 21.30, sale sul palco del Parco delle Rose una delle stelle del jazz mondiale:<strong>\u00a0il pianista Gonzalo Rubalcaba<\/strong>, a Grado in trio con <strong>Armando Gola<\/strong> al basso e <strong>Ludwig Afonso<\/strong> alla batteria.\u00a0Il\u00a0<strong>10 luglio<\/strong>, serata dedicata al blues. S\u2019inizia con la <strong>Jimi Barbiani Band<\/strong>, nuovo progetto di uno dei migliori chitarristi blues rock slide d&#39;Europa. Si prosegue, alle 21.30, con il bluesman californiano <strong>Robben Ford<\/strong>, che fond\u00f2 i Yellowjackets.\u00a0<strong>La serata finale del festival, gioved\u00ec 11 luglio<\/strong>, sar\u00e0 aperta da\u00a0<strong>Maistah Aphrica<\/strong>, progetto che porta i suoni dell&#39;Africa rivisitati dai migliori protagonisti del panorama jazz made in Fvg. Il concerto-evento degli<strong>\u00a0Snarky Puppy<\/strong>, collettivo con base a New York e con circa 25 membri in rotazione, fondato dal bassista Michael League, chiuder\u00e0 l\u2019edizione 2019 di GradoJazz by Udin&#038;Jazz.\u00a0<\/p>\n<p>Durante il festival ci sar\u00e0 l\u2019opportunit\u00e0 di apprezzare la laguna di Grado attraverso<strong>\u00a0escursioni in battello con musica a bordo<\/strong>, aperitivi in musica e degustazioni di prodotti della enogastronomia del territorio, grazie anche alla collaborazione con l\u2019ISIS Pertini di Grado, la societ\u00e0 Lotus Flowers e l\u2019Associazione Sapori United,\u00a0nel contesto del Parco delle Rose (villaggio del jazz in cui si terranno gli eventi principali). \u00a0<\/p>\n<p>&#8220;Per Grado \u2013 ha affermato il vicesindaco <strong>Matteo Polo<\/strong> \u2013 \u00e8 un onore ospitare un Festival Jazz di ottimo livello, tanto pi\u00f9 se promosso da un&#39;organizzazione con esperienza decennale che porta con s\u00e9 un contributo importante e degli sponsor consolidati&#8221;.<\/p>\n<p>&#8220;Dopo trent\u2019anni \u2013ha sottolineato il Direttore Artistico <strong>Giancarlo Velliscig<\/strong> \u2013 Euritmica riporta il grande jazz a Grado, in una localit\u00e0 che sapr\u00e0 apprezzare il progetto e la valenza di una manifestazione che porta sempre con s\u00e9 una visione aperta della musica come linguaggio capace di far dialogare tra loro i popoli pi\u00f9 diversi&#8221;.\u00a0<\/p>\n","protected":false},"excerpt":{"rendered":"<p>Presentato GradoJazz by Udin&#038;Jazz<\/p>\n","protected":false},"author":28,"featured_media":29208,"comment_status":"closed","ping_status":"closed","sticky":false,"template":"","format":"standard","meta":{"dwc-title":[],"dwc-content":[],"footnotes":""},"categories":[37],"tags":[],"class_list":["post-29207","post","type-post","status-publish","format-standard","has-post-thumbnail","hentry","category-cultura-e-spettacolo"],"rttpg_featured_image_url":{"full":["https:\/\/imagazine.it\/wp-content\/uploads\/2024\/01\/29109-1.webp",750,569,false],"landscape":["https:\/\/imagazine.it\/wp-content\/uploads\/2024\/01\/29109-1.webp",750,569,false],"portraits":["https:\/\/imagazine.it\/wp-content\/uploads\/2024\/01\/29109-1.webp",750,569,false],"thumbnail":["https:\/\/imagazine.it\/wp-content\/uploads\/2024\/01\/29109-1-150x150.webp",150,150,true],"medium":["https:\/\/imagazine.it\/wp-content\/uploads\/2024\/01\/29109-1-300x228.webp",300,228,true],"large":["https:\/\/imagazine.it\/wp-content\/uploads\/2024\/01\/29109-1.webp",640,486,false],"thumblist":["https:\/\/imagazine.it\/wp-content\/uploads\/2024\/01\/29109-1.webp",300,228,false],"thumbrelated":["https:\/\/imagazine.it\/wp-content\/uploads\/2024\/01\/29109-1.webp",500,379,false],"meccarouselthumb":["https:\/\/imagazine.it\/wp-content\/uploads\/2024\/01\/29109-1.webp",427,324,false],"gridsquare":["https:\/\/imagazine.it\/wp-content\/uploads\/2024\/01\/29109-1.webp",343,260,false],"tileview":["https:\/\/imagazine.it\/wp-content\/uploads\/2024\/01\/29109-1.webp",300,228,false],"1536x1536":["https:\/\/imagazine.it\/wp-content\/uploads\/2024\/01\/29109-1.webp",750,569,false],"2048x2048":["https:\/\/imagazine.it\/wp-content\/uploads\/2024\/01\/29109-1.webp",750,569,false],"newsup-slider-full":["https:\/\/imagazine.it\/wp-content\/uploads\/2024\/01\/29109-1.webp",750,569,false],"newsup-featured":["https:\/\/imagazine.it\/wp-content\/uploads\/2024\/01\/29109-1.webp",750,569,false],"newsup-medium":["https:\/\/imagazine.it\/wp-content\/uploads\/2024\/01\/29109-1-720x380.webp",720,380,true],"tptn_thumbnail":["https:\/\/imagazine.it\/wp-content\/uploads\/2024\/01\/29109-1.webp",250,190,false],"sow-carousel-default":["https:\/\/imagazine.it\/wp-content\/uploads\/2024\/01\/29109-1-272x182.webp",272,182,true]},"rttpg_author":{"display_name":"redazione","author_link":"https:\/\/imagazine.it\/home_desk\/author\/redazione\/"},"rttpg_comment":0,"rttpg_category":"<a href=\"https:\/\/imagazine.it\/home_desk\/category\/cultura-e-spettacolo\/\" rel=\"category tag\">CULTURA&amp;SPETTACOLO<\/a>","rttpg_excerpt":"Presentato GradoJazz by Udin&Jazz","_links":{"self":[{"href":"https:\/\/imagazine.it\/home_desk\/wp-json\/wp\/v2\/posts\/29207","targetHints":{"allow":["GET"]}}],"collection":[{"href":"https:\/\/imagazine.it\/home_desk\/wp-json\/wp\/v2\/posts"}],"about":[{"href":"https:\/\/imagazine.it\/home_desk\/wp-json\/wp\/v2\/types\/post"}],"author":[{"embeddable":true,"href":"https:\/\/imagazine.it\/home_desk\/wp-json\/wp\/v2\/users\/28"}],"replies":[{"embeddable":true,"href":"https:\/\/imagazine.it\/home_desk\/wp-json\/wp\/v2\/comments?post=29207"}],"version-history":[{"count":0,"href":"https:\/\/imagazine.it\/home_desk\/wp-json\/wp\/v2\/posts\/29207\/revisions"}],"wp:featuredmedia":[{"embeddable":true,"href":"https:\/\/imagazine.it\/home_desk\/wp-json\/wp\/v2\/media\/29208"}],"wp:attachment":[{"href":"https:\/\/imagazine.it\/home_desk\/wp-json\/wp\/v2\/media?parent=29207"}],"wp:term":[{"taxonomy":"category","embeddable":true,"href":"https:\/\/imagazine.it\/home_desk\/wp-json\/wp\/v2\/categories?post=29207"},{"taxonomy":"post_tag","embeddable":true,"href":"https:\/\/imagazine.it\/home_desk\/wp-json\/wp\/v2\/tags?post=29207"}],"curies":[{"name":"wp","href":"https:\/\/api.w.org\/{rel}","templated":true}]}}