{"id":29205,"date":"2019-04-03T00:00:00","date_gmt":"2019-04-02T23:00:00","guid":{"rendered":"https:\/\/imagazine.it\/?p=29205"},"modified":"2019-04-03T00:00:00","modified_gmt":"2019-04-02T23:00:00","slug":"il-fascino-dei-manieri-del-friuli-venezia-giulia","status":"publish","type":"post","link":"https:\/\/imagazine.it\/home_desk\/il-fascino-dei-manieri-del-friuli-venezia-giulia\/","title":{"rendered":"Il fascino dei manieri del Friuli Venezia Giulia"},"content":{"rendered":"<p>Torna l\u2019appuntamento con Castelli Aperti FVG, l\u2019occasione per immergersi in un viaggio indietro nel tempo, visitando le dimore che hanno segnato la storia della regione e la sua cultura transfrontaliera: sono <strong>19 i manieri<\/strong> che apriranno al pubblico nel <strong>week end del 6 e 7 aprile<\/strong> con due importanti novit\u00e0.<\/p>\n<p>Il viaggio tra i castelli includer\u00e0 infatti anche<strong> i due castelli di Strassoldo, <\/strong>il borgo medievale perfettamente conservato a Cervignano del Friuli: <strong>il Castello di Sopra<\/strong> e <strong>il Castello di Sotto<\/strong> saranno visitabili per la prima volta nelle aree che non sono normalmente aperte al pubbliche durante la mostra-mercato \u201cFiori, Acque e Castelli\u201d\u00a0(previsto il 13 e 14 aprile).<\/p>\n<p><strong>19 castelli visitabili in tutta la regione<\/strong><\/p>\n<p>Per la primavera 2019 le dimore saranno 19, situate in tutte le province della regione:\u00a0in provincia di <strong>Trieste<\/strong> il Castello di Muggia; in provincia di <strong>Gorizia<\/strong> il Castello di San Floriano del Collio, il Castello di Spessa di Capriva e Palazzo Lantieri; in provincia di <strong>Pordenone<\/strong>: Palazzo Panigai Ovio (Pravisdomini), Palazzo D\u2019Attimis Maniago \u00a0e il Castello di Cordovado; nella provincia di <strong>Udine<\/strong> saranno il Castello di Susans (Majano), Palazzo Romano (Case di Manzano), il Castello di Villalta (Villalta di Fagagna), Rocca Bernarda (Ipplis di Premariacco), il Castello di San Pietro (Ragogna), il Castello di Arcano (Rive D\u2019Arcano), il Castello di Flambruzzo (Rivignano Teor), Palazzo Steffaneo Roncato (Crauglio di S. Vito al Torre), Casaforte La Brunelde (Fagagna) e il Castello di Ahrensperg (San Pietro Al Natisone).<\/p>\n<p><strong>IL CONCORSO FOTOGRAFICO CON IgersFVG <\/strong><\/p>\n<p>Castelli Aperti \u00e8 social: ritorna infatti il concorso fotografico in collaborazione con la community <strong>IgersFVG<\/strong>. Per partecipare, baster\u00e0 condividere su Instagram &#8211; fino al 14 aprile 2019 &#8211; le proprie fotografie dei castelli aderenti alla manifestazione, usando l\u2019hashtag #castelliaperti19. Al termine del contest, una selezione di scatti entrer\u00e0 a far parte di un instant book digitale che sar\u00e0 caricato sul sito del Consorzio. La giuria sceglier\u00e0, infine, tre foto che saranno decretate vincitrici del contest. Gli autori degli scatti saranno invitati a visitare la sede del Consorzio Castelli, presso la Torre di Porta Aquileia a Udine. Nella stessa occasione, potranno ritirare alcuni omaggi messi a disposizione dagli organizzatori: dei volumi fotografici e degli ingressi omaggio da utilizzare nella prossima edizione. Inoltre, saranno invitati a partecipare all\u2019evento \u201cEmpty\u201d (visita fotografica riservata) organizzato insieme alla community Igersfvg presso uno dei castelli.<\/p>\n<p><a href=\"http:\/\/imagazinevideotruck.it\/outlet\/relink.html\" target=\"_top\" rel=\"noopener\"><img loading=\"lazy\" decoding=\"async\" align=\"LEFT\" height=\"250\" src=\"http:\/\/imagazinevideotruck.it\/outlet\/outlet30.gif\" width=\"300\" alt=\"\" title=\"\"><\/a><\/p>\n<p>\u00a0<\/p>\n<p>\u00a0<\/p>\n<p>\u00a0<\/p>\n<p>\u00a0<\/p>\n<p>\u00a0<\/p>\n<p>\u00a0<\/p>\n<p>\u00a0<\/p>\n<p>\u00a0<\/p>\n<p>\u00a0<\/p>\n<p><strong>Le visite partono all\u2019inizio di ogni ora<\/strong>; le residenze saranno aperte in entrambe le giornate, fatta eccezione per il Castello di Spessa, Rocca Bernarda, Palazzo Romano e il Palazzo d\u2019Attimis Maniago che accoglieranno i visitatori solamente nella giornata di domenica.\u00a0 L\u2019ingresso ad ogni singolo castello \u00e8 di 7 euro (3,5 euro per i bambini dai 7 ai 12 anni).<\/p>\n<p>La prenotazione non \u00e8 necessaria. Per maggiori informazioni \u00e8 consigliabile visitare il sito del Consorzio <u><a href=\"http:\/\/www.consorziocastelli.it\/\" target=\"_blank\" rel=\"noopener\"><strong>www.consorziocastelli.it<\/strong><\/a><\/u><strong>,<\/strong> con orari e aperture aggiornati, oltre al programma completo della nuova edizione, oppure la <strong><u><a href=\"http:\/\/www.facebook.com\/CastelliApertiFriuliVeneziaGiulia\" target=\"_blank\" rel=\"noopener\">pagina Facebook<\/a><\/u>.<\/strong><\/p>\n","protected":false},"excerpt":{"rendered":"<p>Il 6 e 7 aprile<\/p>\n","protected":false},"author":28,"featured_media":29206,"comment_status":"closed","ping_status":"closed","sticky":false,"template":"","format":"standard","meta":{"dwc-title":[],"dwc-content":[],"footnotes":""},"categories":[8],"tags":[],"class_list":["post-29205","post","type-post","status-publish","format-standard","has-post-thumbnail","hentry","category-turismo"],"rttpg_featured_image_url":{"full":["https:\/\/imagazine.it\/wp-content\/uploads\/2024\/01\/29100-1.webp",750,499,false],"landscape":["https:\/\/imagazine.it\/wp-content\/uploads\/2024\/01\/29100-1.webp",750,499,false],"portraits":["https:\/\/imagazine.it\/wp-content\/uploads\/2024\/01\/29100-1.webp",750,499,false],"thumbnail":["https:\/\/imagazine.it\/wp-content\/uploads\/2024\/01\/29100-1-150x150.webp",150,150,true],"medium":["https:\/\/imagazine.it\/wp-content\/uploads\/2024\/01\/29100-1-300x200.webp",300,200,true],"large":["https:\/\/imagazine.it\/wp-content\/uploads\/2024\/01\/29100-1.webp",640,426,false],"thumblist":["https:\/\/imagazine.it\/wp-content\/uploads\/2024\/01\/29100-1.webp",300,200,false],"thumbrelated":["https:\/\/imagazine.it\/wp-content\/uploads\/2024\/01\/29100-1.webp",500,333,false],"meccarouselthumb":["https:\/\/imagazine.it\/wp-content\/uploads\/2024\/01\/29100-1.webp",474,315,false],"gridsquare":["https:\/\/imagazine.it\/wp-content\/uploads\/2024\/01\/29100-1.webp",391,260,false],"tileview":["https:\/\/imagazine.it\/wp-content\/uploads\/2024\/01\/29100-1.webp",300,200,false],"1536x1536":["https:\/\/imagazine.it\/wp-content\/uploads\/2024\/01\/29100-1.webp",750,499,false],"2048x2048":["https:\/\/imagazine.it\/wp-content\/uploads\/2024\/01\/29100-1.webp",750,499,false],"newsup-slider-full":["https:\/\/imagazine.it\/wp-content\/uploads\/2024\/01\/29100-1.webp",750,499,false],"newsup-featured":["https:\/\/imagazine.it\/wp-content\/uploads\/2024\/01\/29100-1.webp",750,499,false],"newsup-medium":["https:\/\/imagazine.it\/wp-content\/uploads\/2024\/01\/29100-1-720x380.webp",720,380,true],"tptn_thumbnail":["https:\/\/imagazine.it\/wp-content\/uploads\/2024\/01\/29100-1.webp",250,166,false],"sow-carousel-default":["https:\/\/imagazine.it\/wp-content\/uploads\/2024\/01\/29100-1-272x182.webp",272,182,true]},"rttpg_author":{"display_name":"redazione","author_link":"https:\/\/imagazine.it\/home_desk\/author\/redazione\/"},"rttpg_comment":0,"rttpg_category":"<a href=\"https:\/\/imagazine.it\/home_desk\/category\/turismo\/\" rel=\"category tag\">TURISMO<\/a>","rttpg_excerpt":"Il 6 e 7 aprile","_links":{"self":[{"href":"https:\/\/imagazine.it\/home_desk\/wp-json\/wp\/v2\/posts\/29205","targetHints":{"allow":["GET"]}}],"collection":[{"href":"https:\/\/imagazine.it\/home_desk\/wp-json\/wp\/v2\/posts"}],"about":[{"href":"https:\/\/imagazine.it\/home_desk\/wp-json\/wp\/v2\/types\/post"}],"author":[{"embeddable":true,"href":"https:\/\/imagazine.it\/home_desk\/wp-json\/wp\/v2\/users\/28"}],"replies":[{"embeddable":true,"href":"https:\/\/imagazine.it\/home_desk\/wp-json\/wp\/v2\/comments?post=29205"}],"version-history":[{"count":0,"href":"https:\/\/imagazine.it\/home_desk\/wp-json\/wp\/v2\/posts\/29205\/revisions"}],"wp:featuredmedia":[{"embeddable":true,"href":"https:\/\/imagazine.it\/home_desk\/wp-json\/wp\/v2\/media\/29206"}],"wp:attachment":[{"href":"https:\/\/imagazine.it\/home_desk\/wp-json\/wp\/v2\/media?parent=29205"}],"wp:term":[{"taxonomy":"category","embeddable":true,"href":"https:\/\/imagazine.it\/home_desk\/wp-json\/wp\/v2\/categories?post=29205"},{"taxonomy":"post_tag","embeddable":true,"href":"https:\/\/imagazine.it\/home_desk\/wp-json\/wp\/v2\/tags?post=29205"}],"curies":[{"name":"wp","href":"https:\/\/api.w.org\/{rel}","templated":true}]}}