{"id":29203,"date":"2019-04-03T00:00:00","date_gmt":"2019-04-02T23:00:00","guid":{"rendered":"https:\/\/imagazine.it\/?p=29203"},"modified":"2019-04-03T00:00:00","modified_gmt":"2019-04-02T23:00:00","slug":"il-convitto-di-cividale-sempre-piu-internazionale","status":"publish","type":"post","link":"https:\/\/imagazine.it\/home_desk\/il-convitto-di-cividale-sempre-piu-internazionale\/","title":{"rendered":"Il Convitto di Cividale sempre pi\u00f9 internazionale"},"content":{"rendered":"<p>Nuove sfide nella formazione per gli studenti del <strong>Convitto Nazionale \u2018Paolo Diacono\u2019 (CNPD)<\/strong> di Cividale del Friuli. Tra i progetti di internazionalizzazione che l\u2019istituzione educativa porta avanti, ce ne sono alcuni che rientrane nell\u2019ambito dell\u2019Unione Europea e altri extra Ue. Fa parte di questi ultimi la collaborazione con la <strong>Serbia<\/strong>, pi\u00f9 precisamente con il <strong>Terzo Liceo di Belgrado<\/strong>, in un progetto che coinvolge gli allievi dei Licei per favorire la conoscenza reciproca di studenti italiani e serbi. Un gruppo di giovani del CNPD, che nel mese scorso ha accolto gli studenti della sezione bilingue italo-serba della scuola della capitale serba, si prepara a ricambiare la visita in Serbia in questi giorni.\u00a0<\/p>\n<p><a href=\"http:\/\/imagazinevideotruck.it\/outlet\/relink.html\" target=\"_top\" rel=\"noopener\"><img loading=\"lazy\" decoding=\"async\" align=\"LEFT\" height=\"250\" src=\"http:\/\/imagazinevideotruck.it\/outlet\/outlet30.gif\" width=\"300\" alt=\"\" title=\"\"><\/a><\/p>\n<p>\u00a0<\/p>\n<p>\u00a0<\/p>\n<p>\u00a0<\/p>\n<p>\u00a0<\/p>\n<p>\u00a0<\/p>\n<p>\u00a0<\/p>\n<p>\u00a0<\/p>\n<p>\u00a0<\/p>\n<p>\u00a0<\/p>\n<p>Nel quadro delle attivit\u00e0 <strong>MUN<\/strong> all&#39;estero, la <strong>Slovenia<\/strong> \u00e8 il paese che ospiter\u00e0 la prossima simulazione dei lavori dei delegati ONU: al GimMUN di Ptuj che si svolger\u00e0 dal <strong>6 al 9 aprile<\/strong>, parteciperanno 8 studenti del CNPD. A confermare il valore formativo e la portata internazionale dell\u2019evento, la presenza alla Cerimonia di Apertura del Ministro degli esteri sloveno, <strong>Miro Cerar<\/strong>.\u00a0<\/p>\n<p>Tra i rapporti internazionali che favoriscono scambi con scuole di diversi Paesi del mondo, si annoverano quelli con la Russia, proposti fin dalla scuola primaria. Gruppi di studenti provenienti dalle <strong>Scuole\u00a01950 e 1409\u00a0di Mosca <\/strong>sono stati ospiti a Cividale e di recente hanno frequentato rispettivamente la Scuola Primaria e la Scuola Media del CNPD.<\/p>\n<p>Tra i progetti <strong>Erasmus Plus<\/strong> sostenuti dall\u2019Unione Europea rientra \u201c<em>Media Wisdom<\/em>\u201d, programma<strong> KA2 <\/strong>sviluppato dal CNPD con la scuola di<strong> Leiden<\/strong> (<strong>Olanda)<\/strong> un liceo di<strong> Madrid <\/strong>e un liceo dei<strong> Paesi Baschi,<\/strong> con l&#39;obiettivo di lavorare sull\u2019uso consapevole e critico dei <strong><em>social media<\/em><\/strong> in generale e, in particolare, sulle <strong><em>fake news<\/em><\/strong>. Sono parte attiva del progetto studenti e docenti dei licei annessi al Convitto. Dopo essere stati ospitati a Leiden, gli allievi hanno accolto gli studenti partner provenienti dall&#39;Olanda, per seguire insieme una settimana di lezioni ed essere protagonisti di un\u2019esperienza di valida crescita formativa. Attraverso laboratori sull\u2019uso dei social network e lavori di riflessione e analisi su argomenti di attualit\u00e0, ai ragazzi vengono offerti degli strumenti utili alla formazione di un\u2019opinione personale.<\/p>\n<p>\u201c<em>La nostra istituzione educativa \u2013 afferma il <\/em><strong>Rettore del CNPD <\/strong><strong>Clementina Frescura<\/strong><em> \u2013 si distingue per i rapporti di internazionalizzazione che favoriscono progetti di elevata formazione internazionale. Gli scambi e i programmi che portiamo avanti diventano una preziosa opportunit\u00e0 di accompagnamento alla crescita formativa e personale dei ragazzi, e partono gi\u00e0 dalla scuola primaria&#8221;.<\/em><\/p>\n","protected":false},"excerpt":{"rendered":"<p>Si rafforzano collaborazioni e progetti Ue ed extra Ue<\/p>\n","protected":false},"author":28,"featured_media":29204,"comment_status":"closed","ping_status":"closed","sticky":false,"template":"","format":"standard","meta":{"dwc-title":[],"dwc-content":[],"footnotes":""},"categories":[5],"tags":[],"class_list":["post-29203","post","type-post","status-publish","format-standard","has-post-thumbnail","hentry","category-attualita"],"rttpg_featured_image_url":{"full":["https:\/\/imagazine.it\/wp-content\/uploads\/2024\/01\/29098-1.webp",750,485,false],"landscape":["https:\/\/imagazine.it\/wp-content\/uploads\/2024\/01\/29098-1.webp",750,485,false],"portraits":["https:\/\/imagazine.it\/wp-content\/uploads\/2024\/01\/29098-1.webp",750,485,false],"thumbnail":["https:\/\/imagazine.it\/wp-content\/uploads\/2024\/01\/29098-1-150x150.webp",150,150,true],"medium":["https:\/\/imagazine.it\/wp-content\/uploads\/2024\/01\/29098-1-300x194.webp",300,194,true],"large":["https:\/\/imagazine.it\/wp-content\/uploads\/2024\/01\/29098-1.webp",640,414,false],"thumblist":["https:\/\/imagazine.it\/wp-content\/uploads\/2024\/01\/29098-1.webp",300,194,false],"thumbrelated":["https:\/\/imagazine.it\/wp-content\/uploads\/2024\/01\/29098-1.webp",500,323,false],"meccarouselthumb":["https:\/\/imagazine.it\/wp-content\/uploads\/2024\/01\/29098-1.webp",474,307,false],"gridsquare":["https:\/\/imagazine.it\/wp-content\/uploads\/2024\/01\/29098-1.webp",391,253,false],"tileview":["https:\/\/imagazine.it\/wp-content\/uploads\/2024\/01\/29098-1.webp",300,194,false],"1536x1536":["https:\/\/imagazine.it\/wp-content\/uploads\/2024\/01\/29098-1.webp",750,485,false],"2048x2048":["https:\/\/imagazine.it\/wp-content\/uploads\/2024\/01\/29098-1.webp",750,485,false],"newsup-slider-full":["https:\/\/imagazine.it\/wp-content\/uploads\/2024\/01\/29098-1.webp",750,485,false],"newsup-featured":["https:\/\/imagazine.it\/wp-content\/uploads\/2024\/01\/29098-1.webp",750,485,false],"newsup-medium":["https:\/\/imagazine.it\/wp-content\/uploads\/2024\/01\/29098-1-720x380.webp",720,380,true],"tptn_thumbnail":["https:\/\/imagazine.it\/wp-content\/uploads\/2024\/01\/29098-1.webp",250,162,false],"sow-carousel-default":["https:\/\/imagazine.it\/wp-content\/uploads\/2024\/01\/29098-1-272x182.webp",272,182,true]},"rttpg_author":{"display_name":"redazione","author_link":"https:\/\/imagazine.it\/home_desk\/author\/redazione\/"},"rttpg_comment":0,"rttpg_category":"<a href=\"https:\/\/imagazine.it\/home_desk\/category\/attualita\/\" rel=\"category tag\">ATTUALIT\u00c0<\/a>","rttpg_excerpt":"Si rafforzano collaborazioni e progetti Ue ed extra Ue","_links":{"self":[{"href":"https:\/\/imagazine.it\/home_desk\/wp-json\/wp\/v2\/posts\/29203","targetHints":{"allow":["GET"]}}],"collection":[{"href":"https:\/\/imagazine.it\/home_desk\/wp-json\/wp\/v2\/posts"}],"about":[{"href":"https:\/\/imagazine.it\/home_desk\/wp-json\/wp\/v2\/types\/post"}],"author":[{"embeddable":true,"href":"https:\/\/imagazine.it\/home_desk\/wp-json\/wp\/v2\/users\/28"}],"replies":[{"embeddable":true,"href":"https:\/\/imagazine.it\/home_desk\/wp-json\/wp\/v2\/comments?post=29203"}],"version-history":[{"count":0,"href":"https:\/\/imagazine.it\/home_desk\/wp-json\/wp\/v2\/posts\/29203\/revisions"}],"wp:featuredmedia":[{"embeddable":true,"href":"https:\/\/imagazine.it\/home_desk\/wp-json\/wp\/v2\/media\/29204"}],"wp:attachment":[{"href":"https:\/\/imagazine.it\/home_desk\/wp-json\/wp\/v2\/media?parent=29203"}],"wp:term":[{"taxonomy":"category","embeddable":true,"href":"https:\/\/imagazine.it\/home_desk\/wp-json\/wp\/v2\/categories?post=29203"},{"taxonomy":"post_tag","embeddable":true,"href":"https:\/\/imagazine.it\/home_desk\/wp-json\/wp\/v2\/tags?post=29203"}],"curies":[{"name":"wp","href":"https:\/\/api.w.org\/{rel}","templated":true}]}}