{"id":29201,"date":"2019-04-03T00:00:00","date_gmt":"2019-04-02T23:00:00","guid":{"rendered":"https:\/\/imagazine.it\/?p=29201"},"modified":"2019-04-03T00:00:00","modified_gmt":"2019-04-02T23:00:00","slug":"franklin-foer-vince-il-premio-terzani","status":"publish","type":"post","link":"https:\/\/imagazine.it\/home_desk\/franklin-foer-vince-il-premio-terzani\/","title":{"rendered":"Franklin Foer vince il Premio Terzani"},"content":{"rendered":"<p><strong><em>\u201cI nuovi poteri forti. Come Google Apple Facebook e Amazon pensano per noi\u201d<\/em><\/strong><em>,\u00a0<\/em> analisi\u00a0del giornalista e scrittore statunitense\u00a0<strong>Franklin Foer<\/strong>\u00a0&#8211; edito\u00a0<strong>Longanesi\u00a0<\/strong>&#8211; vince la<strong>\u00a0XV edizione del Premio Letterario Internazionale Tiziano Terzani.<\/strong>\u00a0Lo ha annunciato a Milano questa mattina, nel refettorio del Laboratorio Formentini per l\u2019editoria,\u00a0la\u00a0presidente della Giuria\u00a0<strong>Angela Terzani.\u00a0Franklin Foer\u00a0sar\u00e0 premiato sabato 18 maggio al Teatro Nuovo Giovanni da Udine\u00a0<\/strong>(ore 21) nel corso di una serata-evento del\u00a0<strong>Festival vicino\/lontano,\u00a0<\/strong>che nel 2005, in collaborazione con la famiglia Terzani, ha istituito il Premio.\u00a0Il festival,\u00a0quest\u2019anno alla sua XV edizione, \u00e8 in programma a\u00a0<strong>Udine dal 16 al 19 maggio<\/strong>. La\u00a0<strong>Giuria<\/strong>\u00a0che ha assegnato il riconoscimento \u00e8 composta da\u00a0<strong>Giulio Anselmi, Enza Campino, Toni Capuozzo, Marco Del Corona, Andrea Filippi, \u00c0len Loreti, Milena Gabanelli, Nicola Gasbarro, Ettore Mo, Carla Nicolini, Marco Pacini, Paolo Pecile, Peter Popham,<\/strong>\u00a0<strong>Marino Sinibaldi<\/strong>.\u00a0<\/p>\n<p><a href=\"http:\/\/imagazinevideotruck.it\/outlet\/relink.html\" target=\"_top\" rel=\"noopener\"><img loading=\"lazy\" decoding=\"async\" align=\"LEFT\" height=\"250\" src=\"http:\/\/imagazinevideotruck.it\/outlet\/outlet30.gif\" width=\"300\" alt=\"\" title=\"\"><\/a><\/p>\n<p>\u00a0<\/p>\n<p>\u00a0<\/p>\n<p>\u00a0<\/p>\n<p>\u00a0<\/p>\n<p>\u00a0<\/p>\n<p>\u00a0<\/p>\n<p>\u00a0<\/p>\n<p>\u00a0<\/p>\n<p>\u00a0<\/p>\n<p>\u00abFranklin Foer &#8211;\u00a0<strong>ha affermato Angela Terzani a nome della Giuria del Premio\u00a0<\/strong>&#8211; mette al centro del suo ultimo saggio-denuncia la questione del monopolio che i giganti della Silicon Valley, padroni della rete, esercitano sul sistema della comunicazione globale e del mercato. Abbiamo ceduto senza accorgercene i nostri dati a quei poteri, che li hanno trasformati in merce da vendere sul mercato degli inserzionisti. Cos\u00ec la pubblicit\u00e0 pu\u00f2 indirizzare in modo mirato le nostre scelte di consumo e la propaganda pu\u00f2 minare il nostro libero arbitrio, condizionando scientificamente il nostro voto. Ed \u00e8 qui che\u00a0<strong>Foer, in un linguaggio accessibile a tutti, ci mette in guardia sui pericoli di un&#39;informazione manipolatoria, che minaccia di trasformare il volto della democrazia in una forma inedita di autoritarismo.<\/strong>\u00a0E intanto, il tradizionale contropotere di una stampa professionalmente ed eticamente responsabile, indispensabile pilastro della democrazia, continua a indebolirsi, reso economicamente vulnerabile di fronte ai grandi monopolisti della conoscenza, che danno ai lettori ci\u00f2 che si aspettano, sfruttandone demagogicamente tendenze inconsce e pregiudizi. Ma\u00a0<strong>Foer ci invita a non rassegnarci e a organizzare una sia pur minima forma di ribellione individuale per dissociarci ogni tanto dalla macchina<\/strong>\u00a0<strong>e concederci qualche momento di lettura su carta<\/strong>, solitaria e silenziosa, lontano dal rumore totalizzante della rete e dalla sorveglianza digitale.\u00a0Per questo appello, per questo atto di resistenza dal basso, che potrebbe contribuire anche a far sopravvivere una tecnologia alternativa, la cultura stampata sulla carta, la giuria assegna a Franklin Foer il Premio letterario internazionale Tiziano Terzani 2019\u00bb.<\/p>\n<p>\u00ab\u00c8 con un sentimento di onore e di umilt\u00e0 &#8211;\u00a0<strong>ha dichiarato Franklin Foer\u00a0<\/strong>&#8211; che ricevo questo premio. Onorato di far parte della grande tradizione di scrittori che lo hanno ricevuto nel passato. Onorato di essere parte dell\u2019eredit\u00e0 di\u00a0<strong>Tiziano Terzani<\/strong>. Il mio libro \u00e8 una polemica. Riguarda quattro aziende che si sono radicate profondamente nelle nostre vite. Sono ovunque. E noi tutti diamo per scontato che non ci sia niente in nostro potere per fermarne l\u2019ascesa. Spero invece che il momento sia arrivato in cui noi tutti ci rendiamo conto della minaccia che esse rappresentano per la nostra societ\u00e0 e per noi come singoli individui. Perch\u00e9 ci\u00f2 che queste aziende ci stanno togliendo \u00e8 proprio ci\u00f2 che primariamente dobbiamo preservare e proteggere: la nostra individualit\u00e0. Le Big Tech sono insensibili non solo alla questione della privacy ma affermano, col loro operato, un\u2019idea del capitalismo basata sul monopolio. Hanno dato l\u2019assalto all\u2019idea di paternit\u00e0 di un\u2019opera, hanno intrapreso una guerra subdola contro la propriet\u00e0 intellettuale e ci hanno privati di una delle cose pi\u00f9 importanti: la nostra libert\u00e0 di scelta. Quindi non solo vi ringrazio per il Premio che oggi mi conferite, ma vi ringrazio dell\u2019attenzione che la Giuria ha dimostrato di avere nei confronti delle tematiche affrontate nel libro,\u00a0tematiche che io credo siano strettamente legate all\u2019eredit\u00e0 intellettuale di Tiziano Terzani, un uomo che dava valore al confronto, dava importanza alla dimensione lenta e profonda dell\u2019impegno ed \u00e8 questa dimensione che le quattro aziende minacciano.\u00a0Sono onorato del fatto che Longanesi abbia visto nel mio libro una causa da sostenere e che vi abbia trovato quegli stessi principi che il loro lavoro incarna. E di nuovo, voglio esprimere tutto l\u2019onore, ma anche il sentimento di umilt\u00e0, che sento in questo momento\u00bb.<\/p>\n<p>Alla proclamazione del vincitore dell\u2019edizione 2019 del Premio Terzani \u00e8 intervenuto anche<strong>\u00a0Giuseppe Stazzeri, direttore editoriale di Longanesi. <\/strong><\/p>\n<p>\u00a0<\/p>\n<p><strong>FRANKLIN FOER<\/strong>\u00a0Giornalista e scrittore statunitense, \u00e8 nato nel 1974 ed \u00e8 fratello dello scrittore Jonathan Safran Foer e di Joshua Foer, giornalista come Franklin e autore per Longanesi di \u201cL\u2019arte di ricordare tutto\u201d (2011).<\/p>\n<p>\u00c8 uno dei redattori di punta della prestigiosa rivista di cultura, scienza e attualit\u00e0 &#8220;The Atlantic<em>&#8220;<\/em>. In passato \u00e8 stato editor di &#8220;The New Republic&#8221; (2006-2016) e collaboratore delle riviste &#8220;New York&#8221; e &#8220;Slate&#8221;. \u00c8 autore di diversi libri, tra i quali\u00a0<em>Come il calcio spiega il mondo:\u00a0<\/em>uscito in Italia nel 2007 da Baldini &#038; Castoldi Dalai, \u00e8 un&#39;appassionata analisi di questo sport nell&#39;era della sua (problematica) globalizzazione e un pretesto per far luce, da un inedito punto di vista, sulle nuove oligarchie del mondo contemporaneo.\u00a0Nel 2017 ha pubblicato il saggio\u00a0<em>World Without Mind. The Existential Threat of Big Tech<\/em>, inserito fra i migliori dell\u2019anno dal\u00a0<em>New York Times<\/em>\u00a0e dal\u00a0<em>Los Angeles Times.\u00a0<\/em>Tradotto in Italia da Longanesi nel 2018 col titolo\u00a0<em>I nuovi poteri forti. Come Google Apple Facebook e Amazon pensano per noi<\/em>\u00a0(traduzione di Matteo Camporesi), vince il Premio Terzani 2019.<\/p>\n","protected":false},"excerpt":{"rendered":"<p>Oggi l&#8217;annuncio a Milano<\/p>\n","protected":false},"author":28,"featured_media":29202,"comment_status":"closed","ping_status":"closed","sticky":false,"template":"","format":"standard","meta":{"dwc-title":[],"dwc-content":[],"footnotes":""},"categories":[37],"tags":[],"class_list":["post-29201","post","type-post","status-publish","format-standard","has-post-thumbnail","hentry","category-cultura-e-spettacolo"],"rttpg_featured_image_url":{"full":["https:\/\/imagazine.it\/wp-content\/uploads\/2024\/01\/29097-1.webp",750,554,false],"landscape":["https:\/\/imagazine.it\/wp-content\/uploads\/2024\/01\/29097-1.webp",750,554,false],"portraits":["https:\/\/imagazine.it\/wp-content\/uploads\/2024\/01\/29097-1.webp",750,554,false],"thumbnail":["https:\/\/imagazine.it\/wp-content\/uploads\/2024\/01\/29097-1-150x150.webp",150,150,true],"medium":["https:\/\/imagazine.it\/wp-content\/uploads\/2024\/01\/29097-1-300x222.webp",300,222,true],"large":["https:\/\/imagazine.it\/wp-content\/uploads\/2024\/01\/29097-1.webp",640,473,false],"thumblist":["https:\/\/imagazine.it\/wp-content\/uploads\/2024\/01\/29097-1.webp",300,222,false],"thumbrelated":["https:\/\/imagazine.it\/wp-content\/uploads\/2024\/01\/29097-1.webp",500,369,false],"meccarouselthumb":["https:\/\/imagazine.it\/wp-content\/uploads\/2024\/01\/29097-1.webp",439,324,false],"gridsquare":["https:\/\/imagazine.it\/wp-content\/uploads\/2024\/01\/29097-1.webp",352,260,false],"tileview":["https:\/\/imagazine.it\/wp-content\/uploads\/2024\/01\/29097-1.webp",300,222,false],"1536x1536":["https:\/\/imagazine.it\/wp-content\/uploads\/2024\/01\/29097-1.webp",750,554,false],"2048x2048":["https:\/\/imagazine.it\/wp-content\/uploads\/2024\/01\/29097-1.webp",750,554,false],"newsup-slider-full":["https:\/\/imagazine.it\/wp-content\/uploads\/2024\/01\/29097-1.webp",750,554,false],"newsup-featured":["https:\/\/imagazine.it\/wp-content\/uploads\/2024\/01\/29097-1.webp",750,554,false],"newsup-medium":["https:\/\/imagazine.it\/wp-content\/uploads\/2024\/01\/29097-1-720x380.webp",720,380,true],"tptn_thumbnail":["https:\/\/imagazine.it\/wp-content\/uploads\/2024\/01\/29097-1.webp",250,185,false],"sow-carousel-default":["https:\/\/imagazine.it\/wp-content\/uploads\/2024\/01\/29097-1-272x182.webp",272,182,true]},"rttpg_author":{"display_name":"redazione","author_link":"https:\/\/imagazine.it\/home_desk\/author\/redazione\/"},"rttpg_comment":0,"rttpg_category":"<a href=\"https:\/\/imagazine.it\/home_desk\/category\/cultura-e-spettacolo\/\" rel=\"category tag\">CULTURA&amp;SPETTACOLO<\/a>","rttpg_excerpt":"Oggi l'annuncio a Milano","_links":{"self":[{"href":"https:\/\/imagazine.it\/home_desk\/wp-json\/wp\/v2\/posts\/29201","targetHints":{"allow":["GET"]}}],"collection":[{"href":"https:\/\/imagazine.it\/home_desk\/wp-json\/wp\/v2\/posts"}],"about":[{"href":"https:\/\/imagazine.it\/home_desk\/wp-json\/wp\/v2\/types\/post"}],"author":[{"embeddable":true,"href":"https:\/\/imagazine.it\/home_desk\/wp-json\/wp\/v2\/users\/28"}],"replies":[{"embeddable":true,"href":"https:\/\/imagazine.it\/home_desk\/wp-json\/wp\/v2\/comments?post=29201"}],"version-history":[{"count":0,"href":"https:\/\/imagazine.it\/home_desk\/wp-json\/wp\/v2\/posts\/29201\/revisions"}],"wp:featuredmedia":[{"embeddable":true,"href":"https:\/\/imagazine.it\/home_desk\/wp-json\/wp\/v2\/media\/29202"}],"wp:attachment":[{"href":"https:\/\/imagazine.it\/home_desk\/wp-json\/wp\/v2\/media?parent=29201"}],"wp:term":[{"taxonomy":"category","embeddable":true,"href":"https:\/\/imagazine.it\/home_desk\/wp-json\/wp\/v2\/categories?post=29201"},{"taxonomy":"post_tag","embeddable":true,"href":"https:\/\/imagazine.it\/home_desk\/wp-json\/wp\/v2\/tags?post=29201"}],"curies":[{"name":"wp","href":"https:\/\/api.w.org\/{rel}","templated":true}]}}