{"id":29191,"date":"2019-04-02T00:00:00","date_gmt":"2019-04-01T23:00:00","guid":{"rendered":"https:\/\/imagazine.it\/?p=29191"},"modified":"2019-04-02T00:00:00","modified_gmt":"2019-04-01T23:00:00","slug":"cornino-una-stagione-ricca-di-emozioni","status":"publish","type":"post","link":"https:\/\/imagazine.it\/home_desk\/cornino-una-stagione-ricca-di-emozioni\/","title":{"rendered":"Cornino, una stagione ricca di emozioni"},"content":{"rendered":"<p>La Riserva Naturale Regionale del Lago di Cornino, nel Comune di Forgaria nel Friuli, inaugura la nuova stagione. Questa mattina, nella sede della Regione, a Udine, \u00e8 stato presentato il programma 2019.<\/p>\n<p>La struttura ha chiuso il 2018 con oltre 20 mila visitatori, tra cui migliaia di studenti provenienti non solo da tutta la regione ma anche dal Veneto, dall\u2019Austria e dalla Slovenia. Per quest\u2019anno, le visite scolastiche gi\u00e0 prenotate sono oltre 2.000. Alla conferenza stampa, questa mattina, erano presenti l\u2019assessore regionale alle risorse agricole, agroalimentari, forestali e ittiche, il sindaco di Forgaria nel Friuli, <strong>Marco Chiapolino<\/strong>, il vicesindaco, <strong>Luigino Ingrassi<\/strong>, l\u2019assessore <strong>Pierluigi Molinaro<\/strong>, <strong>Ylenia Cristofoli<\/strong>, presidente della cooperativa Pavees, che gestisce la riserva, <strong>Luca Sicuro<\/strong>, amministratore della cooperativa, e <strong>Fulvio Genero<\/strong>, responsabile scientifico del \u201cProgetto Grifone\u201d.<\/p>\n<p>Si comincer\u00e0 il 22, 25 e 28 aprile con \u201cLa Giornata mondiale della terra\u201d, dedicata alla scoperta dei segreti che si nascondono in un sasso, in fondo a un lago o lungo un fiume. In programma ci sono visite guidate gratuite alla scoperta della Riserva Naturale del Lago di Cornino. Un geologo, un botanico e un esperto di fauna faranno conoscere ai visitatori la natura da un punto di vista diverso, nuovo ed emozionante.<\/p>\n<p>Il 9 giugno torna il \u201cGriffonday\u201d, con attivit\u00e0 per tutte le et\u00e0 e iniziative pensate per i pi\u00f9 piccoli. L\u2019evento si terr\u00e0 in concomitanza con la \u201cFesta della Trota\u201d, organizzata dall\u2019associazione Per Cornino. \u00c8 previsto l\u2019arrivo del \u201cTreno Natura\u201d, un treno storico che collega Treviso a Cornino. Il 14 luglio appuntamento con \u201cLa vita in una goccia d\u2019acqua\u201d: passeggiate e attivit\u00e0 di vario genere guideranno il pubblico alla scoperta dei segreti e delle enormi potenzialit\u00e0 di questo prezioso elemento naturale. Il 16, 17 e 18 agosto, invece, i bambini saranno i protagonisti della \u201cNotte da gufi per bambini coraggiosi\u201d, due notti e tre giorni dedicati alla scoperta della biodiversit\u00e0 all\u2019interno della riserva.<\/p>\n<p>Diverse le attivit\u00e0 in programma, dedicate ai bambini tra i 6 e gli 11 anni. Non mancheranno giochi, passeggiate all\u2019aria aperta e animazione. L\u20198 settembre, in occasione della giornata internazionale di sensibilizzazione al rispetto degli avvoltoi, l\u2019evento \u201cVivi e liberi di volare tra natura e ingegneria\u201d, in collaborazione con il Parco Natura Viva di Bussolengo, consentir\u00e0 ai visitatori di conoscere meglio il comportamento, la biologia e i progetti di conservazione legati agli avvoltoi. Sar\u00e0 presentato il progetto \u201cVivi e liberi di volare tra natura e ingegneria\u201d.<\/p>\n<p>Chiuderanno la stagione due eventi: \u201cHalloween in riserva. Un pomeriggio da paura\u201d, nel pomeriggio del 31 ottobre, con giochi, animazione laboratori e i dolcetti della tradizione, e, il 24 dicembre, la tradizionale messa serale celebrata sulle sponde del lago.<\/p>\n<p><a href=\"http:\/\/imagazinevideotruck.it\/outlet\/relink.html\" target=\"_top\" rel=\"noopener\"><img loading=\"lazy\" decoding=\"async\" align=\"LEFT\" height=\"250\" src=\"http:\/\/imagazinevideotruck.it\/outlet\/outlet30.gif\" width=\"300\" alt=\"\" title=\"\"><\/a><\/p>\n<p>\u00a0<\/p>\n<p>\u00a0<\/p>\n<p>\u00a0<\/p>\n<p>\u00a0<\/p>\n<p>\u00a0<\/p>\n<p>\u00a0<\/p>\n<p>\u00a0<\/p>\n<p>\u00a0<\/p>\n<p>\u00a0<\/p>\n<p>\u00abDiamo il via alla ricca stagione delle attivit\u00e0 per il 2019 \u2013 le parole del sindaco di Forgaria, <strong>Marco Chiapolino<\/strong> \u2013. I vari eventi, alcuni hanno gi\u00e0 un successo consolidato e altri sono nuove proposte, sono le ciliegine sulla torta di una stagione che non finisce mai per la nostra riserva. Durante tutto il periodo dell&#39;anno, infatti, oltre alle numerose visite di famiglie, turisti e scolaresche, la riserva \u00e8 sede d\u2019incontri scientifici, educativi e progetti. Rappresenta per noi un luogo dove possiamo capitalizzare al massimo quella vocazione turistica e naturalistica che \u00e8 nel dna del nostro territorio. Ci sono anche altri progetti importanti, come quello dell&#39;albergo diffuso, quello dei laghetti Pakar e quello della scuola di ciclismo fuoristrada, presente sull&#39;altipiano di Monte Prat, che questa amministrazione vuole sviluppare e coltivare in quanto li riteniamo parte fondamentale di quella strada che pu\u00f2 far conoscere e apprezzare quanto di unico c\u2019\u00e8 in questo territorio. Si tratta di un lavoro che l&#39;amministrazione svolge quotidianamente, di concerto con vari soggetti, come la cooperativa Pavees, che opera all\u2019interno della riserva, con successo, da ormai 5 anni\u00bb. <strong>Ylenia Cristofoli<\/strong> ha annunciato le novit\u00e0 pi\u00f9 attese. \u00abLa \u201cNotte da Gufi per bambini coraggiosi\u201d quest&#39;anno si svilupper\u00e0 in due notti e tre giorni. Avremo anche una giornata dedicata alla vita in una goccia d&#39;acqua e la presentazione, a settembre, del progetto \u201cVivi e liberi di Volare, Natura e Ingegneria\u201d, che sar\u00e0 realizzato grazie al finanziamento della Regione, un contributo necessario per iniziative progettuali riguardanti manifestazioni di divulgazione della cultura scientifica\u00bb.<\/p>\n<p>La Riserva Naturale Regionale del Lago di Cornino rester\u00e0 aperta, fino alla fine di aprile, marted\u00ec e gioved\u00ec, dalle 9 alle 13, sabato, domenica e festivi dalle 9 alle 13 e dalle 14 alle 17. Da maggio a settembre il centro visite rester\u00e0 aperto tutti i giorni, fino alle 18.<\/p>\n","protected":false},"excerpt":{"rendered":"<p>Presentata ufficialmente alla stampa<\/p>\n","protected":false},"author":28,"featured_media":29192,"comment_status":"closed","ping_status":"closed","sticky":false,"template":"","format":"standard","meta":{"dwc-title":[],"dwc-content":[],"footnotes":""},"categories":[8],"tags":[],"class_list":["post-29191","post","type-post","status-publish","format-standard","has-post-thumbnail","hentry","category-turismo"],"rttpg_featured_image_url":{"full":["https:\/\/imagazine.it\/wp-content\/uploads\/2024\/01\/29069-1.webp",750,497,false],"landscape":["https:\/\/imagazine.it\/wp-content\/uploads\/2024\/01\/29069-1.webp",750,497,false],"portraits":["https:\/\/imagazine.it\/wp-content\/uploads\/2024\/01\/29069-1.webp",750,497,false],"thumbnail":["https:\/\/imagazine.it\/wp-content\/uploads\/2024\/01\/29069-1-150x150.webp",150,150,true],"medium":["https:\/\/imagazine.it\/wp-content\/uploads\/2024\/01\/29069-1-300x199.webp",300,199,true],"large":["https:\/\/imagazine.it\/wp-content\/uploads\/2024\/01\/29069-1.webp",640,424,false],"thumblist":["https:\/\/imagazine.it\/wp-content\/uploads\/2024\/01\/29069-1.webp",300,199,false],"thumbrelated":["https:\/\/imagazine.it\/wp-content\/uploads\/2024\/01\/29069-1.webp",500,331,false],"meccarouselthumb":["https:\/\/imagazine.it\/wp-content\/uploads\/2024\/01\/29069-1.webp",474,314,false],"gridsquare":["https:\/\/imagazine.it\/wp-content\/uploads\/2024\/01\/29069-1.webp",391,260,false],"tileview":["https:\/\/imagazine.it\/wp-content\/uploads\/2024\/01\/29069-1.webp",300,199,false],"1536x1536":["https:\/\/imagazine.it\/wp-content\/uploads\/2024\/01\/29069-1.webp",750,497,false],"2048x2048":["https:\/\/imagazine.it\/wp-content\/uploads\/2024\/01\/29069-1.webp",750,497,false],"newsup-slider-full":["https:\/\/imagazine.it\/wp-content\/uploads\/2024\/01\/29069-1.webp",750,497,false],"newsup-featured":["https:\/\/imagazine.it\/wp-content\/uploads\/2024\/01\/29069-1.webp",750,497,false],"newsup-medium":["https:\/\/imagazine.it\/wp-content\/uploads\/2024\/01\/29069-1-720x380.webp",720,380,true],"tptn_thumbnail":["https:\/\/imagazine.it\/wp-content\/uploads\/2024\/01\/29069-1.webp",250,166,false],"sow-carousel-default":["https:\/\/imagazine.it\/wp-content\/uploads\/2024\/01\/29069-1-272x182.webp",272,182,true]},"rttpg_author":{"display_name":"redazione","author_link":"https:\/\/imagazine.it\/home_desk\/author\/redazione\/"},"rttpg_comment":0,"rttpg_category":"<a href=\"https:\/\/imagazine.it\/home_desk\/category\/turismo\/\" rel=\"category tag\">TURISMO<\/a>","rttpg_excerpt":"Presentata ufficialmente alla stampa","_links":{"self":[{"href":"https:\/\/imagazine.it\/home_desk\/wp-json\/wp\/v2\/posts\/29191","targetHints":{"allow":["GET"]}}],"collection":[{"href":"https:\/\/imagazine.it\/home_desk\/wp-json\/wp\/v2\/posts"}],"about":[{"href":"https:\/\/imagazine.it\/home_desk\/wp-json\/wp\/v2\/types\/post"}],"author":[{"embeddable":true,"href":"https:\/\/imagazine.it\/home_desk\/wp-json\/wp\/v2\/users\/28"}],"replies":[{"embeddable":true,"href":"https:\/\/imagazine.it\/home_desk\/wp-json\/wp\/v2\/comments?post=29191"}],"version-history":[{"count":0,"href":"https:\/\/imagazine.it\/home_desk\/wp-json\/wp\/v2\/posts\/29191\/revisions"}],"wp:featuredmedia":[{"embeddable":true,"href":"https:\/\/imagazine.it\/home_desk\/wp-json\/wp\/v2\/media\/29192"}],"wp:attachment":[{"href":"https:\/\/imagazine.it\/home_desk\/wp-json\/wp\/v2\/media?parent=29191"}],"wp:term":[{"taxonomy":"category","embeddable":true,"href":"https:\/\/imagazine.it\/home_desk\/wp-json\/wp\/v2\/categories?post=29191"},{"taxonomy":"post_tag","embeddable":true,"href":"https:\/\/imagazine.it\/home_desk\/wp-json\/wp\/v2\/tags?post=29191"}],"curies":[{"name":"wp","href":"https:\/\/api.w.org\/{rel}","templated":true}]}}