{"id":29185,"date":"2019-04-01T00:00:00","date_gmt":"2019-03-31T23:00:00","guid":{"rendered":"https:\/\/imagazine.it\/?p=29185"},"modified":"2019-04-01T00:00:00","modified_gmt":"2019-03-31T23:00:00","slug":"pordenone-una-primavera-da-spettacolo","status":"publish","type":"post","link":"https:\/\/imagazine.it\/home_desk\/pordenone-una-primavera-da-spettacolo\/","title":{"rendered":"Pordenone, una primavera da spettacolo"},"content":{"rendered":"<p>Al via il calendario di eventi in programma nel giardino ispirato alla ruralit\u00e0 allestito in piazza XX Settembre a Pordenone per volont\u00e0 dell&#39;amministrazione comunale grazie a Pordenone Fiere e Cia Pordenone. Fino al 19 maggio in programma laboratori per bambini e famiglie, musica, intrattenimento, sport, solidariet\u00e0.<\/p>\n<p>Tutti i sabati e le domeniche pomeriggio saranno aperte le casette enogastronomiche, coi prodotti locali, e ci sar\u00e0 il cavallo con la carrozza.<\/p>\n<p>Il mercoled\u00ec pomeriggio \u2013 dalle 16 \u2013 \u00e8 fisso l&#39;appuntamento con Primavera in piazza, ciclo di laboratori ludico creativi gratuiti per bambini e famiglie a cura di Terra Mater. Venerd\u00ec 5 aprile alle 18 a vivacizzare l\u2019atmosfera di penser\u00e0 il quartetto di ottoni <strong>San Marco Brass Quartet<\/strong> della Societ\u00e0 Musicale Orchestra e coro San Marco, che gioved\u00ec12 alle 18 porter\u00e0 l\u2019ensemble d\u2019arpe <strong>WhatsHarp<\/strong>. Sabato 13 e domenica 14 aprile la mattina (dalle 9) sar\u00e0 dedicata ai Bonsai. Gli <strong>Amici di Hikari<\/strong> propongono un evento dedicato ai bonsai con mostra, dimostrazioni, lavorazioni e consigli SOS.\u00a0<\/p>\n<p>Il primo fine settimana di maggio (venerd\u00ec 3, sabato 4 e domenica 5) arriver\u00e0 il <strong>Mercato Europeo<\/strong> con la sua vivacit\u00e0 e i suoi sapori. Venerd\u00ec 10 maggio alle 18 esibizione del <strong>Pollini Sax Quartet<\/strong> a cura della Societ\u00e0 Musicale Orchestra e coro San Marco, mentre gioved\u00ec 16 alle 18 sar\u00e0 la volta di <strong>C(H)IQ<\/strong> quintetto di clarinetti. Domenica 12 maggio dalle 9 spazio alla mobilit\u00e0 sostenibile con <strong>Bimbinbici<\/strong> a cura dell\u2019Associazione Aruotalibera.\u00a0<\/p>\n<p>Sabato 18 protagonista sar\u00e0 la solidariet\u00e0 con la <strong>Giornata del naso rosso<\/strong> a cura di Vipclaunando, mentre alle 16 si svolger\u00e0 lo speciale laboratorio conclusivo di Terra Mater. Venerd\u00ec 17 e domenica 19 maggio chiusura col botto con apertura del <strong>Giais On The Rock Festival<\/strong>, che poi proseguir\u00e0 in pedemontana durate l\u2019estate. Il concerto di venerd\u00ec (ore 21) vedr\u00e0 protagonista la soprano internazionale <strong>Katia Ricciarelli<\/strong>, special guest del gruppo <strong>QueenMania<\/strong>.<\/p>\n<p><a href=\"http:\/\/imagazinevideotruck.it\/outlet\/relink.html\" target=\"_top\" rel=\"noopener\"><img loading=\"lazy\" decoding=\"async\" align=\"LEFT\" height=\"250\" src=\"http:\/\/imagazinevideotruck.it\/outlet\/outlet30.gif\" width=\"300\" alt=\"\" title=\"\"><\/a><\/p>\n<p>\u00a0<\/p>\n<p>\u00a0<\/p>\n<p>\u00a0<\/p>\n<p>\u00a0<\/p>\n<p>\u00a0<\/p>\n<p>\u00a0<\/p>\n<p>\u00a0<\/p>\n<p>\u00a0<\/p>\n<p>\u00a0<\/p>\n<p>Domenica 19 la pedemontana scender\u00e0 in piazza con stand di prodotti delle terra, artigianato, pro loco, amministrazioni che metteranno in vetrina la propria offerta turistica, enogastronomica e culturale. Alle 17.30 esibizione dei <strong>Danzerini di Aviano<\/strong>, alle 18.30 evento by Giais On The Rock Festival \u201cSei suonato? Che storia!\u201d Spettacolo tra musica e teatro a cura di sei scuole di musica del territorio; alle 20.30 \u201cL\u2019arte dell\u2019invisibile\u201d, spettacolo tra musica e pittura dedicato a Leonardo da Vinci sempre by Giais On The Rock.<\/p>\n<p>Saranno invece di ambito sportivo i seguenti appuntamenti: sabato 6 aprile ore 11.30 conferenza stampa &#8220;InternazionaliBNL d&#39;Italia&#8221; a cura di ASD Tennis Club Pordenone; domenica 7 aprile gara ciclistica su circuito cittadino a cura della Ciclistica Bottecchia; gioved\u00ec 18 alle 18 presentazione squadre partecipanti al torneo di volley Memorial Barattin; venerd\u00ec 19 alle 18 Presentazione squadre partecipanti ai tornei di calcio &#8220;Gallini&#8221; e di pallavolo &#8220;Cornacchia&#8221;.<\/p>\n","protected":false},"excerpt":{"rendered":"<p>Si rianima il giardino piazza<\/p>\n","protected":false},"author":28,"featured_media":29186,"comment_status":"closed","ping_status":"closed","sticky":false,"template":"","format":"standard","meta":{"dwc-title":[],"dwc-content":[],"footnotes":""},"categories":[37],"tags":[],"class_list":["post-29185","post","type-post","status-publish","format-standard","has-post-thumbnail","hentry","category-cultura-e-spettacolo"],"rttpg_featured_image_url":{"full":["https:\/\/imagazine.it\/wp-content\/uploads\/2024\/01\/29053-1.webp",750,454,false],"landscape":["https:\/\/imagazine.it\/wp-content\/uploads\/2024\/01\/29053-1.webp",750,454,false],"portraits":["https:\/\/imagazine.it\/wp-content\/uploads\/2024\/01\/29053-1.webp",750,454,false],"thumbnail":["https:\/\/imagazine.it\/wp-content\/uploads\/2024\/01\/29053-1-150x150.webp",150,150,true],"medium":["https:\/\/imagazine.it\/wp-content\/uploads\/2024\/01\/29053-1-300x182.webp",300,182,true],"large":["https:\/\/imagazine.it\/wp-content\/uploads\/2024\/01\/29053-1.webp",640,387,false],"thumblist":["https:\/\/imagazine.it\/wp-content\/uploads\/2024\/01\/29053-1.webp",300,182,false],"thumbrelated":["https:\/\/imagazine.it\/wp-content\/uploads\/2024\/01\/29053-1.webp",500,303,false],"meccarouselthumb":["https:\/\/imagazine.it\/wp-content\/uploads\/2024\/01\/29053-1.webp",474,287,false],"gridsquare":["https:\/\/imagazine.it\/wp-content\/uploads\/2024\/01\/29053-1.webp",391,237,false],"tileview":["https:\/\/imagazine.it\/wp-content\/uploads\/2024\/01\/29053-1.webp",300,182,false],"1536x1536":["https:\/\/imagazine.it\/wp-content\/uploads\/2024\/01\/29053-1.webp",750,454,false],"2048x2048":["https:\/\/imagazine.it\/wp-content\/uploads\/2024\/01\/29053-1.webp",750,454,false],"newsup-slider-full":["https:\/\/imagazine.it\/wp-content\/uploads\/2024\/01\/29053-1.webp",750,454,false],"newsup-featured":["https:\/\/imagazine.it\/wp-content\/uploads\/2024\/01\/29053-1.webp",750,454,false],"newsup-medium":["https:\/\/imagazine.it\/wp-content\/uploads\/2024\/01\/29053-1-720x380.webp",720,380,true],"tptn_thumbnail":["https:\/\/imagazine.it\/wp-content\/uploads\/2024\/01\/29053-1.webp",250,151,false],"sow-carousel-default":["https:\/\/imagazine.it\/wp-content\/uploads\/2024\/01\/29053-1-272x182.webp",272,182,true]},"rttpg_author":{"display_name":"redazione","author_link":"https:\/\/imagazine.it\/home_desk\/author\/redazione\/"},"rttpg_comment":0,"rttpg_category":"<a href=\"https:\/\/imagazine.it\/home_desk\/category\/cultura-e-spettacolo\/\" rel=\"category tag\">CULTURA&amp;SPETTACOLO<\/a>","rttpg_excerpt":"Si rianima il giardino piazza","_links":{"self":[{"href":"https:\/\/imagazine.it\/home_desk\/wp-json\/wp\/v2\/posts\/29185","targetHints":{"allow":["GET"]}}],"collection":[{"href":"https:\/\/imagazine.it\/home_desk\/wp-json\/wp\/v2\/posts"}],"about":[{"href":"https:\/\/imagazine.it\/home_desk\/wp-json\/wp\/v2\/types\/post"}],"author":[{"embeddable":true,"href":"https:\/\/imagazine.it\/home_desk\/wp-json\/wp\/v2\/users\/28"}],"replies":[{"embeddable":true,"href":"https:\/\/imagazine.it\/home_desk\/wp-json\/wp\/v2\/comments?post=29185"}],"version-history":[{"count":0,"href":"https:\/\/imagazine.it\/home_desk\/wp-json\/wp\/v2\/posts\/29185\/revisions"}],"wp:featuredmedia":[{"embeddable":true,"href":"https:\/\/imagazine.it\/home_desk\/wp-json\/wp\/v2\/media\/29186"}],"wp:attachment":[{"href":"https:\/\/imagazine.it\/home_desk\/wp-json\/wp\/v2\/media?parent=29185"}],"wp:term":[{"taxonomy":"category","embeddable":true,"href":"https:\/\/imagazine.it\/home_desk\/wp-json\/wp\/v2\/categories?post=29185"},{"taxonomy":"post_tag","embeddable":true,"href":"https:\/\/imagazine.it\/home_desk\/wp-json\/wp\/v2\/tags?post=29185"}],"curies":[{"name":"wp","href":"https:\/\/api.w.org\/{rel}","templated":true}]}}