{"id":29183,"date":"2019-04-01T00:00:00","date_gmt":"2019-03-31T23:00:00","guid":{"rendered":"https:\/\/imagazine.it\/?p=29183"},"modified":"2019-04-01T00:00:00","modified_gmt":"2019-03-31T23:00:00","slug":"monfalcone-riapre-il-caffe-municipio","status":"publish","type":"post","link":"https:\/\/imagazine.it\/home_desk\/monfalcone-riapre-il-caffe-municipio\/","title":{"rendered":"Monfalcone, riapre il Caff\u00e8 Municipio"},"content":{"rendered":"<p>Lo storico <strong>Caff\u00e8 Municipio di Monfalcone<\/strong>, nel Palazzo Comunale, <strong>sar\u00e0 inaugurato domenica 7 aprile, alle 18, <\/strong>con un evento pubblico. A precederlo, <strong>sabato 6 aprile, alle 18, lo spettacolo teatrale \u201cCaff\u00e8 Municipio\u201d<\/strong>, scritto da <strong>Roberto Covaz<\/strong> e diretto da <strong>Giorgio Amodeo<\/strong> (al Teatro Comunale di Monfalcone, ingresso libero).<\/p>\n<p>Il programma del doppio evento \u00e8 stato illustrato oggi dal sindaco di Monfalcone, <strong>Anna Maria Cisint<\/strong>, presente l\u2019assessore alla cultura <strong>Luca Fasan<\/strong>, in occasione della presentazione alla stampa della nuova identit\u00e0 grafica di \u201cMonfalcone Eventi\u201d \u2013 ideata da Aps comunicazione \u2013 scelta dall\u2019Amministrazione \u201cper valorizzare ogni tipologia di evento che, in qualche modo, tocca la cultura, e per favorire, con la sua declinazione sugli strumenti di comunicazione che saranno realizzati, la creazione di consenso, la condivisione e la partecipazione\u201d. Un segno grafico di una \u201cM\u201d che \u00e8 al tempo stesso anche una \u201cE\u201d: \u00ab\u201cM\u201d di Monfalcone, \u201cE\u201d di \u201cEventi\u201d; \u201cM\u201d di Monfalcone, \u201cE\u201d di \u201c\u00e8\u201d (come slogan per delle campagna pubblicitarie istituzionali multi soggetto: <em>Monfalcone \u00e8 cultura, Monfalcone \u00e8 musica<\/em>\u2026)\u00bb, spiegano gli ideatori.<\/p>\n<p>In seguito dell\u2019ultimazione dei lavori del Palazzo Comunale \u2013 l\u2019Amministrazione comunale lo ha inaugurato il 5 maggio 2018 \u2013 il <strong>Caff\u00e8 Municipio<\/strong> sar\u00e0 riaperto al pubblico ripristinando l\u2019originale destinazione d\u2019uso dell\u2019edificio che, sino dall\u2019epoca della sua costruzione, vedeva presente quest\u2019attivit\u00e0. Uno dei tre ingressi del Palazzo, consentiva l\u2019accesso ai locali del Caff\u00e8 municipale fin dalla sua costituzione: venne realizzato, tra il 1838 e il 1862, per volont\u00e0 del Podest\u00e0 Valentinis su progetto dell\u2019architetto Parucchetti (anche se alcuni lo ritengono opera dell\u2019ingegner Anderloni, direttore dei lavori per la stazione ferroviaria).<br \/> La gestione del Caff\u00e8 Municipio \u00e8 stata affidata alla pasticceria Maritani.\u00a0<\/p>\n<p>Ad anticipare la riapertura del Caff\u00e8 (sabato 6 aprile alle 18), una pi\u00e8ce legata alla storia di Monfalcone, alle persone e ai personaggi che l\u2019hanno caratterizzata nel corso del tempo: ricordi, aneddoti e immagini che svelano una Monfalcone inedita e a molti sconosciuta.<\/p>\n<p>Nello spettacolo si intrecciano diverse vicende legate alla storia della citt\u00e0, al confine fra realt\u00e0 e immaginazione, che prendono vita attraverso l\u2019andirivieni di frequentatori del Caff\u00e8 Municipio. Ad animare il prologo \u00e8 \u201c<strong>Giovanin dei usei<\/strong>\u201d, personaggio molto popolare a Monfalcone fin dagli anni Quaranta, attorno al quale si muove un caleidoscopio di altri ritratti di monfalconesi pi\u00f9 o meno noti.<\/p>\n<p><a href=\"http:\/\/imagazinevideotruck.it\/outlet\/relink.html\" target=\"_top\" rel=\"noopener\"><img loading=\"lazy\" decoding=\"async\" align=\"LEFT\" height=\"250\" src=\"http:\/\/imagazinevideotruck.it\/outlet\/outlet30.gif\" width=\"300\" alt=\"\" title=\"\"><\/a><\/p>\n<p>\u00a0<\/p>\n<p>\u00a0<\/p>\n<p>\u00a0<\/p>\n<p>\u00a0<\/p>\n<p>\u00a0<\/p>\n<p>\u00a0<\/p>\n<p>\u00a0<\/p>\n<p>\u00a0<\/p>\n<p>\u00a0<\/p>\n<p>Sulla scena ritroviamo la ritrattista e scultrice <strong>Marianna Pascoli<\/strong>, allieva del Canova, cui \u00e8 stata attribuita la stele funeraria della Chiesa della Beata Vergine Marcelliana; ma anche i podest\u00e0 di Monfalcone, il conte <strong>Eugenio Valentinis<\/strong> e il dottor Arturo Rebulla, il cui partito viene scosso dalle tensioni legate alla costruzione del canale navigabile e del canale de Dottori. Suggestiva anche la storia di <strong>Angelo Musmezzi<\/strong>, \u201cil pirata\u201d, latore di un incredibile lascito alla Chiesa e di un fondo per gli studenti poveri ma meritevoli, il cui nome \u00e8 legato anche alla \u201cstrana\u201d vicenda della demolizione della sua tomba, nel cimitero antistante la Chiesa di S. Nicol\u00f2.<\/p>\n<p>Chiude lo spettacolo una passeggiata, virtuale, lungo il canale Valentinis, l\u2019immagine visionaria di una Monfalcone senza il cantiere: l&#39;isola del Belfort, le distese di sabbia, il Lacus Timavi.<\/p>\n","protected":false},"excerpt":{"rendered":"<p>Inaugurazione domenica 7 aprile<\/p>\n","protected":false},"author":28,"featured_media":29184,"comment_status":"closed","ping_status":"closed","sticky":false,"template":"","format":"standard","meta":{"dwc-title":[],"dwc-content":[],"footnotes":""},"categories":[5],"tags":[],"class_list":["post-29183","post","type-post","status-publish","format-standard","has-post-thumbnail","hentry","category-attualita"],"rttpg_featured_image_url":{"full":["https:\/\/imagazine.it\/wp-content\/uploads\/2024\/01\/29046-1.webp",750,493,false],"landscape":["https:\/\/imagazine.it\/wp-content\/uploads\/2024\/01\/29046-1.webp",750,493,false],"portraits":["https:\/\/imagazine.it\/wp-content\/uploads\/2024\/01\/29046-1.webp",750,493,false],"thumbnail":["https:\/\/imagazine.it\/wp-content\/uploads\/2024\/01\/29046-1-150x150.webp",150,150,true],"medium":["https:\/\/imagazine.it\/wp-content\/uploads\/2024\/01\/29046-1-300x197.webp",300,197,true],"large":["https:\/\/imagazine.it\/wp-content\/uploads\/2024\/01\/29046-1.webp",640,421,false],"thumblist":["https:\/\/imagazine.it\/wp-content\/uploads\/2024\/01\/29046-1.webp",300,197,false],"thumbrelated":["https:\/\/imagazine.it\/wp-content\/uploads\/2024\/01\/29046-1.webp",500,329,false],"meccarouselthumb":["https:\/\/imagazine.it\/wp-content\/uploads\/2024\/01\/29046-1.webp",474,312,false],"gridsquare":["https:\/\/imagazine.it\/wp-content\/uploads\/2024\/01\/29046-1.webp",391,257,false],"tileview":["https:\/\/imagazine.it\/wp-content\/uploads\/2024\/01\/29046-1.webp",300,197,false],"1536x1536":["https:\/\/imagazine.it\/wp-content\/uploads\/2024\/01\/29046-1.webp",750,493,false],"2048x2048":["https:\/\/imagazine.it\/wp-content\/uploads\/2024\/01\/29046-1.webp",750,493,false],"newsup-slider-full":["https:\/\/imagazine.it\/wp-content\/uploads\/2024\/01\/29046-1.webp",750,493,false],"newsup-featured":["https:\/\/imagazine.it\/wp-content\/uploads\/2024\/01\/29046-1.webp",750,493,false],"newsup-medium":["https:\/\/imagazine.it\/wp-content\/uploads\/2024\/01\/29046-1-720x380.webp",720,380,true],"tptn_thumbnail":["https:\/\/imagazine.it\/wp-content\/uploads\/2024\/01\/29046-1.webp",250,164,false],"sow-carousel-default":["https:\/\/imagazine.it\/wp-content\/uploads\/2024\/01\/29046-1-272x182.webp",272,182,true]},"rttpg_author":{"display_name":"redazione","author_link":"https:\/\/imagazine.it\/home_desk\/author\/redazione\/"},"rttpg_comment":0,"rttpg_category":"<a href=\"https:\/\/imagazine.it\/home_desk\/category\/attualita\/\" rel=\"category tag\">ATTUALIT\u00c0<\/a>","rttpg_excerpt":"Inaugurazione domenica 7 aprile","_links":{"self":[{"href":"https:\/\/imagazine.it\/home_desk\/wp-json\/wp\/v2\/posts\/29183","targetHints":{"allow":["GET"]}}],"collection":[{"href":"https:\/\/imagazine.it\/home_desk\/wp-json\/wp\/v2\/posts"}],"about":[{"href":"https:\/\/imagazine.it\/home_desk\/wp-json\/wp\/v2\/types\/post"}],"author":[{"embeddable":true,"href":"https:\/\/imagazine.it\/home_desk\/wp-json\/wp\/v2\/users\/28"}],"replies":[{"embeddable":true,"href":"https:\/\/imagazine.it\/home_desk\/wp-json\/wp\/v2\/comments?post=29183"}],"version-history":[{"count":0,"href":"https:\/\/imagazine.it\/home_desk\/wp-json\/wp\/v2\/posts\/29183\/revisions"}],"wp:featuredmedia":[{"embeddable":true,"href":"https:\/\/imagazine.it\/home_desk\/wp-json\/wp\/v2\/media\/29184"}],"wp:attachment":[{"href":"https:\/\/imagazine.it\/home_desk\/wp-json\/wp\/v2\/media?parent=29183"}],"wp:term":[{"taxonomy":"category","embeddable":true,"href":"https:\/\/imagazine.it\/home_desk\/wp-json\/wp\/v2\/categories?post=29183"},{"taxonomy":"post_tag","embeddable":true,"href":"https:\/\/imagazine.it\/home_desk\/wp-json\/wp\/v2\/tags?post=29183"}],"curies":[{"name":"wp","href":"https:\/\/api.w.org\/{rel}","templated":true}]}}