{"id":29155,"date":"2019-03-28T00:00:00","date_gmt":"2019-03-27T23:00:00","guid":{"rendered":"https:\/\/imagazine.it\/?p=29155"},"modified":"2019-03-28T00:00:00","modified_gmt":"2019-03-27T23:00:00","slug":"percoto-canta-verso-grandi-orizzonti","status":"publish","type":"post","link":"https:\/\/imagazine.it\/home_desk\/percoto-canta-verso-grandi-orizzonti\/","title":{"rendered":"Percoto Canta verso grandi orizzonti"},"content":{"rendered":"<p>Percoto Canta presenta oggi la sua\u00a0<strong>32sima edizione<\/strong>, che vede subito due importanti novit\u00e0. La prima riguarda la serata finale, che si terr\u00e0\u00a0<strong>sabato 28 settembre<\/strong>\u00a0al\u00a0<strong>Teatro Nuovo Giovanni da Udine<\/strong>. Un vero e proprio salto di qualit\u00e0 per il concorso, che trova casa in uno dei maggiori teatri del Friuli Venezia Giulia e del Nordest, un contesto perfetto per esaltare le qualit\u00e0 dei concorrenti e l\u2019accompagnamento dell\u2019orchestra guidata dal\u00a0<strong>M\u00b0 Nevio Lestuzzi<\/strong>, impreziosita anche quest\u2019anno dalla sezione archi della<strong>\u00a0Mitteleuropa Orchestra<\/strong>. Percoto Canta \u00e8 infatti uno dei pochi concorsi canori che vede una vera orchestra accompagnare tutte le esibizioni dei concorrenti.<\/p>\n<p>La seconda novit\u00e0 \u00e8 che il concorso superer\u00e0 quest\u2019anno i confini nazionali, aprendosi anche ai partecipanti dall\u2019estero e inserendo, come membro della giuria di qualit\u00e0, un\u2019artista internazionale,\u00a0<strong>Tinkara Kova\u010d<\/strong>, musicista, cantante e flautista slovena molto conosciuta a livello europeo. Assieme a Tinkara, la giuria conter\u00e0 altri grandi nomi della musica italiana come la cantante e vocal coach\u00a0<strong>Paola Folli<\/strong>, il\u00a0cantautore, attore e volto televisivo\u00a0<strong>Gi\u00f2 Di Tonno<\/strong>\u00a0e l\u2019icona del rock italiano, front man e leader dei mitici Timoria,\u00a0<strong>Omar Pedrini<\/strong>.<\/p>\n<p>Grandi nomi che si aggiungono a quelli delle edizioni passate, dove troviamo Lodovica Comello, Bungaro, Rossana Casale, Silvia Mezzanotte, Peppe Vessicchio, Remo Anzovino, Simona Molinari, Adriano Pennino, L&#39;Aura, Luca Pitteri e Marcello Balestra, tra gli altri.<\/p>\n<p>Le\u00a0<strong>iscrizioni\u00a0<\/strong>a Percoto Canta sono aperte e lo saranno\u00a0<strong>fino all\u20198 maggio<\/strong>, per le tre categorie\u00a0<strong>Junior<\/strong>,\u00a0<strong>Senior<\/strong>\u00a0e\u00a0<strong>Cantautori \u2013 Brani Inediti<\/strong>. Una volta chiusa la fase delle iscrizioni, le migliori proposte vagliate dai giurati verranno ammesse alla seconda fase del concorso, quella delle\u00a0<strong>selezioni live<\/strong>, che si terranno sabato e domenica\u00a0<strong>18 e 19 maggio<\/strong>\u00a0alla\u00a0<strong>Casa della Musica<\/strong>\u00a0di\u00a0<strong>Cervignano del Friuli<\/strong>. Sar\u00e0 in questa occasione che si assegneranno ufficialmente i pass per la finale del Teatro Nuovo Giovanni da Udine.<\/p>\n<p>Percoto Canta e i suoi volontari hanno da sempre lavorato per diffondere la cultura della buona musica e fedeli a questo approccio saranno anche i premi per i vincitori, a cui andranno borse di studio per un valore di\u00a0<strong>3.500 euro<\/strong>.<\/p>\n<p><a href=\"http:\/\/imagazinevideotruck.it\/outlet\/relink.html\" target=\"_top\" rel=\"noopener\"><img loading=\"lazy\" decoding=\"async\" align=\"LEFT\" height=\"250\" src=\"http:\/\/imagazinevideotruck.it\/outlet\/outlet30.gif\" width=\"300\" alt=\"\" title=\"\"><\/a><\/p>\n<p>\u00a0<\/p>\n<p>\u00a0<\/p>\n<p>\u00a0<\/p>\n<p>\u00a0<\/p>\n<p>\u00a0<\/p>\n<p>\u00a0<\/p>\n<p>\u00a0<\/p>\n<p>\u00a0<\/p>\n<p>\u00a0<\/p>\n<p>Per consultare le modalit\u00e0 di iscrizione, il regolamento e tutte le informazioni sulla manifestazione visitare il sito\u00a0<u><a href=\"http:\/\/www.percotocanta.it\/\" target=\"_blank\" rel=\"noopener\">www.percotocanta.it<\/a><\/u>\u00a0alla sezione \u201ciscrizione\u201d, o scrivere a\u00a0<a href=\"mailto:info@percotocanta.it\" target=\"_blank\" rel=\"noopener\">info@percotocanta.it<\/a>. Tutti gli aggiornamenti in tempo reale anche sulle pagine Facebook, Instagram e Twitter \u201cPercoto Canta\u201d.<\/p>\n<p>Nata nel 1988 dall\u2019idea di un gruppo di amici, Percoto Canta ha valorizzato, edizione dopo edizione, centinaia di talenti provenienti da tutta la penisola. Per alcuni di loro il sogno si \u00e8 avverato, come ad esempio per la meravigliosa\u00a0<strong>Lodovica Comello<\/strong>, ora star internazionale, o la giovane\u00a0<strong>Shari Noioso<\/strong>, gi\u00e0 finalista del programma \u201cTu si que Vales\u201d e scelta da Il Volo per prendere parte al loro tour italiano. La\u00a0<strong>32sima Edizione<\/strong>\u00a0di\u00a0<strong>Percoto Canta<\/strong>\u00a0\u00e8 organizzata dall&#39;Associazione Culturale Musicale &#8220;<strong>Percoto Canta<\/strong>&#8220;, in collaborazione con la\u00a0<strong>Regione Friuli Venezia Giulia<\/strong>, i\u00a0<strong>Comuni di Pavia di Udine<\/strong>,<strong>\u00a0Udine<\/strong>\u00a0e\u00a0<strong>Cervignano del Friuli<\/strong>, il patrocinio di\u00a0<strong>PromoTurismoFVG<\/strong>\u00a0e di\u00a0<strong>Pavia di Udine Impresa<\/strong>.<\/p>\n","protected":false},"excerpt":{"rendered":"<p>Presentata la 32sima edizione della kermesse<\/p>\n","protected":false},"author":28,"featured_media":29156,"comment_status":"closed","ping_status":"closed","sticky":false,"template":"","format":"standard","meta":{"dwc-title":[],"dwc-content":[],"footnotes":""},"categories":[37],"tags":[],"class_list":["post-29155","post","type-post","status-publish","format-standard","has-post-thumbnail","hentry","category-cultura-e-spettacolo"],"rttpg_featured_image_url":{"full":["https:\/\/imagazine.it\/wp-content\/uploads\/2024\/01\/28978-1.webp",750,431,false],"landscape":["https:\/\/imagazine.it\/wp-content\/uploads\/2024\/01\/28978-1.webp",750,431,false],"portraits":["https:\/\/imagazine.it\/wp-content\/uploads\/2024\/01\/28978-1.webp",750,431,false],"thumbnail":["https:\/\/imagazine.it\/wp-content\/uploads\/2024\/01\/28978-1-150x150.webp",150,150,true],"medium":["https:\/\/imagazine.it\/wp-content\/uploads\/2024\/01\/28978-1-300x172.webp",300,172,true],"large":["https:\/\/imagazine.it\/wp-content\/uploads\/2024\/01\/28978-1.webp",640,368,false],"thumblist":["https:\/\/imagazine.it\/wp-content\/uploads\/2024\/01\/28978-1.webp",300,172,false],"thumbrelated":["https:\/\/imagazine.it\/wp-content\/uploads\/2024\/01\/28978-1.webp",500,287,false],"meccarouselthumb":["https:\/\/imagazine.it\/wp-content\/uploads\/2024\/01\/28978-1.webp",474,272,false],"gridsquare":["https:\/\/imagazine.it\/wp-content\/uploads\/2024\/01\/28978-1.webp",391,225,false],"tileview":["https:\/\/imagazine.it\/wp-content\/uploads\/2024\/01\/28978-1.webp",300,172,false],"1536x1536":["https:\/\/imagazine.it\/wp-content\/uploads\/2024\/01\/28978-1.webp",750,431,false],"2048x2048":["https:\/\/imagazine.it\/wp-content\/uploads\/2024\/01\/28978-1.webp",750,431,false],"newsup-slider-full":["https:\/\/imagazine.it\/wp-content\/uploads\/2024\/01\/28978-1.webp",750,431,false],"newsup-featured":["https:\/\/imagazine.it\/wp-content\/uploads\/2024\/01\/28978-1.webp",750,431,false],"newsup-medium":["https:\/\/imagazine.it\/wp-content\/uploads\/2024\/01\/28978-1-720x380.webp",720,380,true],"tptn_thumbnail":["https:\/\/imagazine.it\/wp-content\/uploads\/2024\/01\/28978-1.webp",250,144,false],"sow-carousel-default":["https:\/\/imagazine.it\/wp-content\/uploads\/2024\/01\/28978-1-272x182.webp",272,182,true]},"rttpg_author":{"display_name":"redazione","author_link":"https:\/\/imagazine.it\/home_desk\/author\/redazione\/"},"rttpg_comment":0,"rttpg_category":"<a href=\"https:\/\/imagazine.it\/home_desk\/category\/cultura-e-spettacolo\/\" rel=\"category tag\">CULTURA&amp;SPETTACOLO<\/a>","rttpg_excerpt":"Presentata la 32sima edizione della kermesse","_links":{"self":[{"href":"https:\/\/imagazine.it\/home_desk\/wp-json\/wp\/v2\/posts\/29155","targetHints":{"allow":["GET"]}}],"collection":[{"href":"https:\/\/imagazine.it\/home_desk\/wp-json\/wp\/v2\/posts"}],"about":[{"href":"https:\/\/imagazine.it\/home_desk\/wp-json\/wp\/v2\/types\/post"}],"author":[{"embeddable":true,"href":"https:\/\/imagazine.it\/home_desk\/wp-json\/wp\/v2\/users\/28"}],"replies":[{"embeddable":true,"href":"https:\/\/imagazine.it\/home_desk\/wp-json\/wp\/v2\/comments?post=29155"}],"version-history":[{"count":0,"href":"https:\/\/imagazine.it\/home_desk\/wp-json\/wp\/v2\/posts\/29155\/revisions"}],"wp:featuredmedia":[{"embeddable":true,"href":"https:\/\/imagazine.it\/home_desk\/wp-json\/wp\/v2\/media\/29156"}],"wp:attachment":[{"href":"https:\/\/imagazine.it\/home_desk\/wp-json\/wp\/v2\/media?parent=29155"}],"wp:term":[{"taxonomy":"category","embeddable":true,"href":"https:\/\/imagazine.it\/home_desk\/wp-json\/wp\/v2\/categories?post=29155"},{"taxonomy":"post_tag","embeddable":true,"href":"https:\/\/imagazine.it\/home_desk\/wp-json\/wp\/v2\/tags?post=29155"}],"curies":[{"name":"wp","href":"https:\/\/api.w.org\/{rel}","templated":true}]}}