{"id":29136,"date":"2019-03-26T00:00:00","date_gmt":"2019-03-25T23:00:00","guid":{"rendered":"https:\/\/imagazine.it\/?p=29136"},"modified":"2019-03-26T00:00:00","modified_gmt":"2019-03-25T23:00:00","slug":"il-cacciatore-delle-alte-energie-nelluniverso-sbarca-a-pordenone","status":"publish","type":"post","link":"https:\/\/imagazine.it\/home_desk\/il-cacciatore-delle-alte-energie-nelluniverso-sbarca-a-pordenone\/","title":{"rendered":"Il \u201ccacciatore\u201d delle alte energie nell\u2019Universo sbarca a Pordenone"},"content":{"rendered":"<p>Il suo sguardo \u00e8 rivolto all\u2019universo profondo, alle pi\u00f9 oscure e sconosciute zone dello spazio dove si muovono le alte energie: quello del professore <strong>Federico Ferrini <\/strong>\u00e8 un occhio che scruta lo sconosciuto pi\u00f9 assoluto assieme ai 1.400 ricercatori internazionali che coordina in qualit\u00e0 di direttore del Cherenkov Telescope Array Observatory (CTAO), unico gruppo al mondo che si occupa delle alte energie.<\/p>\n<p>Federico Ferrini sar\u00e0 il protagonista <strong>il 6 aprile alle 11.15 all\u2019auditorium Concordia di Pordenone di un incontro di divulgazione scientifica dal titolo \u201cDal sogno di Einstein alla carica dei 118&#8243; in cui l\u2019astrofisico sar\u00e0 a disposizione del pubblico pordenonese,<\/strong> in particolare degli studenti delle scuole superiori, organizzato dalla Sezione AIF di Pordenone (associazione per l\u2019insegnamento della fisica) nell\u2019ambito della <strong>rassegna Imparare Sperimentando, iniziativa che negli ultimi diciassette anni ha portato a Pordenone i maggiori esponenti della ricerca fisica e astronomica mondiale<\/strong>.<\/p>\n<p>L\u2019appuntamento \u00e8 realizzato in collaborazione con la Storica Societ\u00e0 Operaia di Pordenone, con il patrocinio della Regione FVG e il contributo del Comune di Pordenone, del Consorzio universitario di Pordenone, di NoxorSokem Group e di Fratelli Martin.<\/p>\n<p><strong>Federico Ferrini \u00e8 uno degli scienziati italiani oggi pi\u00f9 rilevanti al mondo, <\/strong>gi\u00e1 direttore Ego dal 2011 al 2017 (per l\u2019esperimento Virgo realizzato per cercare le onde gravitazionali, uno dei maggiori orgogli italiani nello scenario mondiale); da marzo del 2018 dirige il progetto che riunisce una rete di 118 telescopi del Cta, il primo dei quali \u00e8 stato inaugurato alle Canarie il 10 ottobre dello scorso anno. Si tratta di un progetto che vede coinvolti Paesi e ricercatori di tutto il mondo per la realizzazione di due grandi osservatori astronomici (il primo nell&#39;America Meridionale, nel deserto di Atacama, e il secondo nell&#39;isola di La Palma, Canarie) che studieranno i fenomeni pi\u00f9 energici e violenti dell&#39;Universo &#8211; come le esplosioni di supernove o i buchi neri &#8211; attraverso i raggi gamma.<\/p>\n<p>\u00c8 un progetto colossale e ambizioso, una rete di telescopi che funzioneranno come un unico telescopio (il pi\u00f9 grande e sensibile al mondo) per raggi gamma, grazie al quale sar\u00e0 possibile studiare i lampi gamma emessi con le onde gravitazionali o l&#39;interazione dei raggi cosmici con la materia oscura, ottenendo preziose informazioni sulla loro natura e distribuzione.<\/p>\n<p>Questi telescopi, a oggi, sono l&#39;unica possibilit\u00e0 di fare astrofisica delle alte energie dalla Terra, uno strumento all&#39;avanguardia che aprir\u00e0 nuove prospettive per l&#39;astronomia e lo studio del Cosmo.<\/p>\n<p><a href=\"http:\/\/imagazinevideotruck.it\/outlet\/relink.html\" target=\"_top\" rel=\"noopener\"><img loading=\"lazy\" decoding=\"async\" align=\"LEFT\" height=\"250\" src=\"http:\/\/imagazinevideotruck.it\/outlet\/outlet30.gif\" width=\"300\" alt=\"\" title=\"\"><\/a><\/p>\n<p>\u00a0<\/p>\n<p>\u00a0<\/p>\n<p>\u00a0<\/p>\n<p>\u00a0<\/p>\n<p>\u00a0<\/p>\n<p>\u00a0<\/p>\n<p>\u00a0<\/p>\n<p>\u00a0<\/p>\n<p>\u00a0<\/p>\n<p>L\u2019Italia resta centrale nella ricerca astrofisica, attraverso la direzione di Ferrini e attraverso il Ctao la cui sede centrale \u00e8 in Italia a Bologna in una delle strutture dell\u2019Istituto nazionale di astrofisica (Inaf).<\/p>\n<p>Con alle spalle pi\u00f9 di trent\u2019anni dedicati alla ricerca e all\u2019insegnamento di astrofisica all\u2019Universit\u00e0 di Pisa, Federico Ferrini \u00e8 stato nominato direttore dell\u2019Osservatorio gravitazionale europeo (Ego). Inoltre ha ricoperto il ruolo di addetto scientifico presso la Missione permanente d\u2019Italia a Ginevra e il presidente del consiglio di amministrazione e del comitato per gli investimenti del Cern Pension Fund.<\/p>\n","protected":false},"excerpt":{"rendered":"<p>Sabato 6 aprile all&#8217;Auditorium Concordia<\/p>\n","protected":false},"author":28,"featured_media":29137,"comment_status":"closed","ping_status":"closed","sticky":false,"template":"","format":"standard","meta":{"dwc-title":[],"dwc-content":[],"footnotes":""},"categories":[6],"tags":[],"class_list":["post-29136","post","type-post","status-publish","format-standard","has-post-thumbnail","hentry","category-societa"],"rttpg_featured_image_url":{"full":["https:\/\/imagazine.it\/wp-content\/uploads\/2024\/01\/28952-1.webp",750,530,false],"landscape":["https:\/\/imagazine.it\/wp-content\/uploads\/2024\/01\/28952-1.webp",750,530,false],"portraits":["https:\/\/imagazine.it\/wp-content\/uploads\/2024\/01\/28952-1.webp",750,530,false],"thumbnail":["https:\/\/imagazine.it\/wp-content\/uploads\/2024\/01\/28952-1-150x150.webp",150,150,true],"medium":["https:\/\/imagazine.it\/wp-content\/uploads\/2024\/01\/28952-1-300x212.webp",300,212,true],"large":["https:\/\/imagazine.it\/wp-content\/uploads\/2024\/01\/28952-1.webp",640,452,false],"thumblist":["https:\/\/imagazine.it\/wp-content\/uploads\/2024\/01\/28952-1.webp",300,212,false],"thumbrelated":["https:\/\/imagazine.it\/wp-content\/uploads\/2024\/01\/28952-1.webp",500,353,false],"meccarouselthumb":["https:\/\/imagazine.it\/wp-content\/uploads\/2024\/01\/28952-1.webp",458,324,false],"gridsquare":["https:\/\/imagazine.it\/wp-content\/uploads\/2024\/01\/28952-1.webp",368,260,false],"tileview":["https:\/\/imagazine.it\/wp-content\/uploads\/2024\/01\/28952-1.webp",300,212,false],"1536x1536":["https:\/\/imagazine.it\/wp-content\/uploads\/2024\/01\/28952-1.webp",750,530,false],"2048x2048":["https:\/\/imagazine.it\/wp-content\/uploads\/2024\/01\/28952-1.webp",750,530,false],"newsup-slider-full":["https:\/\/imagazine.it\/wp-content\/uploads\/2024\/01\/28952-1.webp",750,530,false],"newsup-featured":["https:\/\/imagazine.it\/wp-content\/uploads\/2024\/01\/28952-1.webp",750,530,false],"newsup-medium":["https:\/\/imagazine.it\/wp-content\/uploads\/2024\/01\/28952-1-720x380.webp",720,380,true],"tptn_thumbnail":["https:\/\/imagazine.it\/wp-content\/uploads\/2024\/01\/28952-1.webp",250,177,false],"sow-carousel-default":["https:\/\/imagazine.it\/wp-content\/uploads\/2024\/01\/28952-1-272x182.webp",272,182,true]},"rttpg_author":{"display_name":"redazione","author_link":"https:\/\/imagazine.it\/home_desk\/author\/redazione\/"},"rttpg_comment":0,"rttpg_category":"<a href=\"https:\/\/imagazine.it\/home_desk\/category\/societa\/\" rel=\"category tag\">SOCIET\u00c0<\/a>","rttpg_excerpt":"Sabato 6 aprile all'Auditorium Concordia","_links":{"self":[{"href":"https:\/\/imagazine.it\/home_desk\/wp-json\/wp\/v2\/posts\/29136","targetHints":{"allow":["GET"]}}],"collection":[{"href":"https:\/\/imagazine.it\/home_desk\/wp-json\/wp\/v2\/posts"}],"about":[{"href":"https:\/\/imagazine.it\/home_desk\/wp-json\/wp\/v2\/types\/post"}],"author":[{"embeddable":true,"href":"https:\/\/imagazine.it\/home_desk\/wp-json\/wp\/v2\/users\/28"}],"replies":[{"embeddable":true,"href":"https:\/\/imagazine.it\/home_desk\/wp-json\/wp\/v2\/comments?post=29136"}],"version-history":[{"count":0,"href":"https:\/\/imagazine.it\/home_desk\/wp-json\/wp\/v2\/posts\/29136\/revisions"}],"wp:featuredmedia":[{"embeddable":true,"href":"https:\/\/imagazine.it\/home_desk\/wp-json\/wp\/v2\/media\/29137"}],"wp:attachment":[{"href":"https:\/\/imagazine.it\/home_desk\/wp-json\/wp\/v2\/media?parent=29136"}],"wp:term":[{"taxonomy":"category","embeddable":true,"href":"https:\/\/imagazine.it\/home_desk\/wp-json\/wp\/v2\/categories?post=29136"},{"taxonomy":"post_tag","embeddable":true,"href":"https:\/\/imagazine.it\/home_desk\/wp-json\/wp\/v2\/tags?post=29136"}],"curies":[{"name":"wp","href":"https:\/\/api.w.org\/{rel}","templated":true}]}}