{"id":29126,"date":"2019-03-25T00:00:00","date_gmt":"2019-03-24T23:00:00","guid":{"rendered":"https:\/\/imagazine.it\/?p=29126"},"modified":"2019-03-25T00:00:00","modified_gmt":"2019-03-24T23:00:00","slug":"scuola-e-lavoro-da-udine-nuovi-scenari","status":"publish","type":"post","link":"https:\/\/imagazine.it\/home_desk\/scuola-e-lavoro-da-udine-nuovi-scenari\/","title":{"rendered":"Scuola e lavoro, da Udine nuovi scenari"},"content":{"rendered":"<p>Mondo della scuola e mondo dell\u2019impresa sempre pi\u00f9 vicini anche nella nostra regione: Confcooperative Friuli Venezia Giulia e il Liceo \u201cC. Percoto\u201d di Udine hanno sottoscritto un Protocollo d\u2019intesa per lo sviluppo di percorsi per le competenze trasversali e l\u2019orientamento. Il protocollo in oggetto \u00e8 stato sottoscritto con il supporto di Anpal Servizi (Agenzia Nazionale per le Politiche attive del Lavoro). Il \u201cPercoto\u201d, infatti, \u00e8 tra gli Istituti che hanno aderito alla rete di tutor per l\u2019alternanza scuola-lavoro, fra i cui compiti vi \u00e8 quello di supportare le scuole nella gestione del rapporto con il mondo dell\u2019impresa.<\/p>\n<p><a href=\"http:\/\/imagazinevideotruck.it\/outlet\/relink.html\" target=\"_top\" rel=\"noopener\"><img loading=\"lazy\" decoding=\"async\" align=\"LEFT\" height=\"250\" src=\"http:\/\/imagazinevideotruck.it\/outlet\/outlet30.gif\" width=\"300\" alt=\"\" title=\"\"><\/a><\/p>\n<p>\u00a0<\/p>\n<p>\u00a0<\/p>\n<p>\u00a0<\/p>\n<p>\u00a0<\/p>\n<p>\u00a0<\/p>\n<p>\u00a0<\/p>\n<p>\u00a0<\/p>\n<p>\u00a0<\/p>\n<p>\u00a0<\/p>\n<p>\u00abQuesto accordo \u00e8 particolarmente significativo in quanto faciliter\u00e0 la realizzazione di percorsi formativi e di orientamento, sulla base di un\u2019effettiva co-progettazione sia sul piano delle competenze trasversali e tecnico-professionali da acquisire, sia su quello della valutazione dei risultati raggiunti. \u00c8 attraverso collaborazioni come queste che i luoghi di lavoro possono diventare contesti di apprendimento e fornire agli allievi strumenti efficaci per conoscere se stessi e il mondo economico e sociale\u00bb, spiega la dirigente del \u201cPercoto\u201d, <strong>Gabriella Zanocco<\/strong>.<\/p>\n<p>\u00abSi tratta di un\u2019importante iniziativa che consente di fare rete e mettere a sistema le competenze di soggetti istituzionali diversi, ciascuno per il bagaglio di conoscenze che pu\u00f2 portare. Per il mondo cooperativo, il rapporto con le scuole \u00e8 da anni fecondo e ricco di progettualit\u00e0 di grandissimo interesse; \u00e8 per noi sempre motivo di soddisfazione poter diffondere i valori del lavoro, dell\u2019impegno e della cooperazione tra i pi\u00f9 giovani\u00bb, commenta <strong>Giuseppe Graffi Brunoro<\/strong>, presidente regionale di Confcooperative.<\/p>\n<p>L\u2019organizzazione cooperativa punta a promuovere \u201cpercorsi di qualit\u00e0\u201d che prevedono l\u2019elaborazione di un progetto formativo concordato fra la scuola, lo studente e l\u2019impresa (cooperativa) ospitante, nel quale vengono definite le attivit\u00e0 pratiche da svolgere durante l\u2019ospitalit\u00e0, le competenze tecniche e trasversali da acquisire e gli strumenti di valutazione degli apprendimenti da condividere con i tutor aziendali. Tra le altre iniziative, anche le \u201cimprese simulate\u201d e incontri con gli imprenditori cooperativi oltre ad attivit\u00e0 di orientamento.<\/p>\n<p>Sono pi\u00f9 di 3.000 gli studenti che, ogni anno, vengono coinvolti da Confcooperative Fvg nelle attivit\u00e0 di educazione imprenditoriale e cultura cooperativa.<\/p>\n","protected":false},"excerpt":{"rendered":"<p>Con il supporto di Anpal Servizi<\/p>\n","protected":false},"author":28,"featured_media":29127,"comment_status":"closed","ping_status":"closed","sticky":false,"template":"","format":"standard","meta":{"dwc-title":[],"dwc-content":[],"footnotes":""},"categories":[5],"tags":[],"class_list":["post-29126","post","type-post","status-publish","format-standard","has-post-thumbnail","hentry","category-attualita"],"rttpg_featured_image_url":{"full":["https:\/\/imagazine.it\/wp-content\/uploads\/2024\/01\/28922-1.webp",750,407,false],"landscape":["https:\/\/imagazine.it\/wp-content\/uploads\/2024\/01\/28922-1.webp",750,407,false],"portraits":["https:\/\/imagazine.it\/wp-content\/uploads\/2024\/01\/28922-1.webp",750,407,false],"thumbnail":["https:\/\/imagazine.it\/wp-content\/uploads\/2024\/01\/28922-1-150x150.webp",150,150,true],"medium":["https:\/\/imagazine.it\/wp-content\/uploads\/2024\/01\/28922-1-300x163.webp",300,163,true],"large":["https:\/\/imagazine.it\/wp-content\/uploads\/2024\/01\/28922-1.webp",640,347,false],"thumblist":["https:\/\/imagazine.it\/wp-content\/uploads\/2024\/01\/28922-1.webp",300,163,false],"thumbrelated":["https:\/\/imagazine.it\/wp-content\/uploads\/2024\/01\/28922-1.webp",500,271,false],"meccarouselthumb":["https:\/\/imagazine.it\/wp-content\/uploads\/2024\/01\/28922-1.webp",474,257,false],"gridsquare":["https:\/\/imagazine.it\/wp-content\/uploads\/2024\/01\/28922-1.webp",391,212,false],"tileview":["https:\/\/imagazine.it\/wp-content\/uploads\/2024\/01\/28922-1.webp",300,163,false],"1536x1536":["https:\/\/imagazine.it\/wp-content\/uploads\/2024\/01\/28922-1.webp",750,407,false],"2048x2048":["https:\/\/imagazine.it\/wp-content\/uploads\/2024\/01\/28922-1.webp",750,407,false],"newsup-slider-full":["https:\/\/imagazine.it\/wp-content\/uploads\/2024\/01\/28922-1.webp",750,407,false],"newsup-featured":["https:\/\/imagazine.it\/wp-content\/uploads\/2024\/01\/28922-1.webp",750,407,false],"newsup-medium":["https:\/\/imagazine.it\/wp-content\/uploads\/2024\/01\/28922-1-720x380.webp",720,380,true],"tptn_thumbnail":["https:\/\/imagazine.it\/wp-content\/uploads\/2024\/01\/28922-1.webp",250,136,false],"sow-carousel-default":["https:\/\/imagazine.it\/wp-content\/uploads\/2024\/01\/28922-1-272x182.webp",272,182,true]},"rttpg_author":{"display_name":"redazione","author_link":"https:\/\/imagazine.it\/home_desk\/author\/redazione\/"},"rttpg_comment":0,"rttpg_category":"<a href=\"https:\/\/imagazine.it\/home_desk\/category\/attualita\/\" rel=\"category tag\">ATTUALIT\u00c0<\/a>","rttpg_excerpt":"Con il supporto di Anpal Servizi","_links":{"self":[{"href":"https:\/\/imagazine.it\/home_desk\/wp-json\/wp\/v2\/posts\/29126","targetHints":{"allow":["GET"]}}],"collection":[{"href":"https:\/\/imagazine.it\/home_desk\/wp-json\/wp\/v2\/posts"}],"about":[{"href":"https:\/\/imagazine.it\/home_desk\/wp-json\/wp\/v2\/types\/post"}],"author":[{"embeddable":true,"href":"https:\/\/imagazine.it\/home_desk\/wp-json\/wp\/v2\/users\/28"}],"replies":[{"embeddable":true,"href":"https:\/\/imagazine.it\/home_desk\/wp-json\/wp\/v2\/comments?post=29126"}],"version-history":[{"count":0,"href":"https:\/\/imagazine.it\/home_desk\/wp-json\/wp\/v2\/posts\/29126\/revisions"}],"wp:featuredmedia":[{"embeddable":true,"href":"https:\/\/imagazine.it\/home_desk\/wp-json\/wp\/v2\/media\/29127"}],"wp:attachment":[{"href":"https:\/\/imagazine.it\/home_desk\/wp-json\/wp\/v2\/media?parent=29126"}],"wp:term":[{"taxonomy":"category","embeddable":true,"href":"https:\/\/imagazine.it\/home_desk\/wp-json\/wp\/v2\/categories?post=29126"},{"taxonomy":"post_tag","embeddable":true,"href":"https:\/\/imagazine.it\/home_desk\/wp-json\/wp\/v2\/tags?post=29126"}],"curies":[{"name":"wp","href":"https:\/\/api.w.org\/{rel}","templated":true}]}}