{"id":29122,"date":"2019-03-25T00:00:00","date_gmt":"2019-03-24T23:00:00","guid":{"rendered":"https:\/\/imagazine.it\/?p=29122"},"modified":"2019-03-25T00:00:00","modified_gmt":"2019-03-24T23:00:00","slug":"premio-luchetta-scelti-i-finalisti","status":"publish","type":"post","link":"https:\/\/imagazine.it\/home_desk\/premio-luchetta-scelti-i-finalisti\/","title":{"rendered":"Premio Luchetta, scelti i finalisti"},"content":{"rendered":"<p>Annunciate le <strong>terne finaliste delle cinque categorie dell\u2019edizione 2019 del Premio giornalistico internazionale Marco Luchetta<\/strong>. I vincitori saranno proclamati alla vigilia di <strong>Link Festival 2019<\/strong> in programma dal 9 al 12 maggio a Trieste, in piazza Unit\u00e0 d\u2019Italia.<\/p>\n<p>Per la categoria <strong><em>Tv News<\/em><\/strong> si contenderanno il Premio Luchetta 2019 i servizi di <strong>Giammarco Sicuro<\/strong> che per <strong>RAI Tg2<\/strong> ha documentato il dramma dei bambini di strada a La Vega, non lontano da Caracas, Venezuela; di <strong>Orla Guerin<\/strong> con la sua corrispondenza per <strong>BBC News,<\/strong> sui 42 bimbi massacrati lo scorso agosto nello Yemen, vittime \u2013o meglio, \u201cdanno collaterale\u201d-\u00a0 di un bombardamento aereo da parte delle forze di coalizione;\u00a0 e di <strong>Sally Nabil<\/strong> che per <strong>BBC News \u2013 BBC Arabic<\/strong> ha raccontato la vicenda dei piccoli orfani di Misurata, figli di foreign fighters Isis caduti in conflitto.\u00a0\u00a0<\/p>\n<p>Nella sezione <strong><em>reportage<\/em><\/strong> sono in gara <strong>Diego Bianchi<\/strong>, pi\u00f9 familiare al grande pubblico come \u2018<strong>Zoro\u2019<\/strong>, con l\u2019emozionante diario di viaggio in Congo in onda su <strong>Propagandalive<\/strong> <strong>La7<\/strong>, nel quale testimonia l\u2019emergenza malnutrizione per l\u2019infanzia, vittima di epidemie, scontri armati, fame e disordini e che per sopravvivere pu\u00f2 contare solo sull\u2019aiuto di associazioni umanitarie; <strong>Jonah M. Kessel <\/strong>che per <strong>The New York Times <\/strong>ha documentato dalla Cina rurale il tragico gap di un sistema sanitario che impedisce alle famiglie in difficolt\u00e0 economica di avere accesso alle cure per gravi malattie; e <strong>Massimiliano Chiavarone<\/strong> che per <strong>TG2 Storie<\/strong> ha raccontato la \u201csindrome di autoreclusione volontaria\u201d dei giovani occidentali, assimilabile al fenomeno chiamato Hikikomori in Giappone che produce conseguenze devastanti, culminando spesso in episodi di autolesionismo e violenza.<\/p>\n<p>Per la <strong><em>stampa italiana<\/em><\/strong> selezionati gli articoli di <strong>Daniele Bellocchio<\/strong> per <strong>L\u2019Espresso<\/strong>, sul Ciad in fuga da Boko Haram e sulla storia di Halima Adama, a 12 anni vittima di un matrimonio forzato e poi obbligata dal marito ad effettuare una missione suicida; di <strong>Barbara Schiavulli<\/strong>, per la testata <strong>Radio Bullets<\/strong> sulla crisi in Venezuela, dove gli ospedali sono privi di tutto e si muore anche per una semplice malattia: come a Catia, uno dei barrio pi\u00f9 poveri di Caracas. E di <strong>Lisa Zancaner <\/strong>per <strong>L\u2019Espresso<\/strong> sui bimbi cercatori d\u2019oro in Burkina Faso, quotidianamente inghiottiti dalle viscere della savana alla ricerca del metallo prezioso per compensi miseri.<\/p>\n<p>Tre grandi testate sono in gara per la<strong> <em>stampa internazionale<\/em> <\/strong>al Premio Luchetta 2019: <strong>Tom Parry <\/strong>ha raccontato sul <strong>Daily Mirror <\/strong>il dramma Rohingya in Bangladesh<strong>, <\/strong>nella citt\u00e0 temporanea pi\u00f9 grande al mondo: una baraccopoli di capanne di bamb\u00f9; <strong>Margaux Benn <\/strong>su<strong> Le Figaro <\/strong>ha documentato le storie dei bimbi soldato dell\u2019Isis nella provincia orientale dell\u2019Afghanistan: giovani dagli 11 ai 16 anni, reclutati e indottrinati e gi\u00e0 a 5 anni costretti a partecipare alle esecuzioni; <strong>Bruno Lus <\/strong>per <strong>Le Monde <\/strong>sulle \u201cvetrine\u201d youtube dei genitori francesi che esibiscono i loro figli: un\u2019attivit\u00e0 spesso lucrativa che pone problemi di tipo etico e legale.<\/p>\n<p><a href=\"http:\/\/imagazinevideotruck.it\/outlet\/relink.html\" target=\"_top\" rel=\"noopener\"><img loading=\"lazy\" decoding=\"async\" align=\"LEFT\" height=\"250\" src=\"http:\/\/imagazinevideotruck.it\/outlet\/outlet30.gif\" width=\"300\" alt=\"\" title=\"\"><\/a><\/p>\n<p>\u00a0<\/p>\n<p>\u00a0<\/p>\n<p>\u00a0<\/p>\n<p>\u00a0<\/p>\n<p>\u00a0<\/p>\n<p>\u00a0<\/p>\n<p>\u00a0<\/p>\n<p>\u00a0<\/p>\n<p>\u00a0<\/p>\n<p>Per la <strong><em>sezione fotografia<\/em><\/strong> dedicata a Miran Hrovatin sono in gara gli scatti di <strong>Miguel Gutierrez <\/strong>per<strong> The Guardian \/NRC Handelsblad<\/strong>: ritratto di Jesus, 16 anni, che mangia qualcosa trovata nell\u2019immondizia a &#8220;Las Mercedes&#8221;, Caracas, Venezuela. Di <strong>Alessio Romenzi <\/strong>che su <strong>L\u2019Espresso <\/strong>raffigura un uomo con due bambine, arrivato al check point di Quayyara in Siria, circondato dal fumo nero in cielo, pozzi di petrolio incendiati dai miliziani dell\u2019Isis. E di <strong>Yahya Arhab <\/strong>su<strong> The Guardian<\/strong>: ritrae un bambino in attesa di ricevere in beneficenza un pezzo di pane dalla panetteria di Sana\u2019a in Yemen.<\/p>\n<p>Il <strong>Premio Giornalistico Internazionale Marco Luchetta 2019<\/strong> \u00e8 promosso dalla <strong>Fondazione Luchetta Ota D\u2019Angelo Hrovatin <\/strong>con la <strong>RAI<\/strong> ed \u00e8 organizzato da <strong>Prandicom<\/strong>. Culminer\u00e0, <strong>dal 9 al 12 maggio, nell\u2019edizione 2019 di Link Festival <\/strong>a <strong>Trieste<\/strong> in Piazza Unit\u00e0: un programma di dialoghi e dirette costanti con la notizia, una grande officina del \u2018buon giornalismo\u2019 con novit\u00e0 editoriali, interviste d\u2019autore, talk dedicati ai temi di attualit\u00e0 con i protagonisti dell\u2019informazione del nostro tempo.<\/p>\n","protected":false},"excerpt":{"rendered":"<p>I vincitori saranno proclamati alla vigilia di Link Festival a Trieste<\/p>\n","protected":false},"author":28,"featured_media":29123,"comment_status":"closed","ping_status":"closed","sticky":false,"template":"","format":"standard","meta":{"dwc-title":[],"dwc-content":[],"footnotes":""},"categories":[37],"tags":[],"class_list":["post-29122","post","type-post","status-publish","format-standard","has-post-thumbnail","hentry","category-cultura-e-spettacolo"],"rttpg_featured_image_url":{"full":["https:\/\/imagazine.it\/wp-content\/uploads\/2024\/01\/28918-1.webp",750,500,false],"landscape":["https:\/\/imagazine.it\/wp-content\/uploads\/2024\/01\/28918-1.webp",750,500,false],"portraits":["https:\/\/imagazine.it\/wp-content\/uploads\/2024\/01\/28918-1.webp",750,500,false],"thumbnail":["https:\/\/imagazine.it\/wp-content\/uploads\/2024\/01\/28918-1-150x150.webp",150,150,true],"medium":["https:\/\/imagazine.it\/wp-content\/uploads\/2024\/01\/28918-1-300x200.webp",300,200,true],"large":["https:\/\/imagazine.it\/wp-content\/uploads\/2024\/01\/28918-1.webp",640,427,false],"thumblist":["https:\/\/imagazine.it\/wp-content\/uploads\/2024\/01\/28918-1.webp",300,200,false],"thumbrelated":["https:\/\/imagazine.it\/wp-content\/uploads\/2024\/01\/28918-1.webp",500,333,false],"meccarouselthumb":["https:\/\/imagazine.it\/wp-content\/uploads\/2024\/01\/28918-1.webp",474,316,false],"gridsquare":["https:\/\/imagazine.it\/wp-content\/uploads\/2024\/01\/28918-1.webp",391,260,false],"tileview":["https:\/\/imagazine.it\/wp-content\/uploads\/2024\/01\/28918-1.webp",300,200,false],"1536x1536":["https:\/\/imagazine.it\/wp-content\/uploads\/2024\/01\/28918-1.webp",750,500,false],"2048x2048":["https:\/\/imagazine.it\/wp-content\/uploads\/2024\/01\/28918-1.webp",750,500,false],"newsup-slider-full":["https:\/\/imagazine.it\/wp-content\/uploads\/2024\/01\/28918-1.webp",750,500,false],"newsup-featured":["https:\/\/imagazine.it\/wp-content\/uploads\/2024\/01\/28918-1.webp",750,500,false],"newsup-medium":["https:\/\/imagazine.it\/wp-content\/uploads\/2024\/01\/28918-1-720x380.webp",720,380,true],"tptn_thumbnail":["https:\/\/imagazine.it\/wp-content\/uploads\/2024\/01\/28918-1.webp",250,167,false],"sow-carousel-default":["https:\/\/imagazine.it\/wp-content\/uploads\/2024\/01\/28918-1-272x182.webp",272,182,true]},"rttpg_author":{"display_name":"redazione","author_link":"https:\/\/imagazine.it\/home_desk\/author\/redazione\/"},"rttpg_comment":0,"rttpg_category":"<a href=\"https:\/\/imagazine.it\/home_desk\/category\/cultura-e-spettacolo\/\" rel=\"category tag\">CULTURA&amp;SPETTACOLO<\/a>","rttpg_excerpt":"I vincitori saranno proclamati alla vigilia di Link Festival a Trieste","_links":{"self":[{"href":"https:\/\/imagazine.it\/home_desk\/wp-json\/wp\/v2\/posts\/29122","targetHints":{"allow":["GET"]}}],"collection":[{"href":"https:\/\/imagazine.it\/home_desk\/wp-json\/wp\/v2\/posts"}],"about":[{"href":"https:\/\/imagazine.it\/home_desk\/wp-json\/wp\/v2\/types\/post"}],"author":[{"embeddable":true,"href":"https:\/\/imagazine.it\/home_desk\/wp-json\/wp\/v2\/users\/28"}],"replies":[{"embeddable":true,"href":"https:\/\/imagazine.it\/home_desk\/wp-json\/wp\/v2\/comments?post=29122"}],"version-history":[{"count":0,"href":"https:\/\/imagazine.it\/home_desk\/wp-json\/wp\/v2\/posts\/29122\/revisions"}],"wp:featuredmedia":[{"embeddable":true,"href":"https:\/\/imagazine.it\/home_desk\/wp-json\/wp\/v2\/media\/29123"}],"wp:attachment":[{"href":"https:\/\/imagazine.it\/home_desk\/wp-json\/wp\/v2\/media?parent=29122"}],"wp:term":[{"taxonomy":"category","embeddable":true,"href":"https:\/\/imagazine.it\/home_desk\/wp-json\/wp\/v2\/categories?post=29122"},{"taxonomy":"post_tag","embeddable":true,"href":"https:\/\/imagazine.it\/home_desk\/wp-json\/wp\/v2\/tags?post=29122"}],"curies":[{"name":"wp","href":"https:\/\/api.w.org\/{rel}","templated":true}]}}