{"id":29098,"date":"2019-03-21T00:00:00","date_gmt":"2019-03-20T23:00:00","guid":{"rendered":"https:\/\/imagazine.it\/?p=29098"},"modified":"2019-03-21T00:00:00","modified_gmt":"2019-03-20T23:00:00","slug":"unesco-in-rosa-per-la-prevenzione-come-stile-di-vita","status":"publish","type":"post","link":"https:\/\/imagazine.it\/home_desk\/unesco-in-rosa-per-la-prevenzione-come-stile-di-vita\/","title":{"rendered":"Unesco in rosa, per la prevenzione come stile di vita"},"content":{"rendered":"<p>Di corsa. In rosa. Per divertimento, ma anche e soprattutto\u00a0 per sostenere il principio che la prevenzione pu\u00f2, e anzi deve, diventare uno stile di vita.<\/p>\n<p>Tra i grandi eventi collaterali dell\u2019Unesco Cities Marathon, che domenica 31 marzo riproporr\u00e0 il fascino di una lunga corsa sulle strade della Storia, collegando idealmente Cividale del Friuli, Palmanova e Aquileia, c\u2019\u00e8 anche l\u2019<em>Unesco<\/em> <em>in rosa<\/em>, manifestazione podistica dedicata a tutte le donne, che ha debuttato con successo nel 2018.<\/p>\n<p>Unesco in rosa significa corsa, camminata a passo libero, nordic e fit walking. L\u2019edizione 2019 di <em>Unesco in rosa<\/em> scatter\u00e0 da Piazza Indipendenza a <strong>Cervignano del Friuli<\/strong>, per concludersi in Piazza Capitolo ad <strong>Aquileia<\/strong>. Il percorso, di circa 7 chilometri, nel tratto finale sar\u00e0 lo stesso di maratona e mezza maratona.<\/p>\n<p>Emozioni garantite e una grande festa finale che, dopo il traguardo, coinvolger\u00e0 tutti i protagonisti della domenica di corsa. Al fianco del comitato organizzatore dell\u2019Unesco Cities Marathon, per l\u2019Unesco in rosa, ci sar\u00e0 la sezione friulana della LILT, la Lega italiana per la lotta contro i tumori, a cui andr\u00e0 il ricavato della manifestazione. Unesco in rosa \u00e8 inoltre patrocinata dall\u2019amministrazione comunale di Cervignano del Friuli.<\/p>\n<p><a href=\"http:\/\/imagazinevideotruck.it\/outlet\/relink.html\" target=\"_top\" rel=\"noopener\"><img loading=\"lazy\" decoding=\"async\" align=\"LEFT\" height=\"250\" src=\"http:\/\/imagazinevideotruck.it\/outlet\/outlet30.gif\" width=\"300\" alt=\"\" title=\"\"><\/a><\/p>\n<p>\u00a0<\/p>\n<p>\u00a0<\/p>\n<p>\u00a0<\/p>\n<p>\u00a0<\/p>\n<p>\u00a0<\/p>\n<p>\u00a0<\/p>\n<p>\u00a0<\/p>\n<p>\u00a0<\/p>\n<p>\u00a0<\/p>\n<p>Il via alle 12, con iscrizioni anche sul posto, a partire dalle 9. Numero chiuso a 800 iscritte. L\u2019organizzazione ha predisposto dei bus navetta gratuiti che partiranno alle 8.30 da Piazza Primo Maggio a Udine e trasporteranno le partecipanti a Cervignano. Tragitto inverso, dopo la corsa, con partenza dei bus navetta da Aquileia, tappa a Cervignano e arrivo a Udine.<\/p>\n","protected":false},"excerpt":{"rendered":"<p>Nell&#8217;ambito dell&#8217;Unesco Cities Marathon<\/p>\n","protected":false},"author":28,"featured_media":29099,"comment_status":"closed","ping_status":"closed","sticky":false,"template":"","format":"standard","meta":{"dwc-title":[],"dwc-content":[],"footnotes":""},"categories":[38],"tags":[],"class_list":["post-29098","post","type-post","status-publish","format-standard","has-post-thumbnail","hentry","category-sport"],"rttpg_featured_image_url":{"full":["https:\/\/imagazine.it\/wp-content\/uploads\/2024\/01\/28862-1.webp",750,492,false],"landscape":["https:\/\/imagazine.it\/wp-content\/uploads\/2024\/01\/28862-1.webp",750,492,false],"portraits":["https:\/\/imagazine.it\/wp-content\/uploads\/2024\/01\/28862-1.webp",750,492,false],"thumbnail":["https:\/\/imagazine.it\/wp-content\/uploads\/2024\/01\/28862-1-150x150.webp",150,150,true],"medium":["https:\/\/imagazine.it\/wp-content\/uploads\/2024\/01\/28862-1-300x197.webp",300,197,true],"large":["https:\/\/imagazine.it\/wp-content\/uploads\/2024\/01\/28862-1.webp",640,420,false],"thumblist":["https:\/\/imagazine.it\/wp-content\/uploads\/2024\/01\/28862-1.webp",300,197,false],"thumbrelated":["https:\/\/imagazine.it\/wp-content\/uploads\/2024\/01\/28862-1.webp",500,328,false],"meccarouselthumb":["https:\/\/imagazine.it\/wp-content\/uploads\/2024\/01\/28862-1.webp",474,311,false],"gridsquare":["https:\/\/imagazine.it\/wp-content\/uploads\/2024\/01\/28862-1.webp",391,256,false],"tileview":["https:\/\/imagazine.it\/wp-content\/uploads\/2024\/01\/28862-1.webp",300,197,false],"1536x1536":["https:\/\/imagazine.it\/wp-content\/uploads\/2024\/01\/28862-1.webp",750,492,false],"2048x2048":["https:\/\/imagazine.it\/wp-content\/uploads\/2024\/01\/28862-1.webp",750,492,false],"newsup-slider-full":["https:\/\/imagazine.it\/wp-content\/uploads\/2024\/01\/28862-1.webp",750,492,false],"newsup-featured":["https:\/\/imagazine.it\/wp-content\/uploads\/2024\/01\/28862-1.webp",750,492,false],"newsup-medium":["https:\/\/imagazine.it\/wp-content\/uploads\/2024\/01\/28862-1-720x380.webp",720,380,true],"tptn_thumbnail":["https:\/\/imagazine.it\/wp-content\/uploads\/2024\/01\/28862-1.webp",250,164,false],"sow-carousel-default":["https:\/\/imagazine.it\/wp-content\/uploads\/2024\/01\/28862-1-272x182.webp",272,182,true]},"rttpg_author":{"display_name":"redazione","author_link":"https:\/\/imagazine.it\/home_desk\/author\/redazione\/"},"rttpg_comment":0,"rttpg_category":"<a href=\"https:\/\/imagazine.it\/home_desk\/category\/sport\/\" rel=\"category tag\">SPORT<\/a>","rttpg_excerpt":"Nell'ambito dell'Unesco Cities Marathon","_links":{"self":[{"href":"https:\/\/imagazine.it\/home_desk\/wp-json\/wp\/v2\/posts\/29098","targetHints":{"allow":["GET"]}}],"collection":[{"href":"https:\/\/imagazine.it\/home_desk\/wp-json\/wp\/v2\/posts"}],"about":[{"href":"https:\/\/imagazine.it\/home_desk\/wp-json\/wp\/v2\/types\/post"}],"author":[{"embeddable":true,"href":"https:\/\/imagazine.it\/home_desk\/wp-json\/wp\/v2\/users\/28"}],"replies":[{"embeddable":true,"href":"https:\/\/imagazine.it\/home_desk\/wp-json\/wp\/v2\/comments?post=29098"}],"version-history":[{"count":0,"href":"https:\/\/imagazine.it\/home_desk\/wp-json\/wp\/v2\/posts\/29098\/revisions"}],"wp:featuredmedia":[{"embeddable":true,"href":"https:\/\/imagazine.it\/home_desk\/wp-json\/wp\/v2\/media\/29099"}],"wp:attachment":[{"href":"https:\/\/imagazine.it\/home_desk\/wp-json\/wp\/v2\/media?parent=29098"}],"wp:term":[{"taxonomy":"category","embeddable":true,"href":"https:\/\/imagazine.it\/home_desk\/wp-json\/wp\/v2\/categories?post=29098"},{"taxonomy":"post_tag","embeddable":true,"href":"https:\/\/imagazine.it\/home_desk\/wp-json\/wp\/v2\/tags?post=29098"}],"curies":[{"name":"wp","href":"https:\/\/api.w.org\/{rel}","templated":true}]}}