{"id":29092,"date":"2019-03-20T00:00:00","date_gmt":"2019-03-19T23:00:00","guid":{"rendered":"https:\/\/imagazine.it\/?p=29092"},"modified":"2019-03-20T00:00:00","modified_gmt":"2019-03-19T23:00:00","slug":"trieste-pugilato-al-top-in-fvg","status":"publish","type":"post","link":"https:\/\/imagazine.it\/home_desk\/trieste-pugilato-al-top-in-fvg\/","title":{"rendered":"Trieste Pugilato al top in FVG"},"content":{"rendered":"<p>L\u2019<strong>A.S.D. Club Sportivo Trieste Pugilato\u00a0<\/strong>festeggia il\u00a0<strong>primo posto assoluto<\/strong>\u00a0tra le\u00a0<strong>societ\u00e0 regionali<\/strong>\u00a0al termine dell\u2019<strong>annata agonistica 2018<\/strong>.<\/p>\n<p><a href=\"http:\/\/imagazinevideotruck.it\/outlet\/relink.html\" target=\"_top\" rel=\"noopener\"><img loading=\"lazy\" decoding=\"async\" align=\"LEFT\" height=\"250\" src=\"http:\/\/imagazinevideotruck.it\/outlet\/outlet30.gif\" width=\"300\" alt=\"\" title=\"\"><\/a><\/p>\n<p>\u00a0<\/p>\n<p>\u00a0<\/p>\n<p>\u00a0<\/p>\n<p>\u00a0<\/p>\n<p>\u00a0<\/p>\n<p>\u00a0<\/p>\n<p>\u00a0<\/p>\n<p>\u00a0<\/p>\n<p>\u00a0<\/p>\n<p>Il risultato \u00e8 stato comunicato al presidente onorario\u00a0<strong>Roberto Battimelli<\/strong>, responsabile tecnico del sodalizio fondato da pap\u00e0\u00a0<strong>Enzo<\/strong>, direttamente dai vertici della\u00a0<strong>Federazione Pugilistica Italiana<\/strong>\u00a0\u2013\u00a0<strong>Comitato Regionale\u00a0<\/strong>del<strong>\u00a0Friuli Venezia Giulia<\/strong>.<\/p>\n<p>Nella stessa circostanza, \u00e8 emerso anche un <strong>45mo posto<\/strong>\u00a0a\u00a0<strong>livello nazionale<\/strong>\u00a0su un lotto complessivo di\u00a0<strong>oltre 800 societ\u00e0<\/strong>\u00a0iscritte alla\u00a0<strong>FPI<\/strong>\u00a0e, di conseguenza, affiliate al\u00a0<strong>CONI<\/strong>.<\/p>\n<p>Le graduatorie vengono stilate in base a una serie di elementi che vanno dai risultati agonistici conseguiti dai singoli atleti fino alle riunioni organizzate, dal numero di iscritti fino alle eventuali attivit\u00e0 educative collaterali (comprese quelle contro il bullismo e la violenza sulle donne, al fianco di alcune realt\u00e0 di categoria).<\/p>\n<p>Peso specifico ha avuto anche la stima degli ospiti illustri portati sotto il tetto del\u00a0<strong>Palasport \u2018Giorgio Calza\u2019<\/strong>\u00a0di\u00a0<strong>Chiarbola<\/strong>\u00a0nel corso delle recenti annate, soprattutto in occasione del \u2018<strong>Memorial Enzo Battimelli<\/strong>\u2019, grazie anche alla confermata collaborazione tra il sodalizio organizzatore,\u00a0<strong>CONI<\/strong>,\u00a0<strong>FPI<\/strong>,\u00a0<strong>PromoTurismoFVG<\/strong>,\u00a0<strong>Regione Friuli Venezia Giulia<\/strong>\u00a0e\u00a0<strong>Comune di Trieste<\/strong>. Non \u00e8 infatti passata inosservata, quale ulteriore fiore all\u2019occhiello per il sodalizio alabardato, la fiducia concessa da figure di spicco dell\u2019intero movimento come il campione olimpico e iridato\u00a0<strong>Maurizio Stecca<\/strong>, l\u2019ex azzurro e beniamino di casa\u00a0<strong>Biagio Chianese<\/strong>, il gi\u00e0 campione mondiale ed europeo\u00a0<strong>Stefano Zoff<\/strong>, nonch\u00e9 un altro olimpionico come\u00a0<strong>Francesco Damiani<\/strong>, protagonista dell\u2019ultima edizione del memorial.<\/p>\n<p>In coda, ma non ultima in ordine di importanza, anche la consegna del \u2018<strong>Premio Enzo Battimelli 2018<\/strong>\u2019\u00a0a <strong>Nino Benvenuti\u00a0<\/strong>nel corso di una cerimonia ospitata nella cornice del\u00a0<strong>Caff\u00e8 degli Specchi<\/strong>\u00a0in\u00a0<strong>piazza dell\u2019Unit\u00e0 d\u2019Italia<\/strong>\u00a0a\u00a0<strong>Trieste<\/strong>.<\/p>\n<p>\u201cUna stagione chiusa alla grande \u2013 commenta Roberto Battimelli \u2013 che ci lascia particolarmente soddisfatti, ma anche determinati a migliorarci ulteriormente nel corso dei mesi a venire. Non a caso le attivit\u00e0 sono gi\u00e0 avviate da settimane ed \u00e8 gi\u00e0 tutto pronto anche per i primi appuntamenti a livello organizzativo\u201d.<\/p>\n<p>Nel frattempo nella palestra di\u00a0<strong>via Visinada 3<\/strong>\u00a0prosegue la preparazione dei pupilli di Roberto Battimelli che, insieme al fratello\u00a0<strong>Paolo<\/strong>\u00a0e al suo staff tecnico (il maestro benemerito\u00a0<strong>Nevio Carbi<\/strong>,\u00a0<strong>Fabio Taucer<\/strong>,<strong>\u00a0Daniel Zdrinca<\/strong>\u00a0e\u00a0<strong>Silvano Parovel<\/strong>), il\u00a0<strong>7 aprile<\/strong>\u00a0prossimo saliranno sul ring amico di Chiarbola per difendere i colori cittadini in occasione del primo evento del 2019 organizzato dall\u2019<strong>A.S.D. Club Sportivo Trieste Pugilato<\/strong>: il \u2018<strong>2. Memorial Stelio Slaico<\/strong>\u2019, dedicato alla figura del segretario storico della societ\u00e0 triestina e quest\u2019anno abbinato ai\u00a0<strong>Campionati Regionali Elite 2. serie<\/strong>.<\/p>\n<p>Dieci match di boxe olimpica, arricchiti da un ulteriore blocco di match\u00a0<strong>Elite 1. serie<\/strong>\u00a0che vedranno impegnati atleti locali come\u00a0<strong>Andrea Crevatin<\/strong>\u00a0(Elite, 81 kg),\u00a0<strong>Borisav Bogdan Pajkic<\/strong>\u00a0(Elite, 75 kg) e il nuovo arrivato\u00a0<strong>Luca Chiancone<\/strong>\u00a0(Elite, 69 kg).<\/p>\n<p>Grande assente della riunione sar\u00e0 invece\u00a0<strong>Matthias Zdrinca<\/strong>\u00a0(Youth, 81 kg, figlio d\u2019arte gi\u00e0 due titoli tricolori in bacheca), convocato dal tecnico della Nazionale\u00a0<strong>Giulio Coletta <\/strong>per un raduno collegiale a\u00a0<strong>Roma<\/strong>\u00a0in vista del \u2018<strong>Torneo Internazionale Emil Jechev<\/strong>\u2019 che si svolger\u00e0 in\u00a0<strong>Bulgaria<\/strong>\u00a0dal 31 marzo al 6 aprile.<\/p>\n<p>Dal 30 maggio al 1. giugno, inoltre, il\u00a0<strong>Palasport \u2018Giorgio Calza\u2019\u00a0<\/strong>rinnover\u00e0 anche l\u2019appuntamento con la boxe internazionale di alto livello grazie al\u00a0<strong>Dual Match<\/strong>\u00a0tra\u00a0<strong>Italia<\/strong>\u00a0e\u00a0<strong>India<\/strong>, fondamentale per determinare i componenti della selezione azzurra che il mese successivo difenderanno il tricolore in occasione dei\u00a0<strong>Giochi del Mediterraneo<\/strong>\u00a0e, quindi, anche dei\u00a0<strong>Campionati del Mondo<\/strong>\u00a0che qualificheranno i migliori del lotto ai\u00a0<strong>Giochi Olimpici<\/strong>\u00a0di\u00a0<strong>Tokyo 2020<\/strong>.<\/p>\n<p>Uscendo infine dal settore puramente agonistico, motivo di orgoglio per la societ\u00e0 \u00e8 costituito anche dal costante impegno in tutti i settori previsti dalle attivit\u00e0 federali. A partire dai criterium regionali (caratterizzati da prove di coordinazione motoria, azioni di sparring e prove di vario tipo, tutto in totale sicurezza e senza alcun contatto) ai quali partecipano i numerosi allievi pi\u00f9 giovani. Senza dimenticare l\u2019esordio di\u00a0<strong>Lorenzo Radosic<\/strong>nella categoria\u00a0<strong>Schoolboy 37 kg<\/strong>\u00a0e il tutto esaurito fatto registrare dai\u00a0<strong>corsi amatoriali<\/strong>.<\/p>\n<p>\u201cGrazie a questo ampio bacino \u2013 spiega Battimelli \u2013 il gruppo degli agonisti diventa sempre pi\u00f9 ampio e, anche per questo motivo, auspichiamo di poter ottenere nei prossimi anni una palestra dove poter esercitare tutti i giorni\u00a0della settimana\u201d.<\/p>\n","protected":false},"excerpt":{"rendered":"<p>Primo posto assoluto nella stagione 2018<\/p>\n","protected":false},"author":28,"featured_media":29093,"comment_status":"closed","ping_status":"closed","sticky":false,"template":"","format":"standard","meta":{"dwc-title":[],"dwc-content":[],"footnotes":""},"categories":[38],"tags":[],"class_list":["post-29092","post","type-post","status-publish","format-standard","has-post-thumbnail","hentry","category-sport"],"rttpg_featured_image_url":{"full":["https:\/\/imagazine.it\/wp-content\/uploads\/2024\/01\/28855-1.webp",750,514,false],"landscape":["https:\/\/imagazine.it\/wp-content\/uploads\/2024\/01\/28855-1.webp",750,514,false],"portraits":["https:\/\/imagazine.it\/wp-content\/uploads\/2024\/01\/28855-1.webp",750,514,false],"thumbnail":["https:\/\/imagazine.it\/wp-content\/uploads\/2024\/01\/28855-1-150x150.webp",150,150,true],"medium":["https:\/\/imagazine.it\/wp-content\/uploads\/2024\/01\/28855-1-300x206.webp",300,206,true],"large":["https:\/\/imagazine.it\/wp-content\/uploads\/2024\/01\/28855-1.webp",640,439,false],"thumblist":["https:\/\/imagazine.it\/wp-content\/uploads\/2024\/01\/28855-1.webp",300,206,false],"thumbrelated":["https:\/\/imagazine.it\/wp-content\/uploads\/2024\/01\/28855-1.webp",500,343,false],"meccarouselthumb":["https:\/\/imagazine.it\/wp-content\/uploads\/2024\/01\/28855-1.webp",474,324,false],"gridsquare":["https:\/\/imagazine.it\/wp-content\/uploads\/2024\/01\/28855-1.webp",379,260,false],"tileview":["https:\/\/imagazine.it\/wp-content\/uploads\/2024\/01\/28855-1.webp",300,206,false],"1536x1536":["https:\/\/imagazine.it\/wp-content\/uploads\/2024\/01\/28855-1.webp",750,514,false],"2048x2048":["https:\/\/imagazine.it\/wp-content\/uploads\/2024\/01\/28855-1.webp",750,514,false],"newsup-slider-full":["https:\/\/imagazine.it\/wp-content\/uploads\/2024\/01\/28855-1.webp",750,514,false],"newsup-featured":["https:\/\/imagazine.it\/wp-content\/uploads\/2024\/01\/28855-1.webp",750,514,false],"newsup-medium":["https:\/\/imagazine.it\/wp-content\/uploads\/2024\/01\/28855-1-720x380.webp",720,380,true],"tptn_thumbnail":["https:\/\/imagazine.it\/wp-content\/uploads\/2024\/01\/28855-1.webp",250,171,false],"sow-carousel-default":["https:\/\/imagazine.it\/wp-content\/uploads\/2024\/01\/28855-1-272x182.webp",272,182,true]},"rttpg_author":{"display_name":"redazione","author_link":"https:\/\/imagazine.it\/home_desk\/author\/redazione\/"},"rttpg_comment":0,"rttpg_category":"<a href=\"https:\/\/imagazine.it\/home_desk\/category\/sport\/\" rel=\"category tag\">SPORT<\/a>","rttpg_excerpt":"Primo posto assoluto nella stagione 2018","_links":{"self":[{"href":"https:\/\/imagazine.it\/home_desk\/wp-json\/wp\/v2\/posts\/29092","targetHints":{"allow":["GET"]}}],"collection":[{"href":"https:\/\/imagazine.it\/home_desk\/wp-json\/wp\/v2\/posts"}],"about":[{"href":"https:\/\/imagazine.it\/home_desk\/wp-json\/wp\/v2\/types\/post"}],"author":[{"embeddable":true,"href":"https:\/\/imagazine.it\/home_desk\/wp-json\/wp\/v2\/users\/28"}],"replies":[{"embeddable":true,"href":"https:\/\/imagazine.it\/home_desk\/wp-json\/wp\/v2\/comments?post=29092"}],"version-history":[{"count":0,"href":"https:\/\/imagazine.it\/home_desk\/wp-json\/wp\/v2\/posts\/29092\/revisions"}],"wp:featuredmedia":[{"embeddable":true,"href":"https:\/\/imagazine.it\/home_desk\/wp-json\/wp\/v2\/media\/29093"}],"wp:attachment":[{"href":"https:\/\/imagazine.it\/home_desk\/wp-json\/wp\/v2\/media?parent=29092"}],"wp:term":[{"taxonomy":"category","embeddable":true,"href":"https:\/\/imagazine.it\/home_desk\/wp-json\/wp\/v2\/categories?post=29092"},{"taxonomy":"post_tag","embeddable":true,"href":"https:\/\/imagazine.it\/home_desk\/wp-json\/wp\/v2\/tags?post=29092"}],"curies":[{"name":"wp","href":"https:\/\/api.w.org\/{rel}","templated":true}]}}