{"id":29090,"date":"2019-03-20T00:00:00","date_gmt":"2019-03-19T23:00:00","guid":{"rendered":"https:\/\/imagazine.it\/?p=29090"},"modified":"2019-03-20T00:00:00","modified_gmt":"2019-03-19T23:00:00","slug":"imprenditorialita-trieste-in-finale-nella-sfida-social-tra-citta-italiane","status":"publish","type":"post","link":"https:\/\/imagazine.it\/home_desk\/imprenditorialita-trieste-in-finale-nella-sfida-social-tra-citta-italiane\/","title":{"rendered":"Imprenditorialit\u00e0, Trieste in finale nella sfida social tra citt\u00e0 italiane"},"content":{"rendered":"<p align=\"JUSTIFY\">L&#39;assessore comunale al Commercio ed eventi correlati <strong>Lorenzo Giorgi<\/strong> e la collega con delega al Turismo e Promozione del territorio <strong>Francesca de Santis<\/strong>, hanno annunciato ufficialmente la partecipazione del Comune di Trieste alla Fase 3 dell&#39;iniziativa<strong><em> \u201cCities Challenge\u201d<\/em><\/strong>, la competizione con altre citt\u00e0 italiane che premia la capacit\u00e0 imprenditoriale, rivolgendo l\u2019invito ai concittadini di votare per la citt\u00e0 sui social facebook, twitter e instagram o collegandosi direttamente al sito: <u><strong><a href=\"http:\/\/www.citieschallenge.eu\/\" target=\"_blank\" rel=\"noopener\">www.citieschallenge.eu<\/a><\/strong><\/u><\/p>\n<p align=\"JUSTIFY\">Per votare c\u2019\u00e8 tempo fino al 29 marzo.<\/p>\n<p align=\"JUSTIFY\">Il Contest, ideato e promosso da Meta Group per premiare gli ecosistemi pi\u00f9 impegnati nell\u2019imprenditorialit\u00e0, prevede la partecipazione del Comune di Trieste all\u2019appuntamento del 5 aprile a Roma dove si recher\u00e0 l\u2019assessore Giorgi, e in cui le citt\u00e0 finaliste spiegheranno in 5 minuti a una giuria le loro opportunit\u00e0 imprenditoriali. Il progetto migliore e che avr\u00e0 ottenuto il maggior numero di voti dai suoi cittadini determiner\u00e0 la vincita della citt\u00e0.<\/p>\n<p align=\"JUSTIFY\">La citt\u00e0 vincitrice inoltre andr\u00e0 in Bahrein. \u201cPer la presentazione di Trieste a Roma \u2013 ha spiegato Giorgi \u2013 abbiamo scelto una foto molto suggestiva di piazza Unit\u00e0 d\u2019Italia, scattata dal fotografo del Comune, Mauro Zorzenoni\u201d.<\/p>\n<p align=\"JUSTIFY\">\u00a0<\/p>\n","protected":false},"excerpt":{"rendered":"<p>Fase 3 di \u201cCities Challenge\u201d<\/p>\n","protected":false},"author":28,"featured_media":29091,"comment_status":"closed","ping_status":"closed","sticky":false,"template":"","format":"standard","meta":{"dwc-title":[],"dwc-content":[],"footnotes":""},"categories":[8],"tags":[],"class_list":["post-29090","post","type-post","status-publish","format-standard","has-post-thumbnail","hentry","category-turismo"],"rttpg_featured_image_url":{"full":["https:\/\/imagazine.it\/wp-content\/uploads\/2024\/01\/28853-1.webp",750,422,false],"landscape":["https:\/\/imagazine.it\/wp-content\/uploads\/2024\/01\/28853-1.webp",750,422,false],"portraits":["https:\/\/imagazine.it\/wp-content\/uploads\/2024\/01\/28853-1.webp",750,422,false],"thumbnail":["https:\/\/imagazine.it\/wp-content\/uploads\/2024\/01\/28853-1-150x150.webp",150,150,true],"medium":["https:\/\/imagazine.it\/wp-content\/uploads\/2024\/01\/28853-1-300x169.webp",300,169,true],"large":["https:\/\/imagazine.it\/wp-content\/uploads\/2024\/01\/28853-1.webp",640,360,false],"thumblist":["https:\/\/imagazine.it\/wp-content\/uploads\/2024\/01\/28853-1.webp",300,169,false],"thumbrelated":["https:\/\/imagazine.it\/wp-content\/uploads\/2024\/01\/28853-1.webp",500,281,false],"meccarouselthumb":["https:\/\/imagazine.it\/wp-content\/uploads\/2024\/01\/28853-1.webp",474,267,false],"gridsquare":["https:\/\/imagazine.it\/wp-content\/uploads\/2024\/01\/28853-1.webp",391,220,false],"tileview":["https:\/\/imagazine.it\/wp-content\/uploads\/2024\/01\/28853-1.webp",300,169,false],"1536x1536":["https:\/\/imagazine.it\/wp-content\/uploads\/2024\/01\/28853-1.webp",750,422,false],"2048x2048":["https:\/\/imagazine.it\/wp-content\/uploads\/2024\/01\/28853-1.webp",750,422,false],"newsup-slider-full":["https:\/\/imagazine.it\/wp-content\/uploads\/2024\/01\/28853-1.webp",750,422,false],"newsup-featured":["https:\/\/imagazine.it\/wp-content\/uploads\/2024\/01\/28853-1.webp",750,422,false],"newsup-medium":["https:\/\/imagazine.it\/wp-content\/uploads\/2024\/01\/28853-1-720x380.webp",720,380,true],"tptn_thumbnail":["https:\/\/imagazine.it\/wp-content\/uploads\/2024\/01\/28853-1.webp",250,141,false],"sow-carousel-default":["https:\/\/imagazine.it\/wp-content\/uploads\/2024\/01\/28853-1-272x182.webp",272,182,true]},"rttpg_author":{"display_name":"redazione","author_link":"https:\/\/imagazine.it\/home_desk\/author\/redazione\/"},"rttpg_comment":0,"rttpg_category":"<a href=\"https:\/\/imagazine.it\/home_desk\/category\/turismo\/\" rel=\"category tag\">TURISMO<\/a>","rttpg_excerpt":"Fase 3 di \u201cCities Challenge\u201d","_links":{"self":[{"href":"https:\/\/imagazine.it\/home_desk\/wp-json\/wp\/v2\/posts\/29090","targetHints":{"allow":["GET"]}}],"collection":[{"href":"https:\/\/imagazine.it\/home_desk\/wp-json\/wp\/v2\/posts"}],"about":[{"href":"https:\/\/imagazine.it\/home_desk\/wp-json\/wp\/v2\/types\/post"}],"author":[{"embeddable":true,"href":"https:\/\/imagazine.it\/home_desk\/wp-json\/wp\/v2\/users\/28"}],"replies":[{"embeddable":true,"href":"https:\/\/imagazine.it\/home_desk\/wp-json\/wp\/v2\/comments?post=29090"}],"version-history":[{"count":0,"href":"https:\/\/imagazine.it\/home_desk\/wp-json\/wp\/v2\/posts\/29090\/revisions"}],"wp:featuredmedia":[{"embeddable":true,"href":"https:\/\/imagazine.it\/home_desk\/wp-json\/wp\/v2\/media\/29091"}],"wp:attachment":[{"href":"https:\/\/imagazine.it\/home_desk\/wp-json\/wp\/v2\/media?parent=29090"}],"wp:term":[{"taxonomy":"category","embeddable":true,"href":"https:\/\/imagazine.it\/home_desk\/wp-json\/wp\/v2\/categories?post=29090"},{"taxonomy":"post_tag","embeddable":true,"href":"https:\/\/imagazine.it\/home_desk\/wp-json\/wp\/v2\/tags?post=29090"}],"curies":[{"name":"wp","href":"https:\/\/api.w.org\/{rel}","templated":true}]}}