{"id":29074,"date":"2019-03-18T00:00:00","date_gmt":"2019-03-17T23:00:00","guid":{"rendered":"https:\/\/imagazine.it\/?p=29074"},"modified":"2019-03-18T00:00:00","modified_gmt":"2019-03-17T23:00:00","slug":"camera-di-commercio-di-pordenone-udine-ecco-il-nuovo-segretario-generale","status":"publish","type":"post","link":"https:\/\/imagazine.it\/home_desk\/camera-di-commercio-di-pordenone-udine-ecco-il-nuovo-segretario-generale\/","title":{"rendered":"Camera di Commercio di Pordenone-Udine: ecco il nuovo segretario generale"},"content":{"rendered":"<p><strong>Maria Lucia Pilutti<\/strong> sar\u00e0 il Segretario generale della Camera di Commercio di Pordenone-Udine per i prossimi quattro anni. Superata la selezione, \u00e8 stata nominata oggi dalla commissione preposta: la designazione ufficiale avverr\u00e0 con la prossima seduta di giunta camerale e con il successivo decreto di nomina da parte del Mise.<\/p>\n<p>Pilutti, classe 1962 e dipendente della Camera di Commercio dal 1\u00b0 ottobre 1989, ha ricoperto diversi ruoli in tutti i settori operativi dell&#39;ente ed \u00e8 stata anche direttore delle aziende speciali, nel cda e comitato di controllo di societ\u00e0 del sistema camerale. \u00c8 inoltre responsabile delle relazioni sindacali.\u00a0<\/p>\n<p>\u00c8 diventata segretario generale della Camera udinese nel 2012 e, dopo la nomina da parte del Mise a Commissario ad acta nel 2017, ha guidato gli enti di Udine e Pordenone nella delicata fase dell&#39;accorpamento, diventandone segretario facente funzioni dalla formazione del nuovo ente, a ottobre 2018.<\/p>\n","protected":false},"excerpt":{"rendered":"<p>Nominata oggi Maria Lucia Pilutti<\/p>\n","protected":false},"author":28,"featured_media":29075,"comment_status":"closed","ping_status":"closed","sticky":false,"template":"","format":"standard","meta":{"dwc-title":[],"dwc-content":[],"footnotes":""},"categories":[5],"tags":[],"class_list":["post-29074","post","type-post","status-publish","format-standard","has-post-thumbnail","hentry","category-attualita"],"rttpg_featured_image_url":{"full":["https:\/\/imagazine.it\/wp-content\/uploads\/2024\/01\/28812-1.webp",750,517,false],"landscape":["https:\/\/imagazine.it\/wp-content\/uploads\/2024\/01\/28812-1.webp",750,517,false],"portraits":["https:\/\/imagazine.it\/wp-content\/uploads\/2024\/01\/28812-1.webp",750,517,false],"thumbnail":["https:\/\/imagazine.it\/wp-content\/uploads\/2024\/01\/28812-1-150x150.webp",150,150,true],"medium":["https:\/\/imagazine.it\/wp-content\/uploads\/2024\/01\/28812-1-300x207.webp",300,207,true],"large":["https:\/\/imagazine.it\/wp-content\/uploads\/2024\/01\/28812-1.webp",640,441,false],"thumblist":["https:\/\/imagazine.it\/wp-content\/uploads\/2024\/01\/28812-1.webp",300,207,false],"thumbrelated":["https:\/\/imagazine.it\/wp-content\/uploads\/2024\/01\/28812-1.webp",500,345,false],"meccarouselthumb":["https:\/\/imagazine.it\/wp-content\/uploads\/2024\/01\/28812-1.webp",470,324,false],"gridsquare":["https:\/\/imagazine.it\/wp-content\/uploads\/2024\/01\/28812-1.webp",377,260,false],"tileview":["https:\/\/imagazine.it\/wp-content\/uploads\/2024\/01\/28812-1.webp",300,207,false],"1536x1536":["https:\/\/imagazine.it\/wp-content\/uploads\/2024\/01\/28812-1.webp",750,517,false],"2048x2048":["https:\/\/imagazine.it\/wp-content\/uploads\/2024\/01\/28812-1.webp",750,517,false],"newsup-slider-full":["https:\/\/imagazine.it\/wp-content\/uploads\/2024\/01\/28812-1.webp",750,517,false],"newsup-featured":["https:\/\/imagazine.it\/wp-content\/uploads\/2024\/01\/28812-1.webp",750,517,false],"newsup-medium":["https:\/\/imagazine.it\/wp-content\/uploads\/2024\/01\/28812-1-720x380.webp",720,380,true],"tptn_thumbnail":["https:\/\/imagazine.it\/wp-content\/uploads\/2024\/01\/28812-1.webp",250,172,false],"sow-carousel-default":["https:\/\/imagazine.it\/wp-content\/uploads\/2024\/01\/28812-1-272x182.webp",272,182,true]},"rttpg_author":{"display_name":"redazione","author_link":"https:\/\/imagazine.it\/home_desk\/author\/redazione\/"},"rttpg_comment":0,"rttpg_category":"<a href=\"https:\/\/imagazine.it\/home_desk\/category\/attualita\/\" rel=\"category tag\">ATTUALIT\u00c0<\/a>","rttpg_excerpt":"Nominata oggi Maria Lucia Pilutti","_links":{"self":[{"href":"https:\/\/imagazine.it\/home_desk\/wp-json\/wp\/v2\/posts\/29074","targetHints":{"allow":["GET"]}}],"collection":[{"href":"https:\/\/imagazine.it\/home_desk\/wp-json\/wp\/v2\/posts"}],"about":[{"href":"https:\/\/imagazine.it\/home_desk\/wp-json\/wp\/v2\/types\/post"}],"author":[{"embeddable":true,"href":"https:\/\/imagazine.it\/home_desk\/wp-json\/wp\/v2\/users\/28"}],"replies":[{"embeddable":true,"href":"https:\/\/imagazine.it\/home_desk\/wp-json\/wp\/v2\/comments?post=29074"}],"version-history":[{"count":0,"href":"https:\/\/imagazine.it\/home_desk\/wp-json\/wp\/v2\/posts\/29074\/revisions"}],"wp:featuredmedia":[{"embeddable":true,"href":"https:\/\/imagazine.it\/home_desk\/wp-json\/wp\/v2\/media\/29075"}],"wp:attachment":[{"href":"https:\/\/imagazine.it\/home_desk\/wp-json\/wp\/v2\/media?parent=29074"}],"wp:term":[{"taxonomy":"category","embeddable":true,"href":"https:\/\/imagazine.it\/home_desk\/wp-json\/wp\/v2\/categories?post=29074"},{"taxonomy":"post_tag","embeddable":true,"href":"https:\/\/imagazine.it\/home_desk\/wp-json\/wp\/v2\/tags?post=29074"}],"curies":[{"name":"wp","href":"https:\/\/api.w.org\/{rel}","templated":true}]}}