{"id":29072,"date":"2019-03-18T00:00:00","date_gmt":"2019-03-17T23:00:00","guid":{"rendered":"https:\/\/imagazine.it\/?p=29072"},"modified":"2019-03-18T00:00:00","modified_gmt":"2019-03-17T23:00:00","slug":"ritmica-lasu-udine-ancora-sul-podio-in-italia","status":"publish","type":"post","link":"https:\/\/imagazine.it\/home_desk\/ritmica-lasu-udine-ancora-sul-podio-in-italia\/","title":{"rendered":"Ritmica, l&#8217;ASU Udine ancora sul podio in Italia"},"content":{"rendered":"<p>\u00ab<em>A nome di tutta la societ\u00e0 faccio i complimenti alle ragazze della ritmica per questo loro terzo posto<\/em>\u00bb ha dichiarato <strong>Umberto Meroni<\/strong>, vice presidente dell\u2019Asu, presente in Emilia Romagna per supportare le atlete.<\/p>\n<p><a href=\"http:\/\/imagazinevideotruck.it\/outlet\/relink.html\" target=\"_top\" rel=\"noopener\"><img loading=\"lazy\" decoding=\"async\" align=\"LEFT\" height=\"250\" src=\"http:\/\/imagazinevideotruck.it\/outlet\/outlet30.gif\" width=\"300\" alt=\"\" title=\"\"><\/a><\/p>\n<p>\u00a0<\/p>\n<p>\u00a0<\/p>\n<p>\u00a0<\/p>\n<p>\u00a0<\/p>\n<p>\u00a0<\/p>\n<p>\u00a0<\/p>\n<p>\u00a0<\/p>\n<p>\u00a0<\/p>\n<p>\u00a0<\/p>\n<p><strong>RITMICA<\/strong> &#8211; Si \u00e8 infatti concluso a Ferrara il campionato di serie A1. Per l\u2019Associazione Sportiva Udinese (<strong>Alexandra Agiurgiuculese, Ana Luisa Filiorianu, Lara Paolini, Tara Draga\u0161 <\/strong>e<strong> Beatrice Pilosio<\/strong>), con 339.400 punti totali, \u00e8 arrivata la medaglia bronzo. Secondo posto per l\u2019Armonia d\u2019Abruzzo (Alessia Russo, Eva Gherardi, Caterina Allovio, Vlada Nikolchenko) con un punteggio di 345.050; campione d\u2019Italia per la terza volta, con 366.950 punti, la Faber Fabriano (Milena Baldassarri, Talisa Torretti, Nina Corradini, Sofia Raffaeli, Karina Kuznetsova).<\/p>\n<p>\u00ab<em>Una manciata di punti e avremmo riconfermato il secondo posto dello scorso anno. Ma va bene cos\u00ec. Saremo ancora pi\u00f9 cariche per il prossimo anno&#8221;, <\/em>hanno commentato le tecniche <strong>\u0160pela Draga\u0161<\/strong> e <strong>Magda Pigano<\/strong>, in pedana assieme alla coreografa della squadra, <strong>Laura Miotti<\/strong> e al vice presidente Meroni. In quanto alle prove Draga\u0161 ha sottolineato:<em> &#8220;Ana Luisa Filiorianu ha fatto molto bene. Perfetto il suo cerchio che le \u00e8 valso 19.15 punti. Lara Paolini nei suoi due esercizi \u00e8 stata imprecisa ma non ha mai perso gli attrezzi, totalizzando con la fune 15.40 punti e con le clavette 16.60. Alexandra Agiurgiuculese si \u00e8 misurata con la palla, che aveva gi\u00e0 presentato in occasione della terza prova di campionato e che ha portato nella gara Bilaterale Italia-Azerbaijan. Alex ha fatto molto bene a Desio (19.80) ma a Ferrara \u00e8 uscita dalla pedana e ha ottenuto un punteggio di soli 17.20. Bene invece al nastro con un punteggio di 18.05<\/em>\u00bb.<\/p>\n<p>Concluso il massimo campionato di serie, ora Agiurgiuculese sar\u00e0 impegnata con la sua prima Coppa del Mondo, a Pesaro (5-7 aprile), e prima in due tornei Fig a Zagabria (29 marzo) e Lubiana (30 e 31 marzo).<\/p>\n<p><strong>GINNASTICA ARTISTICA MASCHILE<\/strong> &#8211; In pedana anche i ragazzi della ginnastica artistica maschile di Asu che si sono misurati con la seconda prova regionale allievi Gold e specialit\u00e0 Gold, alla palestra dell&#39;Artistica 81 Trieste. \u00ab<em>I due giovani allievi <strong>Fabio Orlandini<\/strong> e <strong>Lorenzo Facchini<\/strong> sono arrivati rispettivamente primo e al secondo nella classifica finale. Per gli specialisti gold, <strong>Carlo Magliocchetti, Andrea Basana, Riccardo Bertossi<\/strong> hanno portato a casa diversi podi<\/em>\u00bb ha evidenziato il tecnico <strong>Francesco Braidot<\/strong>.<\/p>\n<p><strong>GINNASTICA ARTISTICA FEMMINILE<\/strong> &#8211; A Trieste c&#39;erano anche le atlete della ginnastica artistica femminile di Asu. \u00ab<strong><em>Giulia Graci<\/em><\/strong><em> si \u00e8 classificata prima nella categoria senior 2 Ld; mentre <strong>Aurora Zamolo <\/strong>e <strong>Annamaria Apetrei<\/strong>, nella categoria junior 1 Ld sono arrivate rispettivamente prima e seconda<\/em>\u00bb, ha ricordato l&#39;allenatrice <strong>Giulia Mazzetto<\/strong>. Le allieve del livello La 1, invece, sono state impegnate a Villa Santina. <strong>Matilde Pascolini, Rebecca Cainero, Siria Domeneghetti, Benedetta Strizzolo, Ginevra Piani<\/strong>, tutte individualiste, hanno conquistato diversi podi.<\/p>\n","protected":false},"excerpt":{"rendered":"<p>Concluso il campionato di Serie A1<\/p>\n","protected":false},"author":28,"featured_media":29073,"comment_status":"closed","ping_status":"closed","sticky":false,"template":"","format":"standard","meta":{"dwc-title":[],"dwc-content":[],"footnotes":""},"categories":[38],"tags":[],"class_list":["post-29072","post","type-post","status-publish","format-standard","has-post-thumbnail","hentry","category-sport"],"rttpg_featured_image_url":{"full":["https:\/\/imagazine.it\/wp-content\/uploads\/2024\/01\/28809-1.webp",750,484,false],"landscape":["https:\/\/imagazine.it\/wp-content\/uploads\/2024\/01\/28809-1.webp",750,484,false],"portraits":["https:\/\/imagazine.it\/wp-content\/uploads\/2024\/01\/28809-1.webp",750,484,false],"thumbnail":["https:\/\/imagazine.it\/wp-content\/uploads\/2024\/01\/28809-1-150x150.webp",150,150,true],"medium":["https:\/\/imagazine.it\/wp-content\/uploads\/2024\/01\/28809-1-300x194.webp",300,194,true],"large":["https:\/\/imagazine.it\/wp-content\/uploads\/2024\/01\/28809-1.webp",640,413,false],"thumblist":["https:\/\/imagazine.it\/wp-content\/uploads\/2024\/01\/28809-1.webp",300,194,false],"thumbrelated":["https:\/\/imagazine.it\/wp-content\/uploads\/2024\/01\/28809-1.webp",500,323,false],"meccarouselthumb":["https:\/\/imagazine.it\/wp-content\/uploads\/2024\/01\/28809-1.webp",474,306,false],"gridsquare":["https:\/\/imagazine.it\/wp-content\/uploads\/2024\/01\/28809-1.webp",391,252,false],"tileview":["https:\/\/imagazine.it\/wp-content\/uploads\/2024\/01\/28809-1.webp",300,194,false],"1536x1536":["https:\/\/imagazine.it\/wp-content\/uploads\/2024\/01\/28809-1.webp",750,484,false],"2048x2048":["https:\/\/imagazine.it\/wp-content\/uploads\/2024\/01\/28809-1.webp",750,484,false],"newsup-slider-full":["https:\/\/imagazine.it\/wp-content\/uploads\/2024\/01\/28809-1.webp",750,484,false],"newsup-featured":["https:\/\/imagazine.it\/wp-content\/uploads\/2024\/01\/28809-1.webp",750,484,false],"newsup-medium":["https:\/\/imagazine.it\/wp-content\/uploads\/2024\/01\/28809-1-720x380.webp",720,380,true],"tptn_thumbnail":["https:\/\/imagazine.it\/wp-content\/uploads\/2024\/01\/28809-1.webp",250,161,false],"sow-carousel-default":["https:\/\/imagazine.it\/wp-content\/uploads\/2024\/01\/28809-1-272x182.webp",272,182,true]},"rttpg_author":{"display_name":"redazione","author_link":"https:\/\/imagazine.it\/home_desk\/author\/redazione\/"},"rttpg_comment":0,"rttpg_category":"<a href=\"https:\/\/imagazine.it\/home_desk\/category\/sport\/\" rel=\"category tag\">SPORT<\/a>","rttpg_excerpt":"Concluso il campionato di Serie A1","_links":{"self":[{"href":"https:\/\/imagazine.it\/home_desk\/wp-json\/wp\/v2\/posts\/29072","targetHints":{"allow":["GET"]}}],"collection":[{"href":"https:\/\/imagazine.it\/home_desk\/wp-json\/wp\/v2\/posts"}],"about":[{"href":"https:\/\/imagazine.it\/home_desk\/wp-json\/wp\/v2\/types\/post"}],"author":[{"embeddable":true,"href":"https:\/\/imagazine.it\/home_desk\/wp-json\/wp\/v2\/users\/28"}],"replies":[{"embeddable":true,"href":"https:\/\/imagazine.it\/home_desk\/wp-json\/wp\/v2\/comments?post=29072"}],"version-history":[{"count":0,"href":"https:\/\/imagazine.it\/home_desk\/wp-json\/wp\/v2\/posts\/29072\/revisions"}],"wp:featuredmedia":[{"embeddable":true,"href":"https:\/\/imagazine.it\/home_desk\/wp-json\/wp\/v2\/media\/29073"}],"wp:attachment":[{"href":"https:\/\/imagazine.it\/home_desk\/wp-json\/wp\/v2\/media?parent=29072"}],"wp:term":[{"taxonomy":"category","embeddable":true,"href":"https:\/\/imagazine.it\/home_desk\/wp-json\/wp\/v2\/categories?post=29072"},{"taxonomy":"post_tag","embeddable":true,"href":"https:\/\/imagazine.it\/home_desk\/wp-json\/wp\/v2\/tags?post=29072"}],"curies":[{"name":"wp","href":"https:\/\/api.w.org\/{rel}","templated":true}]}}